

{"id":2369,"date":"2021-03-23T17:06:02","date_gmt":"2021-03-23T20:06:02","guid":{"rendered":"https:\/\/siteshom.goias.gov.br\/goiasparcerias\/nova-rmtc\/"},"modified":"2026-01-27T16:11:21","modified_gmt":"2026-01-27T19:11:21","slug":"nova-rmtc","status":"publish","type":"post","link":"https:\/\/goias.gov.br\/goiasparcerias\/nova-rmtc\/","title":{"rendered":"Nova RMTC"},"content":{"rendered":"<table style=\"width: 100%;\" border=\"1\" cellspacing=\"1\" cellpadding=\"1\">\n<tbody>\n<tr>\n<td><strong>Objeto: <\/strong>Apoio regulat\u00f3rio para reestrutura\u00e7\u00e3o dos contratos de concess\u00e3o do\u00a0Sistema Integrado de Transporte da Rede Metropolitana de Transporte\u00a0Coletivo da Grande Goi\u00e2nia \u2013 SIT\/RMTC.<\/td>\n<\/tr>\n<tr>\n<td><strong>Descri\u00e7\u00e3o:\u00a0<\/strong>A Lei Complementar n\u00ba 187\/2023 autorizou a reorganiza\u00e7\u00e3o da presta\u00e7\u00e3o dos servi\u00e7os de transporte\u00a0p\u00fablico coletivo do Sistema Integrado de Transporte da Rede Metropolitana de Transporte\u00a0Coletivo da Grande Goi\u00e2nia \u2013 SIT\/RMTC como medida para promover a efici\u00eancia e a\u00a0moderniza\u00e7\u00e3o da opera\u00e7\u00e3o desse sistema.<\/td>\n<\/tr>\n<tr>\n<td><strong>\u00d3rg\u00e3os envolvidos<\/strong>:\u00a0Metrobus, Secretaria-Geral de Governo de Goi\u00e1s (SGG), Goi\u00e1s Parcerias e Secretaria de Estado da Economia.<\/td>\n<\/tr>\n<\/tbody>\n<\/table>\n<table style=\"width: 100%;\" border=\"1\" cellspacing=\"1\" cellpadding=\"1\">\n<tbody>\n<tr>\n<td><strong>Setor:\u00a0<\/strong>Mobilidade Urbana<\/td>\n<\/tr>\n<tr>\n<td><strong>Modelo<\/strong>:\u00a0Por interm\u00e9dio da Lei Complementar n\u00ba 187\/2023 foi autorizada a reestrutura\u00e7\u00e3o dos contratos de concess\u00e3o do SIT\/RMTC em vigor decorrentes do Edital de Concorr\u00eancia CMTC n\u00ba 01\/2007, e na regulamenta\u00e7\u00e3o expedida pela Delibera\u00e7\u00e3o n\u00ba 09\/2023 e 10\/2023 da C\u00e2mara Deliberativa de Transportes Coletivos &#8211; CDTC.<\/td>\n<\/tr>\n<tr>\n<td><strong>Capex: <\/strong>N\u00e3o aplic\u00e1vel<\/td>\n<\/tr>\n<tr>\n<td><strong>Prazo: <\/strong>Prorroga\u00e7\u00e3o do prazo da concess\u00e3o por mais 20 (vinte) anos, acrescido do prazo remanescente da concess\u00e3o.<\/td>\n<\/tr>\n<tr>\n<td><strong>Outorga:\u00a0<\/strong>N\u00e3o h\u00e1 outorga, pois feita a reorganiza\u00e7\u00e3o da presta\u00e7\u00e3o dos servi\u00e7os de transporte p\u00fablico coletivo do Sistema Integrado de Transporte da Rede Metropolitana de Transporte Coletivo da Grande Goi\u00e2nia \u2013 SIT\/RMTC, como medida para promover a efici\u00eancia e a moderniza\u00e7\u00e3o da opera\u00e7\u00e3o desse sistema.<\/td>\n<\/tr>\n<tr>\n<td><strong>\u00daltimas atualiza\u00e7\u00f5es: <\/strong>Delibera\u00e7\u00e3o n\u00ba 10\/2023, que regulamenta as primeiras medidas para a implementa\u00e7\u00e3o do projeto.<\/td>\n<\/tr>\n<\/tbody>\n<\/table>\n<table style=\"width: 100%;\" border=\"1\" cellspacing=\"1\" cellpadding=\"1\">\n<tbody>\n<tr>\n<td><strong>Anexos:<\/strong><a id=\"\" title=\"\" href=\"https:\/\/goias.gov.br\/goiasparcerias\/wp-content\/uploads\/sites\/37\/2021\/03\/Deliberacao_10.2023__1_-4b1.pdf\" target=\"\" rel=\"noopener\">Delibera\u00e7\u00e3o n\u00ba 10\/2023 &#8211; Regulamenta as primeiras medidas para a implementa\u00e7\u00e3o do projeto Nova RMTC<\/a><\/p>\n<p><a id=\"\" title=\"\" href=\"https:\/\/goias.gov.br\/goiasparcerias\/wp-content\/uploads\/sites\/37\/2021\/03\/Deliberacao_09.2023__1_-5cb.pdf\" target=\"\" rel=\"noopener\">Delibera\u00e7\u00e3o n\u00ba 09\/2023 &#8211; Reestrutura e amplia o projeto Nova RMTC<\/a><\/p>\n<p><a id=\"\" title=\"\" href=\"https:\/\/goias.gov.br\/goiasparcerias\/wp-content\/uploads\/sites\/37\/2021\/03\/LeiComplementar187-65e.pdf\" target=\"\" rel=\"noopener\">Lei Complementar n\u00ba 187, de 6 de outubro de 2023 &#8211; Autoriza a reorganiza\u00e7\u00e3o da presta\u00e7\u00e3o dos\u00a0servi\u00e7os de transporte p\u00fablico coletivo do Sistema Integrado de Transporte da Rede\u00a0Metropolitana de Transporte Coletivo da\u00a0Grande Goi\u00e2nia.<\/a><\/td>\n<\/tr>\n<\/tbody>\n<\/table>\n","protected":false},"excerpt":{"rendered":"<p>Objeto: Apoio regulat\u00f3rio para reestrutura\u00e7\u00e3o dos contratos de concess\u00e3o do\u00a0Sistema Integrado de Transporte da Rede Metropolitana de Transporte\u00a0Coletivo da Grande Goi\u00e2nia \u2013 SIT\/RMTC. Descri\u00e7\u00e3o:\u00a0A Lei Complementar n\u00ba 187\/2023 autorizou a reorganiza\u00e7\u00e3o da presta\u00e7\u00e3o dos servi\u00e7os de transporte\u00a0p\u00fablico coletivo do Sistema Integrado de Transporte da Rede Metropolitana de Transporte\u00a0Coletivo da Grande Goi\u00e2nia \u2013 SIT\/RMTC como medida [&hellip;]<\/p>\n","protected":false},"author":740,"featured_media":0,"comment_status":"closed","ping_status":"open","sticky":false,"template":"","format":"standard","meta":{"footnotes":""},"categories":[26],"tags":[],"class_list":["post-2369","post","type-post","status-publish","format-standard","hentry","category-institucional"],"rttpg_featured_image_url":null,"rttpg_author":{"display_name":"mateusbeneti","author_link":"https:\/\/goias.gov.br\/goiasparcerias\/author\/mateusbeneti\/"},"rttpg_comment":0,"rttpg_category":"<a href=\"https:\/\/goias.gov.br\/goiasparcerias\/categoria\/institucional\/\" rel=\"category tag\">Institucional<\/a>","rttpg_excerpt":"Objeto: Apoio regulat\u00f3rio para reestrutura\u00e7\u00e3o dos contratos de concess\u00e3o do\u00a0Sistema Integrado de Transporte da Rede Metropolitana de Transporte\u00a0Coletivo da Grande Goi\u00e2nia \u2013 SIT\/RMTC. Descri\u00e7\u00e3o:\u00a0A Lei Complementar n\u00ba 187\/2023 autorizou a reorganiza\u00e7\u00e3o da presta\u00e7\u00e3o dos servi\u00e7os de transporte\u00a0p\u00fablico coletivo do Sistema Integrado de Transporte da Rede Metropolitana de Transporte\u00a0Coletivo da Grande Goi\u00e2nia \u2013 SIT\/RMTC como medida&hellip;","_links":{"self":[{"href":"https:\/\/goias.gov.br\/goiasparcerias\/wp-json\/wp\/v2\/posts\/2369","targetHints":{"allow":["GET"]}}],"collection":[{"href":"https:\/\/goias.gov.br\/goiasparcerias\/wp-json\/wp\/v2\/posts"}],"about":[{"href":"https:\/\/goias.gov.br\/goiasparcerias\/wp-json\/wp\/v2\/types\/post"}],"author":[{"embeddable":true,"href":"https:\/\/goias.gov.br\/goiasparcerias\/wp-json\/wp\/v2\/users\/740"}],"replies":[{"embeddable":true,"href":"https:\/\/goias.gov.br\/goiasparcerias\/wp-json\/wp\/v2\/comments?post=2369"}],"version-history":[{"count":2,"href":"https:\/\/goias.gov.br\/goiasparcerias\/wp-json\/wp\/v2\/posts\/2369\/revisions"}],"predecessor-version":[{"id":25392,"href":"https:\/\/goias.gov.br\/goiasparcerias\/wp-json\/wp\/v2\/posts\/2369\/revisions\/25392"}],"wp:attachment":[{"href":"https:\/\/goias.gov.br\/goiasparcerias\/wp-json\/wp\/v2\/media?parent=2369"}],"wp:term":[{"taxonomy":"category","embeddable":true,"href":"https:\/\/goias.gov.br\/goiasparcerias\/wp-json\/wp\/v2\/categories?post=2369"},{"taxonomy":"post_tag","embeddable":true,"href":"https:\/\/goias.gov.br\/goiasparcerias\/wp-json\/wp\/v2\/tags?post=2369"}],"curies":[{"name":"wp","href":"https:\/\/api.w.org\/{rel}","templated":true}]}}