

{"id":1240,"date":"2018-07-23T10:24:33","date_gmt":"2018-07-23T13:24:33","guid":{"rendered":"https:\/\/siteshom.goias.gov.br\/goiasparcerias\/cargos-e-seus-ocupantes\/"},"modified":"2026-04-24T10:24:18","modified_gmt":"2026-04-24T13:24:18","slug":"cargos-e-seus-ocupantes","status":"publish","type":"post","link":"https:\/\/goias.gov.br\/goiasparcerias\/cargos-e-seus-ocupantes\/","title":{"rendered":"Cargos e seus ocupantes"},"content":{"rendered":"<h2>Companhia de Investimentos e Parcerias do Estado de Goi\u00e1s &#8211; Diretoria Executiva<\/h2>\n<p><b>Presid\u00eancia &#8211; Diretor Presidente <\/b><br \/>\n<i>Alan Farias Tavares &#8211;<\/i> Mandato: 13\/04\/2026 a 12\/04\/2028<br \/>\nPal\u00e1cio Pedro Ludovico Teixeira &#8211; Rua 82, n\u00ba 400, 3\u00ba andar, Setor Central<br \/>\nGoi\u00e2nia-GO &#8211; CEP: 74015-908<br \/>\nE-mail: <a href=\"https:\/\/presidencia.goiasparcerias@goias.gov.br\">presidencia.goiasparcerias@goias.gov.br<\/a><br \/>\nTel.: 55 (62) 3201-5315\/ (62) 99942-3918<br \/>\nSEI: 12382<br \/>\n<a href=\"https:\/\/goias.gov.br\/goiasparcerias\/presidente-5\/\">Curr\u00edculo Profissional<\/a><\/p>\n<p><strong>Chefia de Gabinete\u00a0<\/strong><br \/>\n<em>Jorge Luiz Ramos Caiado J\u00fanior <\/em>&#8211; Mandato: n\u00e3o aplic\u00e1vel<br \/>\nPal\u00e1cio Pedro Ludovico Teixeira &#8211; Rua 82, n\u00ba 400, 3\u00ba andar, Setor Central<br \/>\nGoi\u00e2nia-GO &#8211; CEP: 74015-908<br \/>\nE-mail:\u00a0<a href=\"mailto:jorge.caiado@goias.gov.br\" target=\"_blank\" rel=\"noopener\">jorge.caiado@goias.gov.br<\/a><br \/>\nTel.: 55 (62) 3201-5315<br \/>\nSEI: 12388<br \/>\nCurr\u00edculo Profissional<\/p>\n<p><strong>Diretoria Administrativa, de Regula\u00e7\u00e3o e Governan\u00e7a\u00a0<\/strong><b>\u00a0<\/b><br \/>\n<em>Maxu\u00ealo Braz de Paula\u00a0&#8211; <\/em>Mandato: 27\/12\/2024 a 26\/12\/2026<br \/>\nPal\u00e1cio Pedro Ludovico Teixeira &#8211; Rua 82, n\u00ba 400, 3\u00ba andar, Setor Central<br \/>\nGoi\u00e2nia-GO &#8211; CEP: 74015-908<br \/>\nE-mail: <a href=\"https:\/\/maxuelo.paula@goias.gov.br\">maxuelo.paula@goias.gov.br<\/a><br \/>\nTel.: 55 (62) 3997-0503<br \/>\nSEI:18723<br \/>\n<a href=\"https:\/\/goias.gov.br\/goiasparcerias\/maxuelo-braz-de-paula\/\">Curr\u00edculo Profissional<\/a><\/p>\n<p><strong>Diretoria Financeira, de Rela\u00e7\u00e3o com Investidores e Novos Neg\u00f3cios\u00a0<\/strong><br \/>\n<em>Paula de Melo Pontes Almeida <\/em>&#8211; Mandato: 14\/06\/2024 a 13\/06\/2026<br \/>\nPal\u00e1cio Pedro Ludovico Teixeira &#8211; Rua 82, n\u00ba 400, 3\u00ba andar, Setor Central<br \/>\nGoi\u00e2nia-GO &#8211; CEP: 74015-908<br \/>\nE-mail: paula.palmeida@goias.gov.br<br \/>\nTel.: 55 (62) 3997-0503<br \/>\nSEI: 12383<br \/>\n<a href=\"https:\/\/goias.gov.br\/goiasparcerias\/paula-de-melo-pontes-almeida\/\">Curr\u00edculo Profissional<\/a><\/p>\n<p><strong>Diretoria T\u00e9cnica\u00a0<\/strong><br \/>\n<i>Heitor Dias Camargo &#8211; <\/i>Mandato: 04\/05\/2025 a 03\/05\/2027<br \/>\nPal\u00e1cio Pedro Ludovico Teixeira &#8211; Rua 82, n\u00ba 400, 3\u00ba andar, Setor Central<br \/>\nGoi\u00e2nia-GO &#8211; CEP: 74015-908<br \/>\nE-mail: <a href=\"mailto:heitor.camargo@goias.gov.br\">heitor.camargo@goias.gov.br<\/a><br \/>\nTel.: 55 (62) 3997-0502<br \/>\nSEI: 12384<br \/>\n<a href=\"https:\/\/goias.gov.br\/goiasparcerias\/heitor-dias-camargo\/\">Curr\u00edculo Profissional<\/a><\/p>\n<h2>Conselho de Administra\u00e7\u00e3o<\/h2>\n<p><strong>Presid\u00eancia<\/strong><br \/>\n<em>Adryanna Leonor Melo de Oliveira Caiado &#8211; <\/em>Mandato: 16\/06\/2025 a 15\/06\/2027<br \/>\nE-mail: <a href=\"https:\/\/diretoria.geral@ovg.org.br\">diretoria.geral@ovg.org.br<\/a><br \/>\nRua T-14, N\u00ba 249, Setor Bueno<br \/>\nGoi\u00e2nia-GO &#8211;\u00a0CEP 74.230-130<br \/>\nTel.: 55 (62) 3201-9419<br \/>\nSEI: 17221<br \/>\n<a href=\"https:\/\/goias.gov.br\/goiasparcerias\/adryanna-leonor-melo-de-oliveira-caiado\/\">Curr\u00edculo Profissional\u00a0<\/a><\/p>\n<p><strong>Conselheiros<\/strong><\/p>\n<p><em>Alan Farias Tavares &#8211;<\/em> Mandato: 13\/04\/2026 a 12\/04\/2028<br \/>\nPal\u00e1cio Pedro Ludovico Teixeira &#8211; Rua 82, n\u00ba 400, 3\u00ba andar, Setor Central<br \/>\nGoi\u00e2nia-GO &#8211; CEP: 74015-908<br \/>\nE-mail: <a href=\"https:\/\/diretoria.geral@ovg.org.br\">p<\/a><a href=\"presidencia.goiasparcerias@goias.gov.br\">residencia.goiasparcerias@goias.gov.br<\/a><br \/>\nTel.: 55 (62) 3201-5396<br \/>\nSEI: 12382<br \/>\nCurr\u00edculo Profissional<\/p>\n<p><em>Fab\u00edola Ariadne Rodrigues Oliveira &#8211;<\/em> Mandato: 13\/04\/2026 a 12\/04\/2028<br \/>\nPal\u00e1cio Pedro Ludovico Teixeira &#8211; Rua 82, n\u00ba 400, 3\u00ba andar, Setor Central<br \/>\nGoi\u00e2nia-GO &#8211; CEP: 74015-908<br \/>\nE-mail: <a href=\"mailto:fabiola.roliveira@goias.gov.br\">fabiola.roliveira@goias.gov.br<\/a><br \/>\nTel.: 55 (62) 3201-5396<br \/>\nSEI: 12382<br \/>\n<a href=\"https:\/\/goias.gov.br\/goiasparcerias\/fabiola-ariadne\/\">Curr\u00edculo Profissional<\/a><\/p>\n<p><em>N\u00e1dia\u00a0Prado Rocha Bueno &#8211;<\/em> Mandato: 19\/03\/2026 a 18\/03\/2028<br \/>\nPal\u00e1cio Pedro Ludovico Teixeira &#8211; Rua 82, n\u00ba 400, 3\u00ba andar, Setor Central<br \/>\nGoi\u00e2nia-GO &#8211; CEP: 74015-908<br \/>\nE-mail: <a href=\"mailto:presidencia.goiasparcerias@goias.gov.br\">presidencia.goiasparcerias@goias.gov.br<\/a><br \/>\nTel.: 55 (62) 3201-5315<br \/>\nSEI: 12382<br \/>\n<a href=\"https:\/\/goias.gov.br\/goiasparcerias\/nadia-prado-rocha-bueno\/\">Curr\u00edculo Profissional<\/a><\/p>\n<p><i>Nat\u00e1lia Caliman Vieira &#8211;\u00a0<\/i>Mandato: 01\/08\/2024 a 31\/07\/2026<br \/>\nPal\u00e1cio Pedro Ludovico Teixeira &#8211; Rua 82, n\u00ba 400, 3\u00ba andar, Setor Central<br \/>\nGoi\u00e2nia-GO &#8211; CEP: 74015-908<br \/>\nE-mail: <a href=\"mailto:presidencia.goiasparcerias@goias.gov.br\">presidencia.goiasparcerias@goias.gov.br<\/a><br \/>\nTel.: 55 (62) 3201-5315<br \/>\nSEI: 12382<br \/>\n<a href=\"https:\/\/goias.gov.br\/goiasparcerias\/natalia-caliman-vieira\/\">Curr\u00edculo Profissional<\/a><\/p>\n<p><em>Ronan Abreu Reis &#8211;\u00a0<\/em>Mandato: 23\/01\/2025 a 22\/01\/2027<br \/>\nPal\u00e1cio Pedro Ludovico Teixeira &#8211; Rua 82, n\u00ba 400, 3\u00ba andar, Setor Central<br \/>\nGoi\u00e2nia-GO &#8211; CEP: 74015-908<br \/>\nE-mail: <a href=\"mailto:presidencia.goiasparcerias@goias.gov.br\">presidencia.goiasparcerias@goias.gov.br<\/a><br \/>\nTel.: 55 (62) 3201-5315<br \/>\nSEI: 12382<br \/>\n<a href=\"https:\/\/goias.gov.br\/goiasparcerias\/ronan-abreu-reis\/\">Curr\u00edculo Profissional<\/a><\/p>\n<p><em>Rudson Rosa Guerra &#8211; <\/em>Mandato: 13\/04\/2026 a 12\/04\/2028<br \/>\nPal\u00e1cio Pedro Ludovico Teixeira &#8211; Rua 82, n\u00ba 400, 3\u00ba andar, Setor Central<br \/>\nGoi\u00e2nia-GO &#8211; CEP: 74015-908<br \/>\nE-mail: \u00a0<a href=\"mailto:rudson.guerra@goias.gov.br\">rudson.guerra@goias.gov.br<\/a><br \/>\nTel.: 55 (62) 3201-5315<br \/>\nSEI: 12382<br \/>\n<a href=\"https:\/\/goias.gov.br\/goiasparcerias\/rudson-guerra\/\">Curr\u00edculo Profissional<\/a><\/p>\n<h2>Conselho Fiscal<\/h2>\n<p><em>Francisco Ant\u00f4nio Caldas Andrade Pinto &#8211;\u00a0<\/em>Mandato: 17\/08\/2025 a 16\/08\/2027<br \/>\nRua Patriarca, 299 Vila Regina<br \/>\nGoi\u00e2nia\u2013GO &#8211;\u00a0CEP: 74.456-610<br \/>\nE-mail: <a href=\"mailto:presidencia@metrobus.go.gov.br\">presidencia@metrobus.go.gov.br<\/a><br \/>\nTel.: 55 (62) 3269-2075<br \/>\nSEI: 19656<br \/>\n<a href=\"https:\/\/goias.gov.br\/goiasparcerias\/francisco-antonio-caldas-andrade-pinto\/\">Curr\u00edculo Profissional<\/a><\/p>\n<p><em>S\u00e9rgio Alberto Cunha Vencio &#8211;<\/em> Mandato: 31\/01\/2025 a 30\/01\/2027<br \/>\nAv. SC 1, 299 &#8211; Parque Santa Cruz<br \/>\nGoi\u00e2nia &#8211; GO &#8211; CEP: 74860-260<br \/>\nE-mail: <a href=\"https:\/\/bruno.dabadia@goias.gov.br\">secretaria.adjunta@goias.gov.br<\/a><br \/>\nTel.: 55 (62) 3201-3838<br \/>\nSEI: 3076 \/ 9359<br \/>\n<a href=\"https:\/\/goias.gov.br\/goiasparcerias\/sergio-alberto-cunha-vencio\/\">Curr\u00edculo Profissional<\/a><\/p>\n<p><em>Wellington Matos de Lima &#8211;\u00a0<\/em>Mandato: 01\/08\/2024 a 31\/07\/2026<br \/>\nPra\u00e7a Dr. Pedro Ludovico Teixeira, 332 &#8211; St. Central<br \/>\nGoi\u00e2nia &#8211; GO &#8211; CEP:\u00a074083-010<br \/>\nE-mail:\u00a0<a href=\"mailto:gabinete.seds@goias.gov.br\">gabinete.seds@goias.gov.br<\/a><br \/>\nTel.: 55 \u00a0(62)\u00a03201-8058<br \/>\nSEI: 10574<br \/>\n<a href=\"https:\/\/goias.gov.br\/goiasparcerias\/wellington-matos-de-lima\/\">Curr\u00edculo Profissional<\/a><\/p>\n","protected":false},"excerpt":{"rendered":"<p>Companhia de Investimentos e Parcerias do Estado de Goi\u00e1s &#8211; Diretoria Executiva Presid\u00eancia &#8211; Diretor Presidente Alan Farias Tavares &#8211; Mandato: 13\/04\/2026 a 12\/04\/2028 Pal\u00e1cio Pedro Ludovico Teixeira &#8211; Rua 82, n\u00ba 400, 3\u00ba andar, Setor Central Goi\u00e2nia-GO &#8211; CEP: 74015-908 E-mail: presidencia.goiasparcerias@goias.gov.br Tel.: 55 (62) 3201-5315\/ (62) 99942-3918 SEI: 12382 Curr\u00edculo Profissional Chefia de [&hellip;]<\/p>\n","protected":false},"author":47,"featured_media":0,"comment_status":"closed","ping_status":"open","sticky":false,"template":"","format":"standard","meta":{"footnotes":""},"categories":[26],"tags":[],"class_list":["post-1240","post","type-post","status-publish","format-standard","hentry","category-institucional"],"rttpg_featured_image_url":null,"rttpg_author":{"display_name":"carolinaam","author_link":"https:\/\/goias.gov.br\/goiasparcerias\/author\/carolinaam\/"},"rttpg_comment":0,"rttpg_category":"<a href=\"https:\/\/goias.gov.br\/goiasparcerias\/categoria\/institucional\/\" rel=\"category tag\">Institucional<\/a>","rttpg_excerpt":"Companhia de Investimentos e Parcerias do Estado de Goi\u00e1s &#8211; Diretoria Executiva Presid\u00eancia &#8211; Diretor Presidente Alan Farias Tavares &#8211; Mandato: 13\/04\/2026 a 12\/04\/2028 Pal\u00e1cio Pedro Ludovico Teixeira &#8211; Rua 82, n\u00ba 400, 3\u00ba andar, Setor Central Goi\u00e2nia-GO &#8211; CEP: 74015-908 E-mail: presidencia.goiasparcerias@goias.gov.br Tel.: 55 (62) 3201-5315\/ (62) 99942-3918 SEI: 12382 Curr\u00edculo Profissional Chefia de&hellip;","_links":{"self":[{"href":"https:\/\/goias.gov.br\/goiasparcerias\/wp-json\/wp\/v2\/posts\/1240","targetHints":{"allow":["GET"]}}],"collection":[{"href":"https:\/\/goias.gov.br\/goiasparcerias\/wp-json\/wp\/v2\/posts"}],"about":[{"href":"https:\/\/goias.gov.br\/goiasparcerias\/wp-json\/wp\/v2\/types\/post"}],"author":[{"embeddable":true,"href":"https:\/\/goias.gov.br\/goiasparcerias\/wp-json\/wp\/v2\/users\/47"}],"replies":[{"embeddable":true,"href":"https:\/\/goias.gov.br\/goiasparcerias\/wp-json\/wp\/v2\/comments?post=1240"}],"version-history":[{"count":2,"href":"https:\/\/goias.gov.br\/goiasparcerias\/wp-json\/wp\/v2\/posts\/1240\/revisions"}],"predecessor-version":[{"id":29923,"href":"https:\/\/goias.gov.br\/goiasparcerias\/wp-json\/wp\/v2\/posts\/1240\/revisions\/29923"}],"wp:attachment":[{"href":"https:\/\/goias.gov.br\/goiasparcerias\/wp-json\/wp\/v2\/media?parent=1240"}],"wp:term":[{"taxonomy":"category","embeddable":true,"href":"https:\/\/goias.gov.br\/goiasparcerias\/wp-json\/wp\/v2\/categories?post=1240"},{"taxonomy":"post_tag","embeddable":true,"href":"https:\/\/goias.gov.br\/goiasparcerias\/wp-json\/wp\/v2\/tags?post=1240"}],"curies":[{"name":"wp","href":"https:\/\/api.w.org\/{rel}","templated":true}]}}