

{"id":91105,"date":"2026-02-27T18:20:03","date_gmt":"2026-02-27T21:20:03","guid":{"rendered":"https:\/\/goias.gov.br\/fapeg\/?p=91105"},"modified":"2026-02-27T18:20:03","modified_gmt":"2026-02-27T21:20:03","slug":"primeira-reuniao-do-consup-da-fapeg-de-2026-discute-pautas-para-o-avanco-da-cti-em-goias-e-faz-balanco-de-acoes-de-2025","status":"publish","type":"post","link":"https:\/\/goias.gov.br\/fapeg\/primeira-reuniao-do-consup-da-fapeg-de-2026-discute-pautas-para-o-avanco-da-cti-em-goias-e-faz-balanco-de-acoes-de-2025\/","title":{"rendered":"Primeira reuni\u00e3o do Consup da Fapeg de 2026 discute pautas para o avan\u00e7o da CT&amp;I em Goi\u00e1s e faz balan\u00e7o de a\u00e7\u00f5es de 2025"},"content":{"rendered":"\n<p><em>O encontro aconteceu no polo Goi\u00e2nia da UniEvang\u00e9lica e entre os temas tratados est\u00e3o a presta\u00e7\u00f5es de contas de 2025, expectativas e execu\u00e7\u00f5es or\u00e7ament\u00e1rias e novos editais e conv\u00eanios<\/em><\/p>\n\n\n\n<p>A primeira reuni\u00e3o ordin\u00e1ria de 2026 do Conselho Superior da Funda\u00e7\u00e3o de Amparo \u00e0 Pesquisa do Estado de Goi\u00e1s (Fapeg) foi realizada nesta sexta-feira, 27, no polo Goi\u00e2nia da Universidade Evang\u00e9lica de Goi\u00e1s (UniEvang\u00e9lica). Conduzido pelo presidente Marcos Arriel, o encontro tratou de temas estrat\u00e9gicos para o avan\u00e7o da ci\u00eancia, tecnologia e inova\u00e7\u00e3o em Goi\u00e1s, incluindo aprova\u00e7\u00e3o de novos conv\u00eanios e editais, execu\u00e7\u00e3o e perspectivas or\u00e7ament\u00e1rias para 2026 e presta\u00e7\u00f5es de contas de 2025, ano em que a institui\u00e7\u00e3o celebrou os 20 anos de cria\u00e7\u00e3o, promovendo atividades comemorativas que refor\u00e7aram seu papel estrat\u00e9gico no Sistema Estadual de Ci\u00eancia, Tecnologia e Inova\u00e7\u00e3o.<\/p>\n\n\n\n<p>O anfitri\u00e3o da reuni\u00e3o, o ex-conselheiro do Consup, pr\u00f3-reitor de P\u00f3s-Gradua\u00e7\u00e3o, Pesquisa, Extens\u00e3o e A\u00e7\u00e3o Comunit\u00e1ria da UniEvang\u00e9lica, Sandro Dutra, representando o reitor Carlos Hassel, deu as boas-vindas e destacou a import\u00e2ncia da Fapeg e do Consup para o fortalecimento da CT&amp;I em Goi\u00e1s e para o crescimento da UniEvang\u00e9lica, cujo apoio foi decisivo para consolida\u00e7\u00e3o da institui\u00e7\u00e3o, que deixou de ser um Centro Universit\u00e1rio e alcan\u00e7ando o patamar de Universidade.<\/p>\n\n\n\n<p>Arriel abriu a reuni\u00e3o dando as boas-vindas e destacando que, desde 2019, o Governo de Goi\u00e1s passou a priorizar a CT&amp;I como eixo central das pol\u00edticas p\u00fablicas, fortalecendo significativamente a atua\u00e7\u00e3o da Fapeg ano a ano. Segundo ele, entre 2019 e 2025, a dota\u00e7\u00e3o or\u00e7ament\u00e1ria da Funda\u00e7\u00e3o foi duas vezes e meia maior que no per\u00edodo de 2005 a 2018, e mais que triplicou a partir de 2023. Atualmente a Fapeg \u00e9 respons\u00e1vel por mais de 40% dos investimentos em ci\u00eancia, tecnologia e inova\u00e7\u00e3o e se tornou a principal fomentadora ao ecossistema em Goi\u00e1s gra\u00e7as \u00e0 proativa gest\u00e3o coletiva da institui\u00e7\u00e3o para a execu\u00e7\u00e3o or\u00e7ament\u00e1ria e para a capta\u00e7\u00e3o de novos recursos junto a parceiros institucionais e fontes externas ao tesouro estadual, ampliando os investimentos aplicados em CT&amp;I e fortalecendo o ecossistema cient\u00edfico e inovador do Estado de Goi\u00e1s, ressaltou Arriel. Por meio de gr\u00e1ficos, Arriel apresentou o crescimento do or\u00e7amento proveniente do Tesouro destinado ao fomento \u00e0 CTI e a execu\u00e7\u00e3o de 100% deste or\u00e7amento no ano passado.<\/p>\n\n\n\n<p>Em 2025, o or\u00e7amento total da Fapeg &#8211; somando recursos do Tesouro, transfer\u00eancia de dota\u00e7\u00e3o or\u00e7ament\u00e1ria, conv\u00eanios e parcerias &#8211; foi de R$ 138.476.221. Para 2026, a previs\u00e3o \u00e9 de R$ 148.314.833.<\/p>\n\n\n\n<p>A diretora de Gest\u00e3o Integrada, Lorena de Faria Peixoto, apresentou gr\u00e1ficos que mostram 100% da execu\u00e7\u00e3o or\u00e7ament\u00e1ria dos recursos do Tesouro investidos nas a\u00e7\u00f5es final\u00edsticas, de 2025; al\u00e9m de gr\u00e1ficos demonstrando os recursos advindos do tesouro e de conv\u00eanios; a execu\u00e7\u00e3o or\u00e7ament\u00e1ria e financeira, por programa, dos recursos do tesouro e conv\u00eanios.<\/p>\n\n\n\n<p>O diretor de Programas e Monitoramento, Vanderlei Cassiano, apresentou a presta\u00e7\u00e3o de contas aos parceiros e presta\u00e7\u00f5es de contas dos benefici\u00e1rios e os respectivos status das an\u00e1lises de relat\u00f3rios financeiros parciais e finais.<\/p>\n\n\n\n<p>Entre as principais a\u00e7\u00f5es previstas para 2026 (conv\u00eanios e editais), o diretor Cient\u00edfico e de Inova\u00e7\u00e3o, Cl\u00e1udio Leles, destacou a participa\u00e7\u00e3o da Fapeg no programa de Apoio \u00e0 Fixa\u00e7\u00e3o de Doutores no Brasil (Profix-CB); suplementa\u00e7\u00e3o da chamada p\u00fablica 23\/2025, de apoio \u00e0 Consolida\u00e7\u00e3o de Centros de Pesquisa Emergentes; apoio a estudantes do Programa GCUB de Mobilidade Internacional; Chamada P\u00fablica Fapeg\/Secti\/Instituto Trajet\u00f3rias para apoio financeiro e aux\u00edlio para estudantes goianos cursarem mestrado pleno, especialmente mestrado profissional, em universidades estrangeiras de excel\u00eancia; prorroga\u00e7\u00e3o da coopera\u00e7\u00e3o t\u00e9cnica com a Companhia Brasileira de Alum\u00ednio e Reserva Votorantim; al\u00e9m de editais de internacionaliza\u00e7\u00e3o para participa\u00e7\u00e3o em Eventos no Exterior e de apoio \u00e0 Internacionaliza\u00e7\u00e3o: Experi\u00eancia Acad\u00eamica Internacional; entre outros.<\/p>\n\n\n\n<p>Tamb\u00e9m foram apresentadas as a\u00e7\u00f5es de governan\u00e7a, melhorias internas e bem-estar executadas na Fapeg em 2025, entre elas a realiza\u00e7\u00e3o do 70\u00ba F\u00f3rum Nacional do Confap; publica\u00e7\u00e3o da lei 23.664, de 16\/09\/2025 que reorganiza a Fapeg e moderniza sua governan\u00e7a; pesquisa de satisfa\u00e7\u00e3o com usu\u00e1rios externos; renova\u00e7\u00e3o da infraestrutura, com aquisi\u00e7\u00e3o de m\u00f3veis e equipamentos; Fapeg Itinerante; edi\u00e7\u00e3o da Resolu\u00e7\u00e3o Normativa n\u00ba 1, de 15 de abril de 2025, para gest\u00e3o de emendas federais, promovendo transpar\u00eancia e seguran\u00e7a jur\u00eddica; manuten\u00e7\u00e3o preditiva, preventiva e corretiva, da sede da Fapeg, premia\u00e7\u00f5es e reconhecimento, entre outras.<\/p>\n\n\n\n<p>A Fapeg disponibilizar\u00e1, online, o Relat\u00f3rio Executivo anual, documento de presta\u00e7\u00e3o de contas \u00e0 sociedade sobre a forma como foram investidos os recursos destinados \u00e0 CT&amp;I no Estado de Goi\u00e1s. O documento traz as principais realiza\u00e7\u00f5es da Funda\u00e7\u00e3o em 2025, com informa\u00e7\u00f5es quantitativas e qualitativas que descrevem os programas e a\u00e7\u00f5es desenvolvidos, al\u00e9m dos principais acontecimentos e a\u00e7\u00f5es gerenciais que marcaram esse ano, em que a Funda\u00e7\u00e3o comemorou seus 20 anos de exist\u00eancia.<\/p>\n\n\n\n<p><strong>Comunica\u00e7\u00e3o Setorial<\/strong><br><br>A Comunica\u00e7\u00e3o Setorial tamb\u00e9m apresentou seu balan\u00e7o. Representando a chefe de Comunica\u00e7\u00e3o Setorial, Alessandra Rodrigues, a jornalista Let\u00edcia Santana informou que a Funda\u00e7\u00e3o registrou 340 cita\u00e7\u00f5es na imprensa e 1.558.964 visualiza\u00e7\u00f5es no Instagram, com alcance de 223.600 usu\u00e1rios e 57.400 intera\u00e7\u00f5es. Os n\u00fameros consolidam a presen\u00e7a digital da Fapeg e ampliam a proje\u00e7\u00e3o da produ\u00e7\u00e3o cient\u00edfica goiana nos cen\u00e1rios estadual, nacional e internacional.<br><br>Segundo o relat\u00f3rio, a estrat\u00e9gia de comunica\u00e7\u00e3o buscou aproximar a ci\u00eancia da sociedade, com destaque para pautas especiais em seu site como racismo intelectual, a\u00e7\u00f5es ambientais do Projeto Araguaia Vivo e inova\u00e7\u00f5es em intelig\u00eancia artificial aplicada \u00e0 sa\u00fade desenvolvidas por startups goianas. O trabalho foi parabenizado pelos conselheiros, que refor\u00e7aram o papel da imprensa e da divulga\u00e7\u00e3o cient\u00edfica na valoriza\u00e7\u00e3o da ci\u00eancia como vetor de desenvolvimento econ\u00f4mico e social em Goi\u00e1s e como presta\u00e7\u00e3o de contas mostrando os resultados de pesquisas financiadas com dinheiro p\u00fablico que podem beneficiar beneficiar a comunidade .<\/p>\n","protected":false},"excerpt":{"rendered":"<p>O encontro aconteceu no polo Goi\u00e2nia da UniEvang\u00e9lica e entre os temas tratados est\u00e3o a presta\u00e7\u00f5es de contas de 2025, expectativas e execu\u00e7\u00f5es or\u00e7ament\u00e1rias e novos editais e conv\u00eanios A primeira reuni\u00e3o ordin\u00e1ria de 2026 do Conselho Superior da Funda\u00e7\u00e3o de Amparo \u00e0 Pesquisa do Estado de Goi\u00e1s (Fapeg) foi realizada nesta sexta-feira, 27, no [&hellip;]<\/p>\n","protected":false},"author":838,"featured_media":91106,"comment_status":"closed","ping_status":"open","sticky":false,"template":"","format":"standard","meta":{"footnotes":""},"categories":[118,4,8],"tags":[],"class_list":["post-91105","post","type-post","status-publish","format-standard","has-post-thumbnail","hentry","category-noticia","category-noticias","category-fapeg"],"rttpg_featured_image_url":{"full":["https:\/\/goias.gov.br\/fapeg\/wp-content\/uploads\/sites\/5\/2026\/02\/WhatsApp-Image-2026-02-27-at-17.03.16.jpeg",1280,720,false],"landscape":["https:\/\/goias.gov.br\/fapeg\/wp-content\/uploads\/sites\/5\/2026\/02\/WhatsApp-Image-2026-02-27-at-17.03.16.jpeg",1280,720,false],"portraits":["https:\/\/goias.gov.br\/fapeg\/wp-content\/uploads\/sites\/5\/2026\/02\/WhatsApp-Image-2026-02-27-at-17.03.16.jpeg",1280,720,false],"thumbnail":["https:\/\/goias.gov.br\/fapeg\/wp-content\/uploads\/sites\/5\/2026\/02\/WhatsApp-Image-2026-02-27-at-17.03.16-150x150.jpeg",150,150,true],"medium":["https:\/\/goias.gov.br\/fapeg\/wp-content\/uploads\/sites\/5\/2026\/02\/WhatsApp-Image-2026-02-27-at-17.03.16-300x169.jpeg",300,169,true],"large":["https:\/\/goias.gov.br\/fapeg\/wp-content\/uploads\/sites\/5\/2026\/02\/WhatsApp-Image-2026-02-27-at-17.03.16-1024x576.jpeg",1024,576,true],"1536x1536":["https:\/\/goias.gov.br\/fapeg\/wp-content\/uploads\/sites\/5\/2026\/02\/WhatsApp-Image-2026-02-27-at-17.03.16.jpeg",1280,720,false],"2048x2048":["https:\/\/goias.gov.br\/fapeg\/wp-content\/uploads\/sites\/5\/2026\/02\/WhatsApp-Image-2026-02-27-at-17.03.16.jpeg",1280,720,false]},"rttpg_author":{"display_name":"larissanunes","author_link":"https:\/\/goias.gov.br\/fapeg\/author\/larissanunes\/"},"rttpg_comment":0,"rttpg_category":"<a href=\"https:\/\/goias.gov.br\/fapeg\/categoria\/noticia\/\" rel=\"category tag\">noticia<\/a> <a href=\"https:\/\/goias.gov.br\/fapeg\/categoria\/noticias\/\" rel=\"category tag\">Not\u00edcias<\/a> <a href=\"https:\/\/goias.gov.br\/fapeg\/categoria\/noticias\/fapeg\/\" rel=\"category tag\">Not\u00edcias FAPEG<\/a>","rttpg_excerpt":"O encontro aconteceu no polo Goi\u00e2nia da UniEvang\u00e9lica e entre os temas tratados est\u00e3o a presta\u00e7\u00f5es de contas de 2025, expectativas e execu\u00e7\u00f5es or\u00e7ament\u00e1rias e novos editais e conv\u00eanios A primeira reuni\u00e3o ordin\u00e1ria de 2026 do Conselho Superior da Funda\u00e7\u00e3o de Amparo \u00e0 Pesquisa do Estado de Goi\u00e1s (Fapeg) foi realizada nesta sexta-feira, 27, no&hellip;","_links":{"self":[{"href":"https:\/\/goias.gov.br\/fapeg\/wp-json\/wp\/v2\/posts\/91105","targetHints":{"allow":["GET"]}}],"collection":[{"href":"https:\/\/goias.gov.br\/fapeg\/wp-json\/wp\/v2\/posts"}],"about":[{"href":"https:\/\/goias.gov.br\/fapeg\/wp-json\/wp\/v2\/types\/post"}],"author":[{"embeddable":true,"href":"https:\/\/goias.gov.br\/fapeg\/wp-json\/wp\/v2\/users\/838"}],"replies":[{"embeddable":true,"href":"https:\/\/goias.gov.br\/fapeg\/wp-json\/wp\/v2\/comments?post=91105"}],"version-history":[{"count":1,"href":"https:\/\/goias.gov.br\/fapeg\/wp-json\/wp\/v2\/posts\/91105\/revisions"}],"predecessor-version":[{"id":91107,"href":"https:\/\/goias.gov.br\/fapeg\/wp-json\/wp\/v2\/posts\/91105\/revisions\/91107"}],"wp:featuredmedia":[{"embeddable":true,"href":"https:\/\/goias.gov.br\/fapeg\/wp-json\/wp\/v2\/media\/91106"}],"wp:attachment":[{"href":"https:\/\/goias.gov.br\/fapeg\/wp-json\/wp\/v2\/media?parent=91105"}],"wp:term":[{"taxonomy":"category","embeddable":true,"href":"https:\/\/goias.gov.br\/fapeg\/wp-json\/wp\/v2\/categories?post=91105"},{"taxonomy":"post_tag","embeddable":true,"href":"https:\/\/goias.gov.br\/fapeg\/wp-json\/wp\/v2\/tags?post=91105"}],"curies":[{"name":"wp","href":"https:\/\/api.w.org\/{rel}","templated":true}]}}