

{"id":60761,"date":"2025-02-06T16:43:43","date_gmt":"2025-02-06T19:43:43","guid":{"rendered":"https:\/\/goias.gov.br\/fapeg\/?p=60761"},"modified":"2025-02-06T16:52:41","modified_gmt":"2025-02-06T19:52:41","slug":"goias-celebra-ciencia-tecnologia-e-inovacao-com-homenagens-e-novos-investimentos","status":"publish","type":"post","link":"https:\/\/goias.gov.br\/fapeg\/goias-celebra-ciencia-tecnologia-e-inovacao-com-homenagens-e-novos-investimentos\/","title":{"rendered":"Goi\u00e1s celebra ci\u00eancia, tecnologia e inova\u00e7\u00e3o com homenagens e novos investimentos"},"content":{"rendered":"\n<p><em>A solenidade de entrega do Pr\u00eamio Goiano de Ci\u00eancia, Tecnologia e Inova\u00e7\u00e3o \u00e9 uma iniciativa que destaca o talento e o impacto da pesquisa para o avan\u00e7o da sociedade<\/em><\/p>\n\n\n\n<p>O Governo de Goi\u00e1s, por meio da Funda\u00e7\u00e3o de Amparo \u00e0 Pesquisa do Estado de Goi\u00e1s (Fapeg) e da Secretaria de Ci\u00eancia, Tecnologia e Inova\u00e7\u00e3o (Secti) prestou uma homenagem, na manh\u00e3 desta quinta-feira, 6, aos pesquisadores, empreendedores inovadores e profissionais de Comunica\u00e7\u00e3o que contribuem para o avan\u00e7o da ci\u00eancia e inova\u00e7\u00e3o em Goi\u00e1s. A solenidade de entrega do Pr\u00eamio Goiano de Ci\u00eancia, Tecnologia e Inova\u00e7\u00e3o homenageou 31 profissionais e iniciativas inovadoras que se destacaram em pesquisas cient\u00edficas, tecnol\u00f3gicas e de inova\u00e7\u00e3o que tiveram impacto direto no desenvolvimento do Estado e na qualidade de vida da popula\u00e7\u00e3o. Tamb\u00e9m foi homenageado o governador Ronaldo Caiado, com o trof\u00e9u Governador da Ci\u00eancia, Tecnologia e Inova\u00e7\u00e3o pelo grande empenho, volume de investimentos e reconhecimento da import\u00e2ncia da CT&amp;I para o desenvolvimento do Estado<\/p>\n\n\n\n<p>O evento reuniu autoridades das esferas federal, estadual e municipal, pesquisadores, jornalistas e representantes dos setores acad\u00eamico e empresarial que lotaram o audit\u00f3rio Mauro Borges do Pal\u00e1cio Pedro Ludovico Teixeira, ao som do Quarteto de Cordas da Orquestra Filarm\u00f4nica do Estado de Goi\u00e1s. Ainda durante a solenidade, o presidente da Fapeg, Marcos Arriel, anunciou investimentos de mais de R$ 125 milh\u00f5es para 2025 e fez o lan\u00e7amento oficial das comemora\u00e7\u00f5es que v\u00e3o marcar os 20 anos da Fapeg, que vem se consolidando como uma institui\u00e7\u00e3o estrat\u00e9gica para a estrutura\u00e7\u00e3o do ecossistema de ci\u00eancia, tecnologia e inova\u00e7\u00e3o e para o desenvolvimento do Estado.<\/p>\n\n\n\n<p>Tamb\u00e9m foi assinada a contrata\u00e7\u00e3o de dez pesquisadores doutores para projetos em parceria com a Emater, focados na inova\u00e7\u00e3o e sustentabilidade da agricultura familiar no Estado. Segundo o presidente da Emater, Rafael Gouveia, as pesquisas come\u00e7am ainda neste m\u00eas com expectativa de grandes entregas para que Goi\u00e1s avance cada vez mais em novas tecnologias, novos sistemas produtivos, novos cultivares para fazer de Goi\u00e1s refer\u00eancia tamb\u00e9m no setor de pesquisas agropecu\u00e1rias.<\/p>\n\n\n\n<p><strong>Reajustes nos valores das bolsas<\/strong><\/p>\n\n\n\n<p>O presidente da Fapeg anunciou o reajuste de 10% nos valores das bolsas de forma\u00e7\u00e3o acad\u00eamica concedidas pelo Governo de Goi\u00e1s, por meio da Fapeg, refor\u00e7ando o compromisso com o fortalecimento da ci\u00eancia e a valoriza\u00e7\u00e3o dos pesquisadores. As atuais bolsas de mestrado passar\u00e3o de R$ 2.100,00 para R$ 2.310,00 e de doutorado, de R$ 3.100,00 para R$ 3.410,00. Anunciou a cria\u00e7\u00e3o de Bolsas de Excel\u00eancia na P\u00f3s-Gradua\u00e7\u00e3o \u2013 Mestrado e Doutorado \u2013 destinadas a pesquisadores de excel\u00eancia em \u00e1reas priorit\u00e1rias para o Estado de Goi\u00e1s. A Fapeg j\u00e1 prepara o edital para esta modalidade de bolsa no Doutorado, no valor de R$ 7 mil. A bolsa de excel\u00eancia para Mestrado ser\u00e1 no valor de R$ 4 mil. Arriel destacou que \u201choje estamos celebrando o talento e a dedica\u00e7\u00e3o de quem produz a ci\u00eancia, a tecnologia e a inova\u00e7\u00e3o em Goi\u00e1s, mas o evento vai al\u00e9m da entrega de pr\u00eamios. Representa o compromisso do Governo do Estado em colocar a gera\u00e7\u00e3o e o uso do conhecimento no centro das estrat\u00e9gias de desenvolvimento transformando pesquisa e inova\u00e7\u00e3o em progresso e qualidade de vida para os goianos\u201d.<\/p>\n\n\n\n<p>Em 2024, a Fapeg alcan\u00e7ou o maior or\u00e7amento de sua hist\u00f3ria, totalizando R$ 108 milh\u00f5es, um marco importante para a amplia\u00e7\u00e3o do apoio a pesquisadores, startups e universidades. O crescimento da Funda\u00e7\u00e3o tamb\u00e9m pode ser medido pelo volume de editais lan\u00e7ados, foram 32 chamadas p\u00fablicas, um recorde hist\u00f3rico que permitiu o financiamento de projetos estrat\u00e9gicos em diversas \u00e1reas do conhecimento. \u201cO compromisso do governador Ronaldo Caiado com a ci\u00eancia e a inova\u00e7\u00e3o garantiu um crescimento que vai muito al\u00e9m dos n\u00fameros \u2013 \u00e9 uma mudan\u00e7a cultural. O que estamos vivendo hoje n\u00e3o \u00e9 apenas uma fase de expans\u00e3o or\u00e7ament\u00e1ria, mas sim a consolida\u00e7\u00e3o de um modelo de gest\u00e3o que trata a ci\u00eancia como prioridade e que projeta Goi\u00e1s para o futuro,\u201d pontuou Arriel destacando que n\u00e3o se trata apenas de um crescimento pontual, mas a constru\u00e7\u00e3o de um legado, um novo modelo de gest\u00e3o que entende que o desenvolvimento se d\u00e1 pelo conhecimento e a Fapeg \u00e9 um exemplo desse compromisso com pol\u00edticas estruturadas, amplia\u00e7\u00e3o de investimentos e iniciativas concretas que impactam a vida dos goianos\u201d.<\/p>\n\n\n\n<p>A solenidade foi prestigiada ainda pelo vice-presidente do Conselho Nacional das Funda\u00e7\u00f5es Estaduais de Amparo \u00e0 Pesquisa (Confap), M\u00e1rcio Ara\u00fajo, que parabenizou as decis\u00f5es acertadas do Governo de Goi\u00e1s, por meio da Fapeg, em investir em centros de excel\u00eancia de forma correta, pontual e estrat\u00e9gica. <\/p>\n\n\n\n<p>Tamb\u00e9m fizeram pronunciamentos o secret\u00e1rio de Ci\u00eancia, Tecnologia e Inova\u00e7\u00e3o, Jos\u00e9 Frederico Lyra Netto, destacando a import\u00e2ncia do evento para valorizar talentos em Goi\u00e1s que produzem ci\u00eancia de ponta. \u201cAl\u00e9m de valorizar os pesquisadores queremos jogar luz sobre o que est\u00e1 sendo pesquisado em Goi\u00e1s. S\u00e3o pesquisas em tecnologia, agropecu\u00e1ria, biologia, biotecnologia. O Pr\u00eamio \u00e9 uma forma de valorizar a pesquisa e o pesquisador e o governador faz quest\u00e3o de ver a pesquisa aplicada com retorno para a sociedade e a premia\u00e7\u00e3o estimula a pesquisa que impacta a vida da popula\u00e7\u00e3o\u201d. Refor\u00e7ou a parceria da Pasta com a Fapeg em futuras a\u00e7\u00f5es de internacionaliza\u00e7\u00e3o e de populariza\u00e7\u00e3o da ci\u00eancia.<\/p>\n\n\n\n<p>Denise Aparecida Carvalho, chefe da Assessoria do Conselho Nacional de Ci\u00eancia e Tecnologia (ASCCT), representou a ministra da Ci\u00eancia, Tecnologia e Inova\u00e7\u00e3o, Luciana Santos. Ela parabenizou a Fapeg pelos 20 anos e lembrou que hoje o Brasil vive um momento muito favor\u00e1vel para a ci\u00eancia, tecnologia e inova\u00e7\u00e3o, com o descontingenciamento do FNDTC e com isso o Brasil est\u00e1 podendo viver uma maior execu\u00e7\u00e3o de recursos neste setor. Ela colocou o minist\u00e9rio \u00e0 disposi\u00e7\u00e3o para parcerias.<\/p>\n\n\n\n<p>O secret\u00e1rio-Geral de Governo, Adriano da Rocha Lima, fez um retrospecto da trajet\u00f3ria da pol\u00edtica p\u00fablica para a ci\u00eancia e tecnologia desde o final do ano de 2018, quando como ent\u00e3o secret\u00e1rio de Ci\u00eancia e Tecnologia recebeu do governador o desafio de reestruturar o ecossistema de CT&amp;I at\u00e9 o salto alcan\u00e7ado em 2024 com avan\u00e7os significativos e progressivos. \u201cQuando a gente fala de ecossistema de ci\u00eancia e tecnologia n\u00e3o falamos de algo pontual, mas de algo que envolve maturidades e pap\u00e9is distintos entre diferentes atores, onde cada um desses pap\u00e9is precisa trabalhar na engrenagem e precisa de pol\u00edticas p\u00fablicas espec\u00edficas para cada ator e cada etapa para se trabalhar em conjunto e concatenada e de forma a se pensar em um futuro a longo prazo e em Goi\u00e1s estamos conseguindo isso, estamos come\u00e7ando a colher os frutos, que ser\u00e3o ainda maiores a longo prazo\u201d. O secret\u00e1rio parabenizou ainda a Fapeg. \u201cDe todas as institui\u00e7\u00f5es do estado de goi\u00e1s, a Fapeg foi a que mais cumpriu o or\u00e7amento solicitado, mostrando a seriedade desse trabalho e a preocupa\u00e7\u00e3o com o dinheiro p\u00fablico aplicado em ci\u00eancia e tecnologia, e isso vem progredindo ao passo que em 2025, mais investimentos e outras pol\u00edticas vir\u00e3o para acrescentar \u00e0s j\u00e1 existentes, dentro desse processo de crescimento e maturidade cont\u00ednua que vem acontecendo.\u201d<\/p>\n\n\n\n<p>O governador Ronaldo Caiado agradeceu ao presidente Marcos Arriel pelo carinho e responsabilidade que tem cumprido a sua miss\u00e3o \u00e0 frente da Fapeg. Destacou a necessidade de se investir em pesquisas e aproveitar o potencial do Estado de Goi\u00e1s para uma maior inser\u00e7\u00e3o no cen\u00e1rio competitivo de grandes demandas globais e se tornar refer\u00eancia na inova\u00e7\u00e3o, na ci\u00eancia, na tecnologia, na intelig\u00eancia artificial. Destacou o seu orgulho de chegar ao s\u00e9timo ano de governo como um gestor que teve o cuidado e aten\u00e7\u00e3o com todos os segmentos que necessitam de uma pol\u00edtica de governo, seja educa\u00e7\u00e3o, sa\u00fade, seguran\u00e7a p\u00fablica, programas sociais, arte, cultura, pesquisa. \u201cEm todas as \u00e1reas tivemos uma a\u00e7\u00e3o muito importante e queremos investir muito mais. Queremos tamb\u00e9m mostrar o quanto o Estado respeita o dinheiro p\u00fablico, com aplica\u00e7\u00f5es corretas, com t\u00e9cnicos qualificados e com a vis\u00e3o de governo de que a estrutura de governo n\u00e3o \u00e9 para atender segmento, \u00e9 para atender os goianos e obter resultados acima da m\u00e9dia em cada uma das \u00e1reas de atua\u00e7\u00e3o do Governo\u201d.<\/p>\n\n\n\n<p><strong>A premia\u00e7\u00e3o<\/strong><br>Os vencedores foram selecionados por meio da Chamada P\u00fablica n\u00ba 27\/2024 e receberam certificado de men\u00e7\u00e3o honrosa e os primeiros colocados, trof\u00e9u. O Pr\u00eamio foi dividido em categorias como Pesquisador Destaque, Pesquisador Inovador, P\u00f3s-Graduando Destaque (mestrado e doutorado), Pesquisador Destaque em Outros Estados e Destaque no Exterior, Empresa Inovadora e Profissional de Comunica\u00e7\u00e3o, em v\u00e1rias subcategorias, reconhecendo a contribui\u00e7\u00e3o da ci\u00eancia e da inova\u00e7\u00e3o para o desenvolvimento de Goi\u00e1s.<\/p>\n\n\n\n<p>Entre os projetos de destaque no evento est\u00e3o estudos que j\u00e1 ganharam repercuss\u00e3o nacional e internacional, como as pesquisas do Centro de Excel\u00eancia em Intelig\u00eancia Artificial (Ceia), que colocam Goi\u00e1s na vanguarda da tecnologia, e o programa Araguaia Vivo, que recebeu R$ 16 milh\u00f5es em investimentos para promover conserva\u00e7\u00e3o ambiental e inova\u00e7\u00e3o sustent\u00e1vel do Rio Araguaia, tendo recentemente publicado um artigo em revista cient\u00edfica internacional sobre o uso de DNA ambiental para monitoramento da biodiversidade.<\/p>\n\n\n\n<p><strong>Fapeg\/Confap<\/strong><br>A etapa estadual faz parte do Pr\u00eamio Confap de Ci\u00eancia, Tecnologia e Inova\u00e7\u00e3o, que nesta edi\u00e7\u00e3o homenageia o f\u00edsico, pesquisador e professor Ennio Candotti (em mem\u00f3ria). Os vencedores em primeiro lugar nas categorias Pesquisador Destaque e Pesquisador Inovador e Profissional de Comunica\u00e7\u00e3o ter\u00e3o seus nomes indicados pela Fapeg para concorrerem ao Pr\u00eamio Nacional do Confap. Os agraciados da Etapa Nacional receber\u00e3o certificados de premia\u00e7\u00e3o, trof\u00e9us e premia\u00e7\u00e3o financeira. Os classificados em cada categoria\/subcategoria no primeiro lugar receber\u00e3o R$ 10.000,00; em segundo lugar R$ 6.000,00; e em terceiro lugar R$ 3.000,00. A premia\u00e7\u00e3o financeira total ser\u00e1 de R$114.000,00, com patroc\u00ednio da Financiadora de Estudos e Projetos (Finep\/MCTI).<\/p>\n\n\n\n<p>Veja a lista dos 31 vencedores:<br>PESQUISADOR DESTAQUE<br>Ci\u00eancias da Vida<br>1\u00ba lugar &#8211; Jos\u00e9 Alexandre Felizola Diniz Filho &#8211; UFG<br>2\u00ba lugar &#8211; Marize Campos Valadares \u2013 UFG<br>3\u00ba lugar &#8211; Aparecido Divino da Cruz \u2013 PUC Goi\u00e1s<\/p>\n\n\n\n<p>Ci\u00eancias Exatas<\/p>\n\n\n\n<p>1\u00ba &#8211; Carolina Horta Andrade &#8211; UFG<br>2\u00ba &#8211; Elaine Rosechrer Carbonero &#8211; UFCat<br>3\u00ba &#8211; Paulo de Tarso Garcia \u2013 UFJ<\/p>\n\n\n\n<p>Ci\u00eancias Humanas<\/p>\n\n\n\n<p>1\u00ba &#8211; Francisco Jos\u00e9 Quaresma de Figueiredo &#8211; UFG<br>2\u00ba &#8211; M\u00e1rlon Hebert Flora Barbosa Soares &#8211; UFG<br>3\u00ba &#8211; Marcos de Moraes Sousa \u2013 IF Goiano<\/p>\n\n\n\n<p>PESQUISADOR INOVADOR<\/p>\n\n\n\n<p>Inova\u00e7\u00e3o para o setor empresarial<\/p>\n\n\n\n<p>1\u00ba &#8211; Wendell Karlos Tomazelli Coltro &#8211; UFG<br>2\u00ba &#8211; Maur\u00edcio Jos\u00e9 Alves Bolzam &#8211; UFJ<br>3\u00ba &#8211; Jos\u00e9 Lu\u00eds Rodrigues Martins \u2013 UniEvang\u00e9lica<\/p>\n\n\n\n<p>Inova\u00e7\u00e3o para o setor p\u00fablico<\/p>\n\n\n\n<p>1\u00ba &#8211; Telma Woerle de Lima Soares &#8211; UFG<br>2\u00ba &#8211; Ana Paula Freitas Vilela Boaventura &#8211; UFJ<br>3\u00ba &#8211; Irans\u00e9 Oliveira Silva &#8211; UniEvang\u00e9lica<\/p>\n\n\n\n<p>PROFISSIONAL DE COMUNICA\u00c7\u00c3O<br>Internet<\/p>\n\n\n\n<p>1\u00ba &#8211; Maria Jos\u00e9 Braga &#8211; IFG<br>2\u00ba &#8211; Carla Cristina Silva de Oliveira \u2013 PUC Goi\u00e1s<br>3\u00ba &#8211; Carolina Abbadia Melo &#8211; UFG<\/p>\n\n\n\n<p>P\u00d3S-GRADUANDO DESTAQUE DOUTORADO<\/p>\n\n\n\n<p>1\u00ba &#8211; Jo\u00e3o Pedro Ribeiro Afonso &#8211; UniEvang\u00e9lica<br>2\u00ba &#8211; Uender Barbosa de Souza &#8211; UFG<br>3\u00ba &#8211; Izaias de Souza Silva &#8211; UFG<\/p>\n\n\n\n<p>P\u00d3S-GRADUANDO DESTAQUE MESTRADO<\/p>\n\n\n\n<p>1\u00ba &#8211; Iago de S\u00e1 Moraes &#8211; UFJ<br>2\u00ba &#8211; Luiz M\u00e1rio Lopes Cardoso &#8211; IF Goiano-Ceres<br>3\u00ba &#8211; Josef Augusto Oberdan Souza Silva &#8211; IF Goiano Ceres<\/p>\n\n\n\n<p>PESQUISADOR GOIANO DESTAQUE EM OUTROS ESTADOS<\/p>\n\n\n\n<p>1\u00ba &#8211; Karla Maria Longo &#8211; UFG<br>2\u00ba &#8211; Lucimar Pinheiro Rosseto \u2013 UniEvang\u00e9lica<\/p>\n\n\n\n<p>PESQUISADOR GOIANO DESTAQUE NO EXTERIOR<\/p>\n\n\n\n<p>1\u00ba &#8211; Simone Antoniaci Tuzzo &#8211; UFG<br>2\u00ba &#8211; Claudia Santos Oliveira &#8211; UniEvang\u00e9lica<br>3\u00ba &#8211; Eduardo Noronha de Andrade Freitas \u2013 IFG<\/p>\n\n\n\n<p>EMPRESA INOVADORA DESTAQUE<\/p>\n\n\n\n<p>1\u00ba &#8211; Nathalia Pedroso Barbosa &#8211; Empresa &#8211; Luna Green<br>2\u00ba &#8211; Iara Mendes Maciel &#8211; Empresa &#8211; Nanoterra<\/p>\n\n\n\n<figure class=\"wp-block-gallery has-nested-images columns-default is-cropped wp-block-gallery-1 is-layout-flex wp-block-gallery-is-layout-flex\">\n<figure class=\"wp-block-image size-large\"><a href=\"https:\/\/goias.gov.br\/fapeg\/wp-content\/uploads\/sites\/5\/2025\/02\/84d7494e-4a4c-4091-91e0-cc06f86a9e7b-scaled.jpg\"><img fetchpriority=\"high\" decoding=\"async\" width=\"1024\" height=\"683\" data-id=\"60760\" src=\"https:\/\/goias.gov.br\/fapeg\/wp-content\/uploads\/sites\/5\/2025\/02\/84d7494e-4a4c-4091-91e0-cc06f86a9e7b-1024x683.jpg\" alt=\"\" class=\"wp-image-60760\" srcset=\"https:\/\/goias.gov.br\/fapeg\/wp-content\/uploads\/sites\/5\/2025\/02\/84d7494e-4a4c-4091-91e0-cc06f86a9e7b-1024x683.jpg 1024w, https:\/\/goias.gov.br\/fapeg\/wp-content\/uploads\/sites\/5\/2025\/02\/84d7494e-4a4c-4091-91e0-cc06f86a9e7b-300x200.jpg 300w, https:\/\/goias.gov.br\/fapeg\/wp-content\/uploads\/sites\/5\/2025\/02\/84d7494e-4a4c-4091-91e0-cc06f86a9e7b-768x512.jpg 768w, https:\/\/goias.gov.br\/fapeg\/wp-content\/uploads\/sites\/5\/2025\/02\/84d7494e-4a4c-4091-91e0-cc06f86a9e7b-1536x1024.jpg 1536w, https:\/\/goias.gov.br\/fapeg\/wp-content\/uploads\/sites\/5\/2025\/02\/84d7494e-4a4c-4091-91e0-cc06f86a9e7b-2048x1366.jpg 2048w\" sizes=\"(max-width: 1024px) 100vw, 1024px\" \/><\/a><\/figure>\n\n\n\n<figure class=\"wp-block-image size-large\"><a href=\"https:\/\/goias.gov.br\/fapeg\/wp-content\/uploads\/sites\/5\/2025\/02\/337add02-ac5b-4b3c-b4f6-5e6cba2ee5f9-scaled.jpg\"><img decoding=\"async\" width=\"1024\" height=\"683\" data-id=\"60759\" src=\"https:\/\/goias.gov.br\/fapeg\/wp-content\/uploads\/sites\/5\/2025\/02\/337add02-ac5b-4b3c-b4f6-5e6cba2ee5f9-1024x683.jpg\" alt=\"\" class=\"wp-image-60759\" srcset=\"https:\/\/goias.gov.br\/fapeg\/wp-content\/uploads\/sites\/5\/2025\/02\/337add02-ac5b-4b3c-b4f6-5e6cba2ee5f9-1024x683.jpg 1024w, https:\/\/goias.gov.br\/fapeg\/wp-content\/uploads\/sites\/5\/2025\/02\/337add02-ac5b-4b3c-b4f6-5e6cba2ee5f9-300x200.jpg 300w, https:\/\/goias.gov.br\/fapeg\/wp-content\/uploads\/sites\/5\/2025\/02\/337add02-ac5b-4b3c-b4f6-5e6cba2ee5f9-768x512.jpg 768w, https:\/\/goias.gov.br\/fapeg\/wp-content\/uploads\/sites\/5\/2025\/02\/337add02-ac5b-4b3c-b4f6-5e6cba2ee5f9-1536x1024.jpg 1536w, https:\/\/goias.gov.br\/fapeg\/wp-content\/uploads\/sites\/5\/2025\/02\/337add02-ac5b-4b3c-b4f6-5e6cba2ee5f9-2048x1365.jpg 2048w\" sizes=\"(max-width: 1024px) 100vw, 1024px\" \/><\/a><\/figure>\n\n\n\n<figure class=\"wp-block-image size-large\"><a href=\"https:\/\/goias.gov.br\/fapeg\/wp-content\/uploads\/sites\/5\/2025\/02\/4fe76887-2768-4ea7-a1a3-888bd5b9ae70-scaled.jpg\"><img decoding=\"async\" width=\"1024\" height=\"683\" data-id=\"60758\" src=\"https:\/\/goias.gov.br\/fapeg\/wp-content\/uploads\/sites\/5\/2025\/02\/4fe76887-2768-4ea7-a1a3-888bd5b9ae70-1024x683.jpg\" alt=\"\" class=\"wp-image-60758\" srcset=\"https:\/\/goias.gov.br\/fapeg\/wp-content\/uploads\/sites\/5\/2025\/02\/4fe76887-2768-4ea7-a1a3-888bd5b9ae70-1024x683.jpg 1024w, https:\/\/goias.gov.br\/fapeg\/wp-content\/uploads\/sites\/5\/2025\/02\/4fe76887-2768-4ea7-a1a3-888bd5b9ae70-300x200.jpg 300w, https:\/\/goias.gov.br\/fapeg\/wp-content\/uploads\/sites\/5\/2025\/02\/4fe76887-2768-4ea7-a1a3-888bd5b9ae70-768x512.jpg 768w, https:\/\/goias.gov.br\/fapeg\/wp-content\/uploads\/sites\/5\/2025\/02\/4fe76887-2768-4ea7-a1a3-888bd5b9ae70-1536x1024.jpg 1536w, https:\/\/goias.gov.br\/fapeg\/wp-content\/uploads\/sites\/5\/2025\/02\/4fe76887-2768-4ea7-a1a3-888bd5b9ae70-2048x1365.jpg 2048w\" sizes=\"(max-width: 1024px) 100vw, 1024px\" \/><\/a><\/figure>\n\n\n\n<figure class=\"wp-block-image size-large\"><a href=\"https:\/\/goias.gov.br\/fapeg\/wp-content\/uploads\/sites\/5\/2025\/02\/cf0ab9d5-4817-4c09-8114-1c4790128d14-scaled.jpg\"><img loading=\"lazy\" decoding=\"async\" width=\"1024\" height=\"683\" data-id=\"60757\" src=\"https:\/\/goias.gov.br\/fapeg\/wp-content\/uploads\/sites\/5\/2025\/02\/cf0ab9d5-4817-4c09-8114-1c4790128d14-1024x683.jpg\" alt=\"\" class=\"wp-image-60757\" srcset=\"https:\/\/goias.gov.br\/fapeg\/wp-content\/uploads\/sites\/5\/2025\/02\/cf0ab9d5-4817-4c09-8114-1c4790128d14-1024x683.jpg 1024w, https:\/\/goias.gov.br\/fapeg\/wp-content\/uploads\/sites\/5\/2025\/02\/cf0ab9d5-4817-4c09-8114-1c4790128d14-300x200.jpg 300w, https:\/\/goias.gov.br\/fapeg\/wp-content\/uploads\/sites\/5\/2025\/02\/cf0ab9d5-4817-4c09-8114-1c4790128d14-768x512.jpg 768w, https:\/\/goias.gov.br\/fapeg\/wp-content\/uploads\/sites\/5\/2025\/02\/cf0ab9d5-4817-4c09-8114-1c4790128d14-1536x1024.jpg 1536w, https:\/\/goias.gov.br\/fapeg\/wp-content\/uploads\/sites\/5\/2025\/02\/cf0ab9d5-4817-4c09-8114-1c4790128d14-2048x1365.jpg 2048w\" sizes=\"(max-width: 1024px) 100vw, 1024px\" \/><\/a><\/figure>\n\n\n\n<figure class=\"wp-block-image size-large\"><a href=\"https:\/\/goias.gov.br\/fapeg\/wp-content\/uploads\/sites\/5\/2025\/02\/a1e48515-9822-47cd-b0fe-e618a4e66543-scaled.jpg\"><img loading=\"lazy\" decoding=\"async\" width=\"1024\" height=\"683\" data-id=\"60756\" src=\"https:\/\/goias.gov.br\/fapeg\/wp-content\/uploads\/sites\/5\/2025\/02\/a1e48515-9822-47cd-b0fe-e618a4e66543-1024x683.jpg\" alt=\"\" class=\"wp-image-60756\" srcset=\"https:\/\/goias.gov.br\/fapeg\/wp-content\/uploads\/sites\/5\/2025\/02\/a1e48515-9822-47cd-b0fe-e618a4e66543-1024x683.jpg 1024w, https:\/\/goias.gov.br\/fapeg\/wp-content\/uploads\/sites\/5\/2025\/02\/a1e48515-9822-47cd-b0fe-e618a4e66543-300x200.jpg 300w, https:\/\/goias.gov.br\/fapeg\/wp-content\/uploads\/sites\/5\/2025\/02\/a1e48515-9822-47cd-b0fe-e618a4e66543-768x512.jpg 768w, https:\/\/goias.gov.br\/fapeg\/wp-content\/uploads\/sites\/5\/2025\/02\/a1e48515-9822-47cd-b0fe-e618a4e66543-1536x1025.jpg 1536w, https:\/\/goias.gov.br\/fapeg\/wp-content\/uploads\/sites\/5\/2025\/02\/a1e48515-9822-47cd-b0fe-e618a4e66543-2048x1366.jpg 2048w\" sizes=\"(max-width: 1024px) 100vw, 1024px\" \/><\/a><\/figure>\n\n\n\n<figure class=\"wp-block-image size-large\"><a href=\"https:\/\/goias.gov.br\/fapeg\/wp-content\/uploads\/sites\/5\/2025\/02\/e9eea455-a0fa-4c01-91e8-834880353bf3-scaled.jpg\"><img loading=\"lazy\" decoding=\"async\" width=\"1024\" height=\"683\" data-id=\"60755\" src=\"https:\/\/goias.gov.br\/fapeg\/wp-content\/uploads\/sites\/5\/2025\/02\/e9eea455-a0fa-4c01-91e8-834880353bf3-1024x683.jpg\" alt=\"\" class=\"wp-image-60755\" srcset=\"https:\/\/goias.gov.br\/fapeg\/wp-content\/uploads\/sites\/5\/2025\/02\/e9eea455-a0fa-4c01-91e8-834880353bf3-1024x683.jpg 1024w, https:\/\/goias.gov.br\/fapeg\/wp-content\/uploads\/sites\/5\/2025\/02\/e9eea455-a0fa-4c01-91e8-834880353bf3-300x200.jpg 300w, https:\/\/goias.gov.br\/fapeg\/wp-content\/uploads\/sites\/5\/2025\/02\/e9eea455-a0fa-4c01-91e8-834880353bf3-768x512.jpg 768w, https:\/\/goias.gov.br\/fapeg\/wp-content\/uploads\/sites\/5\/2025\/02\/e9eea455-a0fa-4c01-91e8-834880353bf3-1536x1024.jpg 1536w, https:\/\/goias.gov.br\/fapeg\/wp-content\/uploads\/sites\/5\/2025\/02\/e9eea455-a0fa-4c01-91e8-834880353bf3-2048x1365.jpg 2048w\" sizes=\"(max-width: 1024px) 100vw, 1024px\" \/><\/a><\/figure>\n\n\n\n<figure class=\"wp-block-image size-large\"><a href=\"https:\/\/goias.gov.br\/fapeg\/wp-content\/uploads\/sites\/5\/2025\/02\/96d65e87-9729-46bc-85bc-fa00eabe3ded-scaled.jpg\"><img loading=\"lazy\" decoding=\"async\" width=\"1024\" height=\"683\" data-id=\"60754\" src=\"https:\/\/goias.gov.br\/fapeg\/wp-content\/uploads\/sites\/5\/2025\/02\/96d65e87-9729-46bc-85bc-fa00eabe3ded-1024x683.jpg\" alt=\"\" class=\"wp-image-60754\" srcset=\"https:\/\/goias.gov.br\/fapeg\/wp-content\/uploads\/sites\/5\/2025\/02\/96d65e87-9729-46bc-85bc-fa00eabe3ded-1024x683.jpg 1024w, https:\/\/goias.gov.br\/fapeg\/wp-content\/uploads\/sites\/5\/2025\/02\/96d65e87-9729-46bc-85bc-fa00eabe3ded-300x200.jpg 300w, https:\/\/goias.gov.br\/fapeg\/wp-content\/uploads\/sites\/5\/2025\/02\/96d65e87-9729-46bc-85bc-fa00eabe3ded-768x512.jpg 768w, https:\/\/goias.gov.br\/fapeg\/wp-content\/uploads\/sites\/5\/2025\/02\/96d65e87-9729-46bc-85bc-fa00eabe3ded-1536x1024.jpg 1536w, https:\/\/goias.gov.br\/fapeg\/wp-content\/uploads\/sites\/5\/2025\/02\/96d65e87-9729-46bc-85bc-fa00eabe3ded-2048x1365.jpg 2048w\" sizes=\"(max-width: 1024px) 100vw, 1024px\" \/><\/a><\/figure>\n\n\n\n<figure class=\"wp-block-image size-large\"><a href=\"https:\/\/goias.gov.br\/fapeg\/wp-content\/uploads\/sites\/5\/2025\/02\/c47c146a-8e0d-4410-8355-001bbee7db3d-scaled.jpg\"><img loading=\"lazy\" decoding=\"async\" width=\"1024\" height=\"683\" data-id=\"60764\" src=\"https:\/\/goias.gov.br\/fapeg\/wp-content\/uploads\/sites\/5\/2025\/02\/c47c146a-8e0d-4410-8355-001bbee7db3d-1024x683.jpg\" alt=\"\" class=\"wp-image-60764\" srcset=\"https:\/\/goias.gov.br\/fapeg\/wp-content\/uploads\/sites\/5\/2025\/02\/c47c146a-8e0d-4410-8355-001bbee7db3d-1024x683.jpg 1024w, https:\/\/goias.gov.br\/fapeg\/wp-content\/uploads\/sites\/5\/2025\/02\/c47c146a-8e0d-4410-8355-001bbee7db3d-300x200.jpg 300w, https:\/\/goias.gov.br\/fapeg\/wp-content\/uploads\/sites\/5\/2025\/02\/c47c146a-8e0d-4410-8355-001bbee7db3d-768x512.jpg 768w, https:\/\/goias.gov.br\/fapeg\/wp-content\/uploads\/sites\/5\/2025\/02\/c47c146a-8e0d-4410-8355-001bbee7db3d-1536x1024.jpg 1536w, https:\/\/goias.gov.br\/fapeg\/wp-content\/uploads\/sites\/5\/2025\/02\/c47c146a-8e0d-4410-8355-001bbee7db3d-2048x1365.jpg 2048w\" sizes=\"(max-width: 1024px) 100vw, 1024px\" \/><\/a><\/figure>\n\n\n\n<figure class=\"wp-block-image size-large\"><a href=\"https:\/\/goias.gov.br\/fapeg\/wp-content\/uploads\/sites\/5\/2025\/02\/b6c26756-12dd-4b6e-b8e8-cb26df68c029-scaled.jpg\"><img loading=\"lazy\" decoding=\"async\" width=\"1024\" height=\"681\" data-id=\"60752\" src=\"https:\/\/goias.gov.br\/fapeg\/wp-content\/uploads\/sites\/5\/2025\/02\/b6c26756-12dd-4b6e-b8e8-cb26df68c029-1024x681.jpg\" alt=\"\" class=\"wp-image-60752\" srcset=\"https:\/\/goias.gov.br\/fapeg\/wp-content\/uploads\/sites\/5\/2025\/02\/b6c26756-12dd-4b6e-b8e8-cb26df68c029-1024x681.jpg 1024w, https:\/\/goias.gov.br\/fapeg\/wp-content\/uploads\/sites\/5\/2025\/02\/b6c26756-12dd-4b6e-b8e8-cb26df68c029-300x200.jpg 300w, https:\/\/goias.gov.br\/fapeg\/wp-content\/uploads\/sites\/5\/2025\/02\/b6c26756-12dd-4b6e-b8e8-cb26df68c029-768x511.jpg 768w, https:\/\/goias.gov.br\/fapeg\/wp-content\/uploads\/sites\/5\/2025\/02\/b6c26756-12dd-4b6e-b8e8-cb26df68c029-1536x1022.jpg 1536w, https:\/\/goias.gov.br\/fapeg\/wp-content\/uploads\/sites\/5\/2025\/02\/b6c26756-12dd-4b6e-b8e8-cb26df68c029-2048x1363.jpg 2048w\" sizes=\"(max-width: 1024px) 100vw, 1024px\" \/><\/a><\/figure>\n\n\n\n<figure class=\"wp-block-image size-large\"><a href=\"https:\/\/goias.gov.br\/fapeg\/wp-content\/uploads\/sites\/5\/2025\/02\/839f76a3-f6c6-4bc5-a325-b580dfc907ff-scaled.jpg\"><img loading=\"lazy\" decoding=\"async\" width=\"1024\" height=\"683\" data-id=\"60751\" src=\"https:\/\/goias.gov.br\/fapeg\/wp-content\/uploads\/sites\/5\/2025\/02\/839f76a3-f6c6-4bc5-a325-b580dfc907ff-1024x683.jpg\" alt=\"\" class=\"wp-image-60751\" srcset=\"https:\/\/goias.gov.br\/fapeg\/wp-content\/uploads\/sites\/5\/2025\/02\/839f76a3-f6c6-4bc5-a325-b580dfc907ff-1024x683.jpg 1024w, https:\/\/goias.gov.br\/fapeg\/wp-content\/uploads\/sites\/5\/2025\/02\/839f76a3-f6c6-4bc5-a325-b580dfc907ff-300x200.jpg 300w, https:\/\/goias.gov.br\/fapeg\/wp-content\/uploads\/sites\/5\/2025\/02\/839f76a3-f6c6-4bc5-a325-b580dfc907ff-768x512.jpg 768w, https:\/\/goias.gov.br\/fapeg\/wp-content\/uploads\/sites\/5\/2025\/02\/839f76a3-f6c6-4bc5-a325-b580dfc907ff-1536x1024.jpg 1536w, https:\/\/goias.gov.br\/fapeg\/wp-content\/uploads\/sites\/5\/2025\/02\/839f76a3-f6c6-4bc5-a325-b580dfc907ff-2048x1365.jpg 2048w\" sizes=\"(max-width: 1024px) 100vw, 1024px\" \/><\/a><\/figure>\n<\/figure>\n\n\n\n<p>Fotos: Andre Saddi\/Secom<\/p>\n","protected":false},"excerpt":{"rendered":"<p>A solenidade de entrega do Pr\u00eamio Goiano de Ci\u00eancia, Tecnologia e Inova\u00e7\u00e3o \u00e9 uma iniciativa que destaca o talento e o impacto da pesquisa para o avan\u00e7o da sociedade O Governo de Goi\u00e1s, por meio da Funda\u00e7\u00e3o de Amparo \u00e0 Pesquisa do Estado de Goi\u00e1s (Fapeg) e da Secretaria de Ci\u00eancia, Tecnologia e Inova\u00e7\u00e3o (Secti) [&hellip;]<\/p>\n","protected":false},"author":94,"featured_media":60760,"comment_status":"closed","ping_status":"open","sticky":false,"template":"","format":"standard","meta":{"footnotes":""},"categories":[4,8],"tags":[],"class_list":["post-60761","post","type-post","status-publish","format-standard","has-post-thumbnail","hentry","category-noticias","category-fapeg"],"rttpg_featured_image_url":{"full":["https:\/\/goias.gov.br\/fapeg\/wp-content\/uploads\/sites\/5\/2025\/02\/84d7494e-4a4c-4091-91e0-cc06f86a9e7b-scaled.jpg",2560,1707,false],"landscape":["https:\/\/goias.gov.br\/fapeg\/wp-content\/uploads\/sites\/5\/2025\/02\/84d7494e-4a4c-4091-91e0-cc06f86a9e7b-scaled.jpg",2560,1707,false],"portraits":["https:\/\/goias.gov.br\/fapeg\/wp-content\/uploads\/sites\/5\/2025\/02\/84d7494e-4a4c-4091-91e0-cc06f86a9e7b-scaled.jpg",2560,1707,false],"thumbnail":["https:\/\/goias.gov.br\/fapeg\/wp-content\/uploads\/sites\/5\/2025\/02\/84d7494e-4a4c-4091-91e0-cc06f86a9e7b-150x150.jpg",150,150,true],"medium":["https:\/\/goias.gov.br\/fapeg\/wp-content\/uploads\/sites\/5\/2025\/02\/84d7494e-4a4c-4091-91e0-cc06f86a9e7b-300x200.jpg",300,200,true],"large":["https:\/\/goias.gov.br\/fapeg\/wp-content\/uploads\/sites\/5\/2025\/02\/84d7494e-4a4c-4091-91e0-cc06f86a9e7b-1024x683.jpg",1024,683,true],"1536x1536":["https:\/\/goias.gov.br\/fapeg\/wp-content\/uploads\/sites\/5\/2025\/02\/84d7494e-4a4c-4091-91e0-cc06f86a9e7b-1536x1024.jpg",1536,1024,true],"2048x2048":["https:\/\/goias.gov.br\/fapeg\/wp-content\/uploads\/sites\/5\/2025\/02\/84d7494e-4a4c-4091-91e0-cc06f86a9e7b-2048x1366.jpg",2048,1366,true]},"rttpg_author":{"display_name":"helenicesouza","author_link":"https:\/\/goias.gov.br\/fapeg\/author\/helenicesouza\/"},"rttpg_comment":0,"rttpg_category":"<a href=\"https:\/\/goias.gov.br\/fapeg\/categoria\/noticias\/\" rel=\"category tag\">Not\u00edcias<\/a> <a href=\"https:\/\/goias.gov.br\/fapeg\/categoria\/noticias\/fapeg\/\" rel=\"category tag\">Not\u00edcias FAPEG<\/a>","rttpg_excerpt":"A solenidade de entrega do Pr\u00eamio Goiano de Ci\u00eancia, Tecnologia e Inova\u00e7\u00e3o \u00e9 uma iniciativa que destaca o talento e o impacto da pesquisa para o avan\u00e7o da sociedade O Governo de Goi\u00e1s, por meio da Funda\u00e7\u00e3o de Amparo \u00e0 Pesquisa do Estado de Goi\u00e1s (Fapeg) e da Secretaria de Ci\u00eancia, Tecnologia e Inova\u00e7\u00e3o (Secti)&hellip;","_links":{"self":[{"href":"https:\/\/goias.gov.br\/fapeg\/wp-json\/wp\/v2\/posts\/60761","targetHints":{"allow":["GET"]}}],"collection":[{"href":"https:\/\/goias.gov.br\/fapeg\/wp-json\/wp\/v2\/posts"}],"about":[{"href":"https:\/\/goias.gov.br\/fapeg\/wp-json\/wp\/v2\/types\/post"}],"author":[{"embeddable":true,"href":"https:\/\/goias.gov.br\/fapeg\/wp-json\/wp\/v2\/users\/94"}],"replies":[{"embeddable":true,"href":"https:\/\/goias.gov.br\/fapeg\/wp-json\/wp\/v2\/comments?post=60761"}],"version-history":[{"count":2,"href":"https:\/\/goias.gov.br\/fapeg\/wp-json\/wp\/v2\/posts\/60761\/revisions"}],"predecessor-version":[{"id":60766,"href":"https:\/\/goias.gov.br\/fapeg\/wp-json\/wp\/v2\/posts\/60761\/revisions\/60766"}],"wp:featuredmedia":[{"embeddable":true,"href":"https:\/\/goias.gov.br\/fapeg\/wp-json\/wp\/v2\/media\/60760"}],"wp:attachment":[{"href":"https:\/\/goias.gov.br\/fapeg\/wp-json\/wp\/v2\/media?parent=60761"}],"wp:term":[{"taxonomy":"category","embeddable":true,"href":"https:\/\/goias.gov.br\/fapeg\/wp-json\/wp\/v2\/categories?post=60761"},{"taxonomy":"post_tag","embeddable":true,"href":"https:\/\/goias.gov.br\/fapeg\/wp-json\/wp\/v2\/tags?post=60761"}],"curies":[{"name":"wp","href":"https:\/\/api.w.org\/{rel}","templated":true}]}}