

{"id":38466,"date":"2024-01-31T19:02:00","date_gmt":"2024-01-31T22:02:00","guid":{"rendered":"https:\/\/goias.gov.br\/fapeg\/?p=38466"},"modified":"2024-01-31T19:02:07","modified_gmt":"2024-01-31T22:02:07","slug":"ceagre-e-cempa-apresentam-o-sistema-de-informacoes-agrometeorologicas-para-o-sudodeste-do-estado-de-goias-siag-safra-2023-2024","status":"publish","type":"post","link":"https:\/\/goias.gov.br\/fapeg\/ceagre-e-cempa-apresentam-o-sistema-de-informacoes-agrometeorologicas-para-o-sudodeste-do-estado-de-goias-siag-safra-2023-2024\/","title":{"rendered":"CEAGRE e CEMPA apresentam o Sistema de Informa\u00e7\u00f5es Agrometeorol\u00f3gicas para o Sudodeste do Estado de Goi\u00e1s (SIAG) &#8211; Safra 2023\/2024"},"content":{"rendered":"\n<p><em>Desenvolvido, tamb\u00e9m, com contribui\u00e7\u00f5es do INPE e CEBIO, o projeto re\u00fane dados das condi\u00e7\u00f5es clim\u00e1ticas da safra atual e an\u00e1lises de pesquisadores dos centros e institutos de pesquisa.<\/em><\/p>\n\n\n\n<p><\/p>\n\n\n\n<p>Na sexta-feira, 19 de janeiro, o Centro de Excel\u00eancia em Agricultura Exponencial e o Centro de Excel\u00eancia em Estudos, Monitoramento e Previs\u00f5es Ambientais do Cerrado (CEMPA-Cerrado), com as participa\u00e7\u00f5es do Centro de Excel\u00eancia em Bioinsumos (CEBIO) e o Instituto Nacional de Pesquisas Espaciais (INPE), apresentaram o SIAG e o seu relat\u00f3rio de informa\u00e7\u00f5es agrometeorol\u00f3gicas. Os dados foram coletados por uma rede composta por nove Esta\u00e7\u00f5es Meteorol\u00f3gicas Autom\u00e1ticas (EMA) distribu\u00eddas estrategicamente nas propriedades rurais de parceiros do projeto localizadas no sudoeste goiano. A apresenta\u00e7\u00e3o foi o tema principal da primeira edi\u00e7\u00e3o do evento \u201cProdutor &amp; CEAGRE\u201d, e teve a presen\u00e7a de agricultores da regi\u00e3o, empresas do agro, ve\u00edculos de comunica\u00e7\u00e3o e representantes das institui\u00e7\u00f5es envolvidas.&nbsp;<\/p>\n\n\n\n<p>O Sistema de Informa\u00e7\u00f5es Agrometeorol\u00f3gicas para o Sudoeste do Estado de Goi\u00e1s (SIAG) \u00e9 uma a\u00e7\u00e3o&nbsp; coletiva dos centros de excel\u00eancia fomentados pela Funda\u00e7\u00e3o de Amparo \u00e0 Pesquisa do Estado de Goi\u00e1s (FAPEG), chefiada pelo CEAGRE e o CEMPA. O intuito do projeto \u00e9 implementar e desenvolver o crescimento de uma rede de coleta de dados clim\u00e1ticos. Em seu est\u00e1gio inicial, o sistema foi direcionado para a regi\u00e3o sudoeste do estado, com a participa\u00e7\u00e3o de uma equipe multidisciplinar de pesquisadores, visando o desenvolvimento de an\u00e1lises dos impactos do clima em diferentes \u00e1reas, como: agrometeorologia, fisiologia vegetal e combate de pragas.&nbsp;<\/p>\n\n\n\n<p>O prof. Angel Dom\u00ednguez Chovert, vinculado ao CEMPA e o CEAGRE, destaca que o relat\u00f3rio e o SIAG s\u00e3o grandes aliados dos produtores rurais e dos meteorologistas neste segmento. Por meio de um projeto como este, o pesquisador acrescenta que, \u201cO sistema permite fazer o monitoramento das caracter\u00edsticas reais da regi\u00e3o e como isso impacta as condi\u00e7\u00f5es de tempo e atmosfera.\u201d. Os dados regionais e aqueles coletados em um aspecto global pelas esta\u00e7\u00f5es de \u00f3rg\u00e3os parceiros, contribuem para que os estudos feitos tenham uma maior precis\u00e3o. Desta forma, o trabalho em conjunto com os nove agricultores que receberam as esta\u00e7\u00f5es meteorol\u00f3gicas autom\u00e1ticas do CEAGRE, foi fundamental para a assertividade das previs\u00f5es. O agrometeorologista ressalta este ponto, complementando, \u201cIsso foi poss\u00edvel pela retroalimenta\u00e7\u00e3o que temos dos diferentes produtores, uma vez que n\u00e3o temos uma alta densidade de esta\u00e7\u00f5es na regi\u00e3o.\u201d.<\/p>\n\n\n\n<p>Em pleno funcionamento desde agosto de 2023, o SIAG permitiu o desenvolvimento de an\u00e1lises com dados precisos de varia\u00e7\u00f5es de precipita\u00e7\u00e3o, temperatura, umidade e vento do sudoeste goiano. Analisando o cen\u00e1rio, Angel tamb\u00e9m detalha as caracter\u00edsticas clim\u00e1ticas identificadas para a safra 2023\/2024, \u201cUm per\u00edodo com d\u00e9ficit h\u00eddrico, com uma quantidade de precipita\u00e7\u00e3o abaixo do esperado e com uma distribui\u00e7\u00e3o pouco heterog\u00eanea.\u201d. Portanto, o relat\u00f3rio registra que houve um aumento substancial da temperatura na regi\u00e3o em rela\u00e7\u00e3o ao seu valor m\u00e9dio hist\u00f3rico, e tamb\u00e9m, uma redu\u00e7\u00e3o da precipita\u00e7\u00e3o, dois aspectos cruciais para as lavouras.<\/p>\n\n\n\n<figure class=\"wp-block-gallery has-nested-images columns-default is-cropped wp-block-gallery-1 is-layout-flex wp-block-gallery-is-layout-flex\">\n<figure class=\"wp-block-image size-large\"><a href=\"https:\/\/goias.gov.br\/fapeg\/wp-content\/uploads\/sites\/5\/2024\/01\/Fotos-Materia-de-apresentacao-do-SIAG-e-do-relatorio-2-2.jpg\"><img fetchpriority=\"high\" decoding=\"async\" width=\"4000\" height=\"3000\" data-id=\"38472\" src=\"https:\/\/goias.gov.br\/fapeg\/wp-content\/uploads\/sites\/5\/2024\/01\/Fotos-Materia-de-apresentacao-do-SIAG-e-do-relatorio-2-2.jpg\" alt=\"\" class=\"wp-image-38472\" \/><\/a><figcaption class=\"wp-element-caption\">O prof. Angel explica remotamente os detalhes do relat\u00f3rio SIAG e as condi\u00e7\u00f5es de suas previs\u00f5es clim\u00e1ticas para o p\u00fablico de produtores rurais de Rio Verde &#8211; GO\u00a0 (Foto: \u00cdcaro Lunas &#8211; IF Goiano)<\/figcaption><\/figure>\n\n\n\n<figure class=\"wp-block-image size-large\"><a href=\"https:\/\/goias.gov.br\/fapeg\/wp-content\/uploads\/sites\/5\/2024\/01\/Fotos-Materia-de-apresentacao-do-SIAG-e-do-relatorio-3-1.jpg\"><img decoding=\"async\" width=\"4000\" height=\"3000\" data-id=\"38473\" src=\"https:\/\/goias.gov.br\/fapeg\/wp-content\/uploads\/sites\/5\/2024\/01\/Fotos-Materia-de-apresentacao-do-SIAG-e-do-relatorio-3-1.jpg\" alt=\"\" class=\"wp-image-38473\" \/><\/a><figcaption class=\"wp-element-caption\">Durante o evento, Adinan explica sobre os impactos das mudan\u00e7as clim\u00e1ticas no desenvolvimento de medidas preventivas, destacando o SIAG e os seus dados (Foto: \u00cdcaro Lunas &#8211; IF Goiano)<\/figcaption><\/figure>\n<\/figure>\n\n\n\n<p>Dentre as diversas vantagens e funcionalidades que o SIAG oferece aos produtores rurais, ele destaca o trabalho exclusivo da equipe de pesquisadores envolvidos neste projeto de car\u00e1ter estadual. Em sua fala, o pesquisador explica que essa uni\u00e3o \u00e9 a chave central do sucesso do SIAG, \u201cTer um conjunto de pessoas, dedicado a uma regi\u00e3o relativamente pequena, tentando entender o impacto real que fatores como, topografia, localiza\u00e7\u00e3o de corpos de \u00e1gua, tipos de cultivo, per\u00edodo da safra, desenvolvimento do cultivo, uso de solo e tipos de vegeta\u00e7\u00e3o, \u00e9 algo extremamente importante&#8221;.&nbsp;<\/p>\n\n\n\n<p>Gra\u00e7as aos dados coletados, e \u00e0 participa\u00e7\u00e3o de colaboradores cient\u00edficos de diversas \u00e1reas, o relat\u00f3rio SIAG traz, tamb\u00e9m,\u00a0 informa\u00e7\u00f5es pertinentes aos riscos fisiol\u00f3gicos que a safra 2023\/2024 tem enfrentado. O pesquisador do CEAGRE,\u00a0 Adinan Alves, especialista em fisiologia vegetal, aponta que, \u201cOs extremos clim\u00e1ticos est\u00e3o ficando cada vez mais intensos e frequentes. Secas e ondas de calor s\u00e3o dois fatores ambientais que amea\u00e7am a agricultura tropical, uma vez que possuem grande impacto negativo no crescimento e produtividade das culturas.\u201d. Desta forma, as culturas da regi\u00e3o t\u00eam enfrentado uma s\u00e9rie de estresses abi\u00f3ticos, diante destes desafios, o SIAG e o relat\u00f3rio atuam como aliados dos agricultores, conforme descrito pelo bi\u00f3logo, \u201cEle permite que o produtor antecipe medidas preventivas de manejo, como a aplica\u00e7\u00e3o de produtos que melhorem o desempenho fisiol\u00f3gico das plantas diante de estresses como seca, alta temperatura e excesso de radia\u00e7\u00e3o luminosa.\u201d.\u00a0<\/p>\n\n\n\n<p>Al\u00e9m do car\u00e1ter cient\u00edfico, o projeto pauta-se na divulga\u00e7\u00e3o das informa\u00e7\u00f5es adquiridas e estudos desenvolvidos pelos pesquisadores, por meio de um grupo no aplicativo WhatsApp, chamado \u201cSIAG\u201d. Aberto a toda comunidade de produtores da regi\u00e3o, o pesquisador Fernando Cabral e l\u00edder desta a\u00e7\u00e3o, diz que o grupo possui cerca de 400 produtores, e de jornalistas do agroneg\u00f3cio vinculados a ve\u00edculos de comunica\u00e7\u00e3o proeminentes neste mercado. A iniciativa \u00e9 uma estrat\u00e9gia de democratiza\u00e7\u00e3o do acesso dos agricultores \u00e0 dados cient\u00edficos pertinentes \u00e0s suas lavouras, contribuindo para que estes possam ter uma no\u00e7\u00e3o mais aprofundada sobre as mudan\u00e7as clim\u00e1ticas e os seus impactos nas safras. Estas informa\u00e7\u00f5es tamb\u00e9m s\u00e3o difundidas na forma de postagens nos perfis do CEAGRE no Instagram, Facebook e LinkedIn, atingindo uma presen\u00e7a digital importante para integrar a sociedade nessas a\u00e7\u00f5es.&nbsp;<\/p>\n\n\n\n<p>A expectativa para 2024 \u00e9 que a rede do SIAG siga crescendo exponencialmente, com a ades\u00e3o de mais produtores e a instala\u00e7\u00e3o de novas esta\u00e7\u00f5es meteorol\u00f3gicas para refor\u00e7ar a coleta de dados, que alimenta os estudos e previs\u00f5es desenvolvidas pelos pesquisadores. Em sua fala, o prof. Alan Carlos da Costa, Diretor Geral do CEAGRE e Pr\u00f3-reitor de Pesquisa, P\u00f3s-gradua\u00e7\u00e3o e Inova\u00e7\u00e3o do IF Goiano, destacou a import\u00e2ncia do SIAG, um projeto desenvolvido em parceria pelos centros de excel\u00eancia da FAPEG e que est\u00e1 a disposi\u00e7\u00e3o de agricultores, ve\u00edculos de comunica\u00e7\u00e3o e a sociedade como um todo.&nbsp;<\/p>\n\n\n\n<p>Para baixar o Relat\u00f3rio Agrometeorol\u00f3gico do SIAG, basta acessar este<a href=\"https:\/\/drive.google.com\/file\/d\/1BnvE3jW-KVUYKu4IrMLwNuMx15DA-oPM\/view?usp=sharing\"> link <\/a>e conferir as informa\u00e7\u00f5es e an\u00e1lises dos pesquisadores do IF Goiano, UFG (Universidade Federal de Goi\u00e1s) e INPE (Instituto Nacional de Pesquisas Espaciais).&nbsp;<\/p>\n\n\n\n<p><em>Autoria: \u00cdcaro Lunas, jornalista do IF Goiano.<\/em><\/p>\n","protected":false},"excerpt":{"rendered":"<p>Desenvolvido, tamb\u00e9m, com contribui\u00e7\u00f5es do INPE e CEBIO, o projeto re\u00fane dados das condi\u00e7\u00f5es clim\u00e1ticas da safra atual e an\u00e1lises de pesquisadores dos centros e institutos de pesquisa. Na sexta-feira, 19 de janeiro, o Centro de Excel\u00eancia em Agricultura Exponencial e o Centro de Excel\u00eancia em Estudos, Monitoramento e Previs\u00f5es Ambientais do Cerrado (CEMPA-Cerrado), com [&hellip;]<\/p>\n","protected":false},"author":93,"featured_media":38470,"comment_status":"closed","ping_status":"open","sticky":false,"template":"","format":"standard","meta":{"footnotes":""},"categories":[4,9],"tags":[],"class_list":["post-38466","post","type-post","status-publish","format-standard","has-post-thumbnail","hentry","category-noticias","category-cti"],"rttpg_featured_image_url":{"full":["https:\/\/goias.gov.br\/fapeg\/wp-content\/uploads\/sites\/5\/2024\/01\/Fotos-Materia-de-apresentacao-do-SIAG-e-do-relatorio-1-1.jpg",4000,3000,false],"landscape":["https:\/\/goias.gov.br\/fapeg\/wp-content\/uploads\/sites\/5\/2024\/01\/Fotos-Materia-de-apresentacao-do-SIAG-e-do-relatorio-1-1.jpg",4000,3000,false],"portraits":["https:\/\/goias.gov.br\/fapeg\/wp-content\/uploads\/sites\/5\/2024\/01\/Fotos-Materia-de-apresentacao-do-SIAG-e-do-relatorio-1-1.jpg",4000,3000,false],"thumbnail":["https:\/\/goias.gov.br\/fapeg\/wp-content\/uploads\/sites\/5\/2024\/01\/Fotos-Materia-de-apresentacao-do-SIAG-e-do-relatorio-1-1.jpg",150,113,false],"medium":["https:\/\/goias.gov.br\/fapeg\/wp-content\/uploads\/sites\/5\/2024\/01\/Fotos-Materia-de-apresentacao-do-SIAG-e-do-relatorio-1-1.jpg",300,225,false],"large":["https:\/\/goias.gov.br\/fapeg\/wp-content\/uploads\/sites\/5\/2024\/01\/Fotos-Materia-de-apresentacao-do-SIAG-e-do-relatorio-1-1.jpg",1024,768,false],"1536x1536":["https:\/\/goias.gov.br\/fapeg\/wp-content\/uploads\/sites\/5\/2024\/01\/Fotos-Materia-de-apresentacao-do-SIAG-e-do-relatorio-1-1.jpg",1536,1152,false],"2048x2048":["https:\/\/goias.gov.br\/fapeg\/wp-content\/uploads\/sites\/5\/2024\/01\/Fotos-Materia-de-apresentacao-do-SIAG-e-do-relatorio-1-1.jpg",2048,1536,false]},"rttpg_author":{"display_name":"julianadiniz","author_link":"https:\/\/goias.gov.br\/fapeg\/author\/julianadiniz\/"},"rttpg_comment":0,"rttpg_category":"<a href=\"https:\/\/goias.gov.br\/fapeg\/categoria\/noticias\/\" rel=\"category tag\">Not\u00edcias<\/a> <a href=\"https:\/\/goias.gov.br\/fapeg\/categoria\/cti\/\" rel=\"category tag\">Not\u00edcias CT&amp;I<\/a>","rttpg_excerpt":"Desenvolvido, tamb\u00e9m, com contribui\u00e7\u00f5es do INPE e CEBIO, o projeto re\u00fane dados das condi\u00e7\u00f5es clim\u00e1ticas da safra atual e an\u00e1lises de pesquisadores dos centros e institutos de pesquisa. Na sexta-feira, 19 de janeiro, o Centro de Excel\u00eancia em Agricultura Exponencial e o Centro de Excel\u00eancia em Estudos, Monitoramento e Previs\u00f5es Ambientais do Cerrado (CEMPA-Cerrado), com&hellip;","_links":{"self":[{"href":"https:\/\/goias.gov.br\/fapeg\/wp-json\/wp\/v2\/posts\/38466","targetHints":{"allow":["GET"]}}],"collection":[{"href":"https:\/\/goias.gov.br\/fapeg\/wp-json\/wp\/v2\/posts"}],"about":[{"href":"https:\/\/goias.gov.br\/fapeg\/wp-json\/wp\/v2\/types\/post"}],"author":[{"embeddable":true,"href":"https:\/\/goias.gov.br\/fapeg\/wp-json\/wp\/v2\/users\/93"}],"replies":[{"embeddable":true,"href":"https:\/\/goias.gov.br\/fapeg\/wp-json\/wp\/v2\/comments?post=38466"}],"version-history":[{"count":1,"href":"https:\/\/goias.gov.br\/fapeg\/wp-json\/wp\/v2\/posts\/38466\/revisions"}],"predecessor-version":[{"id":38474,"href":"https:\/\/goias.gov.br\/fapeg\/wp-json\/wp\/v2\/posts\/38466\/revisions\/38474"}],"wp:featuredmedia":[{"embeddable":true,"href":"https:\/\/goias.gov.br\/fapeg\/wp-json\/wp\/v2\/media\/38470"}],"wp:attachment":[{"href":"https:\/\/goias.gov.br\/fapeg\/wp-json\/wp\/v2\/media?parent=38466"}],"wp:term":[{"taxonomy":"category","embeddable":true,"href":"https:\/\/goias.gov.br\/fapeg\/wp-json\/wp\/v2\/categories?post=38466"},{"taxonomy":"post_tag","embeddable":true,"href":"https:\/\/goias.gov.br\/fapeg\/wp-json\/wp\/v2\/tags?post=38466"}],"curies":[{"name":"wp","href":"https:\/\/api.w.org\/{rel}","templated":true}]}}