

{"id":36694,"date":"2023-08-22T20:51:06","date_gmt":"2023-08-22T23:51:06","guid":{"rendered":"http:\/\/www.fapeg.go.gov.br\/?p=36562"},"modified":"2023-08-22T20:51:06","modified_gmt":"2023-08-22T23:51:06","slug":"cei-ufg-celebra-contratos-de-pre-incubacao-com-projetos-selecionados-em-edital","status":"publish","type":"post","link":"https:\/\/goias.gov.br\/fapeg\/cei-ufg-celebra-contratos-de-pre-incubacao-com-projetos-selecionados-em-edital\/","title":{"rendered":"CEI-UFG celebra contratos de pr\u00e9-incuba\u00e7\u00e3o com projetos selecionados em edital"},"content":{"rendered":"<p dir=\"ltr\"><em><span style=\"font-family: arial, sans-serif\"><a href=\"https:\/\/goias.gov.br\/fapeg\/wp-content\/uploads\/sites\/5\/2023\/08\/BannerNoticia_CEI-UFG-celebra-contratos-de-pre-incubacao-com-projetos-selecionados.jpg\"><img fetchpriority=\"high\" decoding=\"async\" class=\"alignleft  wp-image-36563\" src=\"https:\/\/goias.gov.br\/fapeg\/wp-content\/uploads\/sites\/5\/2023\/08\/BannerNoticia_CEI-UFG-celebra-contratos-de-pre-incubacao-com-projetos-selecionados.jpg\" alt=\"\" width=\"380\" height=\"253\" \/><\/a>Evento realizado no audit\u00f3rio da PRPI\/UFG promoveu integra\u00e7\u00e3o entre empreendedores e marcou in\u00edcio formal de novo ciclo<\/span><\/em><\/p>\n<p><span style=\"font-family: arial, sans-serif\">\u00a0<\/span><\/p>\n<p dir=\"ltr\"><span style=\"font-family: arial, sans-serif\">A Pr\u00f3-Reitoria de Pesquisa e Inova\u00e7\u00e3o (PRPI) da UFG foi palco, nesta ter\u00e7a (22\/08), de um evento para assinatura dos contratos de pr\u00e9-incuba\u00e7\u00e3o dos projetos vencedores do edital de chamada p\u00fablica do CEI\/UFG n\u00b0 01\/2023 e da 9\u00aa Olimp\u00edada de Empreendedorismo Universit\u00e1rio, realizada no final de 2022. O processo, conduzido pelo Centro de Empreendedorismo e Incuba\u00e7\u00e3o (CEI-UFG), no \u00e2mbito do conv\u00eanio realizado entre a UFG e a Funda\u00e7\u00e3o de Amparo \u00e0 Pesquisa do Estado de Goi\u00e1s (Fapeg), com apoio do Servi\u00e7o Brasileiro de Apoio \u00e0s Micro e Pequenas Empresas (Sebrae), teve o resultado final divulgado em fevereiro deste ano.<\/span><\/p>\n<p dir=\"ltr\"><span style=\"font-family: arial, sans-serif\">Durante o encontro, os representantes dos projetos pr\u00e9-incubados tiveram acesso a um coffee break e depois seguiram para o audit\u00f3rio, onde houve a cerim\u00f4nia. Ali, eles foram oficialmente apresentados uns aos outros e tiveram a oportunidade de contar um pouco sobre seus modelos de neg\u00f3cios, assinando, em seguida, a documenta\u00e7\u00e3o que formaliza a parceria. Fizeram parte deste momento as empresas\u00a0<\/span>Ag\u00eancia Sotaque, Biofer Tech, Incubadora de Jovens, NanoAI: Artificial Intelligence, NanoTerra e Vits.<\/p>\n<p dir=\"ltr\"><span style=\"font-family: arial, sans-serif\"><a href=\"https:\/\/goias.gov.br\/fapeg\/wp-content\/uploads\/sites\/5\/2023\/08\/Noticia_CEI-UFG-celebra-contratos-de-pre-incubacao-com-projetos-selecionados.jpg\"><img decoding=\"async\" class=\"alignleft  wp-image-36564\" src=\"https:\/\/goias.gov.br\/fapeg\/wp-content\/uploads\/sites\/5\/2023\/08\/Noticia_CEI-UFG-celebra-contratos-de-pre-incubacao-com-projetos-selecionados.jpg\" alt=\"\" width=\"381\" height=\"254\" \/><\/a>O evento tamb\u00e9m ficou marcado pela realiza\u00e7\u00e3o de uma edi\u00e7\u00e3o presencial do Programa Li\u00e7\u00f5es Aprendidas (PLE), com a participa\u00e7\u00e3o de W\u00e1lisson Gobbo, fundador e l\u00edder da Jumperbot Rob\u00f3tica Educacional, uma empresa graduada pelo CEI-UFG e que atua no ensino de rob\u00f3tica e programa\u00e7\u00e3o para crian\u00e7as e adolescentes. Al\u00e9m de falar sobre sua trajet\u00f3ria, ele tirou d\u00favidas e ofereceu insights valiosos aos mais novos empreendedores do CEI-UFG. Rafael Pacheco, CEO da Hoortech, startup goiana que atualmente est\u00e1 incubada no Centro, foi outro a narrar sua experi\u00eancia.<\/span><\/p>\n<p dir=\"ltr\"><span style=\"font-family: arial, sans-serif\">Na ocasi\u00e3o, a diretora do CEI-UFG, Cleonice Borges, deu as boas-vindas a todos e ressaltou que a estrutura e os recursos da Universidade est\u00e3o \u00e0 disposi\u00e7\u00e3o para apoiar os projetos. &#8220;Nem todos chegam ao final da pr\u00e9-incuba\u00e7\u00e3o, mas nosso objetivo \u00e9 oferecer a sustenta\u00e7\u00e3o necess\u00e1ria, sempre com o apoio de parceiros do ecossistema empreendedor e de inova\u00e7\u00e3o do estado de Goi\u00e1s, para fazer com que esses neg\u00f3cios sagrem-se exitosos e tenham perenidade&#8221;, afirma.\u00a0<\/span><\/p>\n<p dir=\"ltr\"><span style=\"font-family: arial, sans-serif\">Compareceram\u00a0 a pr\u00f3-reitora de Pesquisa e Inova\u00e7\u00e3o da UFG, Helena Carasek; a pr\u00f3-reitora adjunta de Pesquisa e Inova\u00e7\u00e3o e diretora de Pesquisa da UFG, Fab\u00edola Fiaccadori; o diretor de Transfer\u00eancia e Inova\u00e7\u00e3o Tecnol\u00f3gica da UFG, Marinaldo Ribeiro; o diretor do Parque Tecnol\u00f3gico Samambaia (PTS\/UFG), Luizmar J\u00fanior; a Analista de Inova\u00e7\u00e3o do Sebrae Goi\u00e1s e ex-gerente do CEI-UFG, Emilia Pires; o gerente do CEI-UFG, Anderson Dias; e demais colaboradores do CEI-UFG.<\/span><\/p>\n<p dir=\"ltr\"><strong>Fonte:<\/strong> Comunica\u00e7\u00e3o e Eventos UFG<\/p>\n","protected":false},"excerpt":{"rendered":"<p>Evento realizado no audit\u00f3rio da PRPI\/UFG promoveu integra\u00e7\u00e3o entre empreendedores e marcou in\u00edcio formal de novo ciclo \u00a0 A Pr\u00f3-Reitoria de Pesquisa e Inova\u00e7\u00e3o (PRPI) da UFG foi palco, nesta ter\u00e7a (22\/08), de um evento para assinatura dos contratos de pr\u00e9-incuba\u00e7\u00e3o dos projetos vencedores do edital de chamada p\u00fablica do CEI\/UFG n\u00b0 01\/2023 e da [&hellip;]<\/p>\n","protected":false},"author":89,"featured_media":36563,"comment_status":"closed","ping_status":"closed","sticky":false,"template":"","format":"standard","meta":{"footnotes":""},"categories":[9],"tags":[],"class_list":["post-36694","post","type-post","status-publish","format-standard","has-post-thumbnail","hentry","category-cti"],"rttpg_featured_image_url":null,"rttpg_author":{"display_name":"desenvolvimentoprofissional@goias.gov.br","author_link":"https:\/\/goias.gov.br\/fapeg\/author\/desenvolvimentoprofissionalgoias-gov-br\/"},"rttpg_comment":0,"rttpg_category":"<a href=\"https:\/\/goias.gov.br\/fapeg\/categoria\/cti\/\" rel=\"category tag\">Not\u00edcias CT&amp;I<\/a>","rttpg_excerpt":"Evento realizado no audit\u00f3rio da PRPI\/UFG promoveu integra\u00e7\u00e3o entre empreendedores e marcou in\u00edcio formal de novo ciclo \u00a0 A Pr\u00f3-Reitoria de Pesquisa e Inova\u00e7\u00e3o (PRPI) da UFG foi palco, nesta ter\u00e7a (22\/08), de um evento para assinatura dos contratos de pr\u00e9-incuba\u00e7\u00e3o dos projetos vencedores do edital de chamada p\u00fablica do CEI\/UFG n\u00b0 01\/2023 e da&hellip;","_links":{"self":[{"href":"https:\/\/goias.gov.br\/fapeg\/wp-json\/wp\/v2\/posts\/36694","targetHints":{"allow":["GET"]}}],"collection":[{"href":"https:\/\/goias.gov.br\/fapeg\/wp-json\/wp\/v2\/posts"}],"about":[{"href":"https:\/\/goias.gov.br\/fapeg\/wp-json\/wp\/v2\/types\/post"}],"author":[{"embeddable":true,"href":"https:\/\/goias.gov.br\/fapeg\/wp-json\/wp\/v2\/users\/89"}],"replies":[{"embeddable":true,"href":"https:\/\/goias.gov.br\/fapeg\/wp-json\/wp\/v2\/comments?post=36694"}],"version-history":[{"count":0,"href":"https:\/\/goias.gov.br\/fapeg\/wp-json\/wp\/v2\/posts\/36694\/revisions"}],"wp:featuredmedia":[{"embeddable":true,"href":"https:\/\/goias.gov.br\/fapeg\/wp-json\/"}],"wp:attachment":[{"href":"https:\/\/goias.gov.br\/fapeg\/wp-json\/wp\/v2\/media?parent=36694"}],"wp:term":[{"taxonomy":"category","embeddable":true,"href":"https:\/\/goias.gov.br\/fapeg\/wp-json\/wp\/v2\/categories?post=36694"},{"taxonomy":"post_tag","embeddable":true,"href":"https:\/\/goias.gov.br\/fapeg\/wp-json\/wp\/v2\/tags?post=36694"}],"curies":[{"name":"wp","href":"https:\/\/api.w.org\/{rel}","templated":true}]}}