

{"id":36474,"date":"2023-09-11T17:48:17","date_gmt":"2023-09-11T20:48:17","guid":{"rendered":"https:\/\/siteshom.goias.gov.br\/fapeg\/?p=36474"},"modified":"2023-09-22T15:25:17","modified_gmt":"2023-09-22T18:25:17","slug":"chamada-transnacional-conjunta-biodiversa-2023-biodivnbs","status":"publish","type":"post","link":"https:\/\/goias.gov.br\/fapeg\/chamada-transnacional-conjunta-biodiversa-2023-biodivnbs\/","title":{"rendered":"Chamada Transnacional Conjunta Biodiversa+ 2023 (BiodivNBS)"},"content":{"rendered":"\n<p><a href=\"https:\/\/goias.gov.br\/fapeg\/wp-content\/uploads\/sites\/5\/2023\/09\/BIODIVERSA-2023-diretrizes-FAPEG.pdf\">Diretrizes da Fapeg<\/a><br><br>As informa\u00e7\u00f5es sobre a chamada est\u00e3o dispon\u00edveis em:<br><a href=\"https:\/\/confap.org.br\/news\/confap-e-cnpq-apoiam-chamada-transnacional-conjunta-biodiversa-2023-biodivnbs\/\">confap.org.br\/news\/confap-e-cnpq-apoiam-chamada-transnacional-conjunta-biodiversa-2023-biodivnbs\/<\/a><\/p>\n\n\n\n<p><a href=\"https:\/\/www.biodiversa.eu\/2023\/06\/05\/2023-2024-joint-call\/\">Open Call \u2013 Biodiversa +<\/a><\/p>\n\n\n\n<p>Caso tenha d\u00favida, entre em contato com a Ger\u00eancia de Parcerias Internacionais pelo e-mail: internacional.fapeg@goias.gov.br<\/p>\n","protected":false},"excerpt":{"rendered":"<p>Edital aberto: Chamada Transnacional Conjunta Biodiversa+ 2023 (BiodivNBS)<\/p>\n","protected":false},"author":86,"featured_media":0,"comment_status":"closed","ping_status":"open","sticky":false,"template":"","format":"standard","meta":{"footnotes":""},"categories":[2],"tags":[88,87],"class_list":["post-36474","post","type-post","status-publish","format-standard","hentry","category-editais","tag-biodiversidade","tag-edital"],"rttpg_featured_image_url":null,"rttpg_author":{"display_name":"gepe.subcaspd.saude@goias.gov.br","author_link":"https:\/\/goias.gov.br\/fapeg\/author\/gepe-subcaspd-saudegoias-gov-br\/"},"rttpg_comment":0,"rttpg_category":"<a href=\"https:\/\/goias.gov.br\/fapeg\/categoria\/editais\/\" rel=\"category tag\">Editais<\/a>","rttpg_excerpt":"Edital aberto: Chamada Transnacional Conjunta Biodiversa+ 2023 (BiodivNBS)","_links":{"self":[{"href":"https:\/\/goias.gov.br\/fapeg\/wp-json\/wp\/v2\/posts\/36474","targetHints":{"allow":["GET"]}}],"collection":[{"href":"https:\/\/goias.gov.br\/fapeg\/wp-json\/wp\/v2\/posts"}],"about":[{"href":"https:\/\/goias.gov.br\/fapeg\/wp-json\/wp\/v2\/types\/post"}],"author":[{"embeddable":true,"href":"https:\/\/goias.gov.br\/fapeg\/wp-json\/wp\/v2\/users\/86"}],"replies":[{"embeddable":true,"href":"https:\/\/goias.gov.br\/fapeg\/wp-json\/wp\/v2\/comments?post=36474"}],"version-history":[{"count":2,"href":"https:\/\/goias.gov.br\/fapeg\/wp-json\/wp\/v2\/posts\/36474\/revisions"}],"predecessor-version":[{"id":36710,"href":"https:\/\/goias.gov.br\/fapeg\/wp-json\/wp\/v2\/posts\/36474\/revisions\/36710"}],"wp:attachment":[{"href":"https:\/\/goias.gov.br\/fapeg\/wp-json\/wp\/v2\/media?parent=36474"}],"wp:term":[{"taxonomy":"category","embeddable":true,"href":"https:\/\/goias.gov.br\/fapeg\/wp-json\/wp\/v2\/categories?post=36474"},{"taxonomy":"post_tag","embeddable":true,"href":"https:\/\/goias.gov.br\/fapeg\/wp-json\/wp\/v2\/tags?post=36474"}],"curies":[{"name":"wp","href":"https:\/\/api.w.org\/{rel}","templated":true}]}}