

{"id":36104,"date":"2023-06-26T12:16:10","date_gmt":"2023-06-26T15:16:10","guid":{"rendered":"http:\/\/www.fapeg.go.gov.br\/?p=36104"},"modified":"2023-06-26T14:57:40","modified_gmt":"2023-06-26T17:57:40","slug":"fapeg-participa-da-primeira-edicao-do-ciclo-de-palestras-do-pacto-goias-pela-inovacao","status":"publish","type":"post","link":"https:\/\/goias.gov.br\/fapeg\/fapeg-participa-da-primeira-edicao-do-ciclo-de-palestras-do-pacto-goias-pela-inovacao\/","title":{"rendered":"Fapeg participa da primeira edi\u00e7\u00e3o do Ciclo de Palestras do Pacto Goi\u00e1s pela Inova\u00e7\u00e3o"},"content":{"rendered":"<p><em>Evento aconteceu nesta segunda-feira para favorecer troca de experi\u00eancias e engajamento entre integrantes do projeto.<\/em><\/p>\n<p><a href=\"https:\/\/goias.gov.br\/fapeg\/wp-content\/uploads\/sites\/5\/2023\/06\/DSC_0087.jpg\"><img fetchpriority=\"high\" decoding=\"async\" class=\"alignright wp-image-36106\" src=\"https:\/\/goias.gov.br\/fapeg\/wp-content\/uploads\/sites\/5\/2023\/06\/DSC_0087.jpg\" alt=\"\" width=\"413\" height=\"275\" \/><\/a><\/p>\n<p>A primeira edi\u00e7\u00e3o do Ciclo de Palestras do Pacto Goi\u00e1s pela Inova\u00e7\u00e3o aconteceu nesta segunda-feira, 26, \u00e0s 9 horas, na sede da Federa\u00e7\u00e3o do Com\u00e9rcio de Bens, Servi\u00e7os e Turismo do Estado de Goi\u00e1s (Fecom\u00e9rcio GO). O tema do encontro, do qual a Funda\u00e7\u00e3o de Amparo \u00e0 Pesquisa do Estado de Goi\u00e1s (Fapeg) participou representada pelo presidente Robson Viera, foi \u201cComunidades de inova\u00e7\u00e3o e o impacto no ecossistema goiano\u201d.<\/p>\n<p>A programa\u00e7\u00e3o contou com palestras de representantes dos grupos Black Stars; MulheresGO; StartupGO; All-In Hub, de Catal\u00e3o; \u00c1rea 64, de Rio Verde; Ajintech, gestora do Parque Tecnol\u00f3gico de Jata\u00ed; e Rede IC&amp;B, de Mineiros. O assessor da presid\u00eancia da Financiadora de Estudos e Projetos (Finep), ex-reitor da Universidade Federal de Goi\u00e1s (UFG) Edward Madureira, ainda fez uma apresenta\u00e7\u00e3o on-line sobre o edital Mulheres Empreendedoras, lan\u00e7ado oficialmente pelo Minist\u00e9rio da Ci\u00eancia, Tecnologia e Inova\u00e7\u00e3o (MCTI) na \u00faltima quarta-feira, 21.<\/p>\n<p>Durante o encontro, representantes de \u00f3rg\u00e3os e entidades ligados \u00e0 \u00e1rea de CTI assinaram o manifesto do Pacto Goi\u00e1s e passaram a integrar, oficialmente, o movimento. Os membros dos grupos de trabalho institu\u00eddos pelo colegiado &#8211; que discutem projetos sobre intelig\u00eancia artificial, inova\u00e7\u00e3o no interior, e agenda de eventos &#8211; tamb\u00e9m estiveram na reuni\u00e3o.<\/p>\n<p>Para o primeiro bi\u00eanio do pacto foram eleitos, respectivamente, o secret\u00e1rio estadual de Ci\u00eancia, Tecnologia e Inova\u00e7\u00e3o, Jos\u00e9 Frederico Lyra Netto, como coordenador; e o vice-presidente da Fecom\u00e9rcio GO, Marco Chaul, como vice-coordenador.<\/p>\n<p><a href=\"https:\/\/goias.gov.br\/fapeg\/wp-content\/uploads\/sites\/5\/2023\/06\/DSC_0080.jpg\"><img decoding=\"async\" class=\"alignleft wp-image-36105\" src=\"https:\/\/goias.gov.br\/fapeg\/wp-content\/uploads\/sites\/5\/2023\/06\/DSC_0080.jpg\" alt=\"\" width=\"413\" height=\"275\" \/><\/a><\/p>\n<p><strong>Hist\u00f3rico<\/strong><\/p>\n<p>Lan\u00e7ado oficialmente em mar\u00e7o de 2023, o movimento re\u00fane entidades e \u00f3rg\u00e3os da chamada qu\u00e1drupla h\u00e9lice da inova\u00e7\u00e3o &#8211; formada por representantes de governos, universidades, setor produtivo e sociedade civil organizada.<\/p>\n<p>O modelo de formata\u00e7\u00e3o da governan\u00e7a segue casos de sucesso j\u00e1 experimentados em pa\u00edses como a Espanha e a Col\u00f4mbia, al\u00e9m do munic\u00edpio de Porto Alegre e o Estado de Santa Catarina, formulados pelo consultor internacionalmente reconhecido na \u00e1rea, Josep Piqu\u00e9.<\/p>\n<p>O pacto, que j\u00e1 conta com quase cem signat\u00e1rios, nasceu tamb\u00e9m a partir da fus\u00e3o com outro movimento, o Alian\u00e7a pela Inova\u00e7\u00e3o, que era conduzido pela Federa\u00e7\u00e3o das Ind\u00fastrias do Estado de Goi\u00e1s (Fieg). Juntos agora, eles trabalham fundamentados em quatro eixos: conhecimento e talentos; capital e atra\u00e7\u00e3o de investimentos; infraestrutura; e redes e colabora\u00e7\u00e3o. Atualmente, os grupos de trabalho institu\u00eddos debatem projetos sobre intelig\u00eancia artificial, inova\u00e7\u00e3o no interior, e agenda de eventos.<\/p>\n<p>&nbsp;<\/p>\n<p><strong>Conselho Gestor<\/strong><\/p>\n<p>S\u00e3o 15 as entidades que comp\u00f5em o Conselho Gestor: Secretaria de Estado de Ci\u00eancia, Tecnologia e Inova\u00e7\u00e3o (Secti); Funda\u00e7\u00e3o de Amparo \u00e0 Pesquisa do Estado de Goi\u00e1s (Fapeg); universidades Federal de Goi\u00e1s (UFG), Estadual de Goi\u00e1s (UEG), PUC Goi\u00e1s, Instituto Federal de Goi\u00e1s (IFG Goi\u00e1s) e IF Goiano; al\u00e9m da Fecom\u00e9rcio; Federa\u00e7\u00e3o da Agricultura e Pecu\u00e1ria de Goi\u00e1s (Faeg); Associa\u00e7\u00e3o Pr\u00f3-Desenvolvimento Industrial do Estado de Goi\u00e1s (Adial); Associa\u00e7\u00e3o Comercial, Industrial e Servi\u00e7os de Goi\u00e1s (Acieg); Servi\u00e7o Brasileiro de Apoio \u00e0s Micro e Pequenas Empresas (Sebrae), se\u00e7\u00e3o Goi\u00e1s; Sindicato e Organiza\u00e7\u00e3o das Cooperativas Brasileiras no Estado de Goi\u00e1s (OCB-GO); Fieg; al\u00e9m de um representante de startup goiana.<\/p>\n<p>&nbsp;<\/p>\n<p><em>Assessoria do Pacto Goi\u00e1s pela Inova\u00e7\u00e3o com altera\u00e7\u00f5es<\/em><\/p>\n","protected":false},"excerpt":{"rendered":"<p>Evento aconteceu nesta segunda-feira para favorecer troca de experi\u00eancias e engajamento entre integrantes do projeto. A primeira edi\u00e7\u00e3o do Ciclo de Palestras do Pacto Goi\u00e1s pela Inova\u00e7\u00e3o aconteceu nesta segunda-feira, 26, \u00e0s 9 horas, na sede da Federa\u00e7\u00e3o do Com\u00e9rcio de Bens, Servi\u00e7os e Turismo do Estado de Goi\u00e1s (Fecom\u00e9rcio GO). O tema do encontro, [&hellip;]<\/p>\n","protected":false},"author":47,"featured_media":36105,"comment_status":"closed","ping_status":"closed","sticky":false,"template":"","format":"standard","meta":{"footnotes":""},"categories":[1],"tags":[],"class_list":["post-36104","post","type-post","status-publish","format-standard","has-post-thumbnail","hentry","category-sem-categoria"],"rttpg_featured_image_url":{"full":["https:\/\/goias.gov.br\/fapeg\/wp-content\/uploads\/sites\/5\/2023\/06\/DSC_0080.jpg",2048,1365,false],"landscape":["https:\/\/goias.gov.br\/fapeg\/wp-content\/uploads\/sites\/5\/2023\/06\/DSC_0080.jpg",2048,1365,false],"portraits":["https:\/\/goias.gov.br\/fapeg\/wp-content\/uploads\/sites\/5\/2023\/06\/DSC_0080.jpg",2048,1365,false],"thumbnail":["https:\/\/goias.gov.br\/fapeg\/wp-content\/uploads\/sites\/5\/2023\/06\/DSC_0080.jpg",150,100,false],"medium":["https:\/\/goias.gov.br\/fapeg\/wp-content\/uploads\/sites\/5\/2023\/06\/DSC_0080.jpg",300,200,false],"large":["https:\/\/goias.gov.br\/fapeg\/wp-content\/uploads\/sites\/5\/2023\/06\/DSC_0080.jpg",1024,683,false],"1536x1536":["https:\/\/goias.gov.br\/fapeg\/wp-content\/uploads\/sites\/5\/2023\/06\/DSC_0080.jpg",1536,1024,false],"2048x2048":["https:\/\/goias.gov.br\/fapeg\/wp-content\/uploads\/sites\/5\/2023\/06\/DSC_0080.jpg",2048,1365,false]},"rttpg_author":{"display_name":"carolinaam","author_link":"https:\/\/goias.gov.br\/fapeg\/author\/carolinaam\/"},"rttpg_comment":0,"rttpg_category":"<a href=\"https:\/\/goias.gov.br\/fapeg\/categoria\/sem-categoria\/\" rel=\"category tag\">Sem categoria<\/a>","rttpg_excerpt":"Evento aconteceu nesta segunda-feira para favorecer troca de experi\u00eancias e engajamento entre integrantes do projeto. A primeira edi\u00e7\u00e3o do Ciclo de Palestras do Pacto Goi\u00e1s pela Inova\u00e7\u00e3o aconteceu nesta segunda-feira, 26, \u00e0s 9 horas, na sede da Federa\u00e7\u00e3o do Com\u00e9rcio de Bens, Servi\u00e7os e Turismo do Estado de Goi\u00e1s (Fecom\u00e9rcio GO). O tema do encontro,&hellip;","_links":{"self":[{"href":"https:\/\/goias.gov.br\/fapeg\/wp-json\/wp\/v2\/posts\/36104","targetHints":{"allow":["GET"]}}],"collection":[{"href":"https:\/\/goias.gov.br\/fapeg\/wp-json\/wp\/v2\/posts"}],"about":[{"href":"https:\/\/goias.gov.br\/fapeg\/wp-json\/wp\/v2\/types\/post"}],"author":[{"embeddable":true,"href":"https:\/\/goias.gov.br\/fapeg\/wp-json\/wp\/v2\/users\/47"}],"replies":[{"embeddable":true,"href":"https:\/\/goias.gov.br\/fapeg\/wp-json\/wp\/v2\/comments?post=36104"}],"version-history":[{"count":3,"href":"https:\/\/goias.gov.br\/fapeg\/wp-json\/wp\/v2\/posts\/36104\/revisions"}],"predecessor-version":[{"id":36112,"href":"https:\/\/goias.gov.br\/fapeg\/wp-json\/wp\/v2\/posts\/36104\/revisions\/36112"}],"wp:featuredmedia":[{"embeddable":true,"href":"https:\/\/goias.gov.br\/fapeg\/wp-json\/wp\/v2\/media\/36105"}],"wp:attachment":[{"href":"https:\/\/goias.gov.br\/fapeg\/wp-json\/wp\/v2\/media?parent=36104"}],"wp:term":[{"taxonomy":"category","embeddable":true,"href":"https:\/\/goias.gov.br\/fapeg\/wp-json\/wp\/v2\/categories?post=36104"},{"taxonomy":"post_tag","embeddable":true,"href":"https:\/\/goias.gov.br\/fapeg\/wp-json\/wp\/v2\/tags?post=36104"}],"curies":[{"name":"wp","href":"https:\/\/api.w.org\/{rel}","templated":true}]}}