

{"id":3451,"date":"2016-02-11T07:57:21","date_gmt":"2016-02-11T10:57:21","guid":{"rendered":"http:\/\/www.fapeg.go.gov.br\/?p=3451"},"modified":"2018-10-08T11:40:17","modified_gmt":"2018-10-08T14:40:17","slug":"comunidade-inserida-na-sociedade-da-informacao","status":"publish","type":"post","link":"https:\/\/goias.gov.br\/fapeg\/comunidade-inserida-na-sociedade-da-informacao\/","title":{"rendered":"Comunidade inserida na sociedade da informa\u00e7\u00e3o"},"content":{"rendered":"<figure id=\"attachment_3452\" aria-describedby=\"caption-attachment-3452\" style=\"width: 300px\" class=\"wp-caption alignleft\"><a href=\"https:\/\/goias.gov.br\/fapeg\/wp-content\/uploads\/sites\/5\/2016\/02\/Na-Assincat-idosos-aprendem-no\u00e7\u00f5es-b\u00e1sicas-de-computa\u00e7\u00e3o.jpg\"><img fetchpriority=\"high\" decoding=\"async\" class=\"size-medium wp-image-3452\" src=\"https:\/\/goias.gov.br\/fapeg\/wp-content\/uploads\/sites\/5\/2016\/02\/Na-Assincat-idosos-aprendem-no\u00e7\u00f5es-b\u00e1sicas-de-computa\u00e7\u00e3o-300x225.jpg\" alt=\"Na Assincat, idosos aprendem no\u00e7\u00f5es b\u00e1sicas de computa\u00e7\u00e3o \" width=\"300\" height=\"225\" srcset=\"https:\/\/goias.gov.br\/fapeg\/wp-content\/uploads\/sites\/5\/2016\/02\/Na-Assincat-idosos-aprendem-no\u00e7\u00f5es-b\u00e1sicas-de-computa\u00e7\u00e3o-300x225.jpg 300w, https:\/\/goias.gov.br\/fapeg\/wp-content\/uploads\/sites\/5\/2016\/02\/Na-Assincat-idosos-aprendem-no\u00e7\u00f5es-b\u00e1sicas-de-computa\u00e7\u00e3o-768x576.jpg 768w, https:\/\/goias.gov.br\/fapeg\/wp-content\/uploads\/sites\/5\/2016\/02\/Na-Assincat-idosos-aprendem-no\u00e7\u00f5es-b\u00e1sicas-de-computa\u00e7\u00e3o.jpg 1024w\" sizes=\"(max-width: 300px) 100vw, 300px\" \/><\/a><figcaption id=\"caption-attachment-3452\" class=\"wp-caption-text\">Na Assincat, idosos aprendem no\u00e7\u00f5es b\u00e1sicas de computa\u00e7\u00e3o. Foto: Assincat.<\/figcaption><\/figure>\n<p>A cidade de Catal\u00e3o tem mais de 90 mil habitantes e parte significativa dessa popula\u00e7\u00e3o ainda \u00e9 exclu\u00edda digitalmente. Atentos a essa realidade e visando romper com o processo de reprodu\u00e7\u00e3o das condi\u00e7\u00f5es de mis\u00e9ria, desesperan\u00e7a e falta de perspectivas das popula\u00e7\u00f5es carentes, professores da UFG Regional Catal\u00e3o, com o apoio da Funda\u00e7\u00e3o de Amparo \u00e0 Pesquisa do Estado de Goi\u00e1s (Fapeg), possibilitaram a implanta\u00e7\u00e3o de um infocentro de inclus\u00e3o digital na cidade, com a cria\u00e7\u00e3o da Associa\u00e7\u00e3o Infocentro e Cultura Digital de Catal\u00e3o (Assincat). A associa\u00e7\u00e3o foi instalada no in\u00edcio do ano numa sala localizada na Funda\u00e7\u00e3o Cultural Maria das Dores Campos, na Regional Catal\u00e3o da UFG.<\/p>\n<p>\u201cTrata-se de uma iniciativa fundamental para incrementar a educa\u00e7\u00e3o da popula\u00e7\u00e3o, assegurar a preserva\u00e7\u00e3o cultural, iniciar a requalifica\u00e7\u00e3o profissional de trabalhadores e incentivar a cria\u00e7\u00e3o de postos de trabalho de maior qualidade\u201d, detalha o coordenador da Assincat, Andr\u00e9 Carlos Silva. Em funcionamento desde o m\u00eas de junho, o local oferece gratuitamente cursos voltados \u00e0 inclus\u00e3o digital, como nivelamento b\u00e1sico, internet, uso do Pacote Office e cursos mais avan\u00e7ados para p\u00fablicos espec\u00edficos, como Wix Web Design e AutoCad. S\u00e3o oferecidos, tamb\u00e9m, hor\u00e1rios livres \u00e0queles que necessitam utilizar a internet ou os computadores para desenvolver algum tipo de trabalho. Os professores s\u00e3o alunos graduandos e mestrandos da pr\u00f3pria UFG, que possuem bolsa da Fapeg para se dedicarem \u00e0s atividades do projeto.<\/p>\n<p>Para Andr\u00e9 Silva, apesar de as primeiras turmas ainda estarem em andamento, j\u00e1 \u00e9 poss\u00edvel identificar alguns resultados preliminares. \u201cExiste alta car\u00eancia por parte da comunidade catalana no conhecimento inicial sobre o uso de computadores, tanto que o curso mais procurado \u00e9 o de nivelamento b\u00e1sico\u201d, afirma. Segundo ele, a popula\u00e7\u00e3o de Catal\u00e3o necessita de pol\u00edticas de incentivo \u00e0 inclus\u00e3o digital, bem como dos servi\u00e7os que o Infocentro oferece hoje. \u201cEstamos focados em oferecer, al\u00e9m de qualidade nos cursos, cidadania aos nossos alunos, pois a cidadania est\u00e1 entrela\u00e7ada ao acesso \u00e0 informa\u00e7\u00e3o e pode ser melhor obtida atrav\u00e9s das tecnologias da informa\u00e7\u00e3o\u201d.<\/p>\n<p>Foco na terceira idade<br \/>\nApesar de ser aberta a toda comunidade catalana, o foco do infocentro vem sendo a promo\u00e7\u00e3o da inclus\u00e3o digital de alunos da terceira idade. \u201cNotamos que existe alta car\u00eancia por parte desse p\u00fablico no conhecimento inicial sobre o uso de computadores\u201d, afirma o coordenador da Assincat. Atualmente, est\u00e3o em funcionamento v\u00e1rias turmas de nivelamento b\u00e1sico espec\u00edficas para esse p\u00fablico, nas quais s\u00e3o ensinadas no\u00e7\u00f5es iniciais como, por exemplo, dom\u00ednio do mouse e teclado e uso de aplicativos e da internet, entre outros.<\/p>\n<p>H\u00e1 ainda turmas de cursos espec\u00edficos para artes\u00e3os e pequenos empreendedores, que compreendem tanto no\u00e7\u00f5es b\u00e1sicas de inform\u00e1tica, como o uso das redes sociais e a cria\u00e7\u00e3o de sites para a promo\u00e7\u00e3o de seus neg\u00f3cios. \u201cSabe-se que esse p\u00fablico \u00e9 de grande import\u00e2ncia para o desenvolvimento socioecon\u00f4mico do munic\u00edpio, sendo essencial o fomento e a expans\u00e3o dos neg\u00f3cios desses alunos\u201d, ressalta Andr\u00e9 Silva.<\/p>\n<p><strong>Planos<\/strong><br \/>\nPara os pr\u00f3ximos anos, a coordena\u00e7\u00e3o da Assincat planeja atender mais pessoas e criar cursos n\u00e3o s\u00f3 de inclus\u00e3o digital, mas tamb\u00e9m voltados ao uso da inform\u00e1tica para o fomento da cultura digital. \u201cA Assincat, em parceria com a Funda\u00e7\u00e3o Cultural de Catal\u00e3o, tem planos de, a partir desta etapa de nivelamento b\u00e1sico dos alunos, desenvolver cursos mais complexos, como a editora\u00e7\u00e3o de textos, produ\u00e7\u00e3o de filmes em stop motion e desenhos digitais. Os recursos necess\u00e1rios para esse programa est\u00e3o sendo providenciados pela Prefeitura de Catal\u00e3o\u201d, detalha Andr\u00e9 Carlos Silva.<\/p>\n<p>&#8211; A inscri\u00e7\u00e3o deve ser realizada junto \u00e0 secret\u00e1ria da Funda\u00e7\u00e3o Maria das Dores Campos.<br \/>\n&#8211; Os interessados devem levar documentos pessoais como CPF, RG e comprovante de endere\u00e7o.<br \/>\n&#8211; Para a matr\u00edcula de menores de idade, o respons\u00e1vel deve comparecer e levar seus documentos, bem como os do futuro aluno.<br \/>\n&#8211; N\u00e3o existe nenhuma taxa ou mensalidade.<\/p>\n<p><em>Fonte: <a href=\"https:\/\/www.ufg.br\/n\/85473-comunidade-inserida-na-sociedade-da-informacao\" target=\"_blank\">Ascom UFG<\/a> \/ <a href=\"https:\/\/jornalufgonline.ufg.br\/\" target=\"_blank\">Jornal UFG<\/a>.<\/em><\/p>\n","protected":false},"excerpt":{"rendered":"<p>Associa\u00e7\u00e3o, que funciona da Regional Catal\u00e3o, oferece cursos e acesso a computadores para a popula\u00e7\u00e3o.<\/p>\n","protected":false},"author":46,"featured_media":3452,"comment_status":"closed","ping_status":"closed","sticky":false,"template":"","format":"standard","meta":{"footnotes":""},"categories":[19,4,9],"tags":[],"class_list":["post-3451","post","type-post","status-publish","format-standard","has-post-thumbnail","hentry","category-clipping","category-noticias","category-cti"],"rttpg_featured_image_url":{"full":["https:\/\/goias.gov.br\/fapeg\/wp-content\/uploads\/sites\/5\/2016\/02\/Na-Assincat-idosos-aprendem-no\u00e7\u00f5es-b\u00e1sicas-de-computa\u00e7\u00e3o.jpg",1024,768,false],"landscape":["https:\/\/goias.gov.br\/fapeg\/wp-content\/uploads\/sites\/5\/2016\/02\/Na-Assincat-idosos-aprendem-no\u00e7\u00f5es-b\u00e1sicas-de-computa\u00e7\u00e3o.jpg",1024,768,false],"portraits":["https:\/\/goias.gov.br\/fapeg\/wp-content\/uploads\/sites\/5\/2016\/02\/Na-Assincat-idosos-aprendem-no\u00e7\u00f5es-b\u00e1sicas-de-computa\u00e7\u00e3o.jpg",1024,768,false],"thumbnail":["https:\/\/goias.gov.br\/fapeg\/wp-content\/uploads\/sites\/5\/2016\/02\/Na-Assincat-idosos-aprendem-no\u00e7\u00f5es-b\u00e1sicas-de-computa\u00e7\u00e3o-150x150.jpg",150,150,true],"medium":["https:\/\/goias.gov.br\/fapeg\/wp-content\/uploads\/sites\/5\/2016\/02\/Na-Assincat-idosos-aprendem-no\u00e7\u00f5es-b\u00e1sicas-de-computa\u00e7\u00e3o-300x225.jpg",300,225,true],"large":["https:\/\/goias.gov.br\/fapeg\/wp-content\/uploads\/sites\/5\/2016\/02\/Na-Assincat-idosos-aprendem-no\u00e7\u00f5es-b\u00e1sicas-de-computa\u00e7\u00e3o-1024x768.jpg",1024,768,true],"1536x1536":["https:\/\/goias.gov.br\/fapeg\/wp-content\/uploads\/sites\/5\/2016\/02\/Na-Assincat-idosos-aprendem-no\u00e7\u00f5es-b\u00e1sicas-de-computa\u00e7\u00e3o.jpg",1024,768,false],"2048x2048":["https:\/\/goias.gov.br\/fapeg\/wp-content\/uploads\/sites\/5\/2016\/02\/Na-Assincat-idosos-aprendem-no\u00e7\u00f5es-b\u00e1sicas-de-computa\u00e7\u00e3o.jpg",1024,768,false]},"rttpg_author":{"display_name":"cleybetsls","author_link":"https:\/\/goias.gov.br\/fapeg\/author\/cleybetsls\/"},"rttpg_comment":0,"rttpg_category":"<a href=\"https:\/\/goias.gov.br\/fapeg\/categoria\/noticias\/clipping\/\" rel=\"category tag\">Clipping<\/a> <a href=\"https:\/\/goias.gov.br\/fapeg\/categoria\/noticias\/\" rel=\"category tag\">Not\u00edcias<\/a> <a href=\"https:\/\/goias.gov.br\/fapeg\/categoria\/cti\/\" rel=\"category tag\">Not\u00edcias CT&amp;I<\/a>","rttpg_excerpt":"Associa\u00e7\u00e3o, que funciona da Regional Catal\u00e3o, oferece cursos e acesso a computadores para a popula\u00e7\u00e3o.","_links":{"self":[{"href":"https:\/\/goias.gov.br\/fapeg\/wp-json\/wp\/v2\/posts\/3451","targetHints":{"allow":["GET"]}}],"collection":[{"href":"https:\/\/goias.gov.br\/fapeg\/wp-json\/wp\/v2\/posts"}],"about":[{"href":"https:\/\/goias.gov.br\/fapeg\/wp-json\/wp\/v2\/types\/post"}],"author":[{"embeddable":true,"href":"https:\/\/goias.gov.br\/fapeg\/wp-json\/wp\/v2\/users\/46"}],"replies":[{"embeddable":true,"href":"https:\/\/goias.gov.br\/fapeg\/wp-json\/wp\/v2\/comments?post=3451"}],"version-history":[{"count":1,"href":"https:\/\/goias.gov.br\/fapeg\/wp-json\/wp\/v2\/posts\/3451\/revisions"}],"predecessor-version":[{"id":3453,"href":"https:\/\/goias.gov.br\/fapeg\/wp-json\/wp\/v2\/posts\/3451\/revisions\/3453"}],"wp:featuredmedia":[{"embeddable":true,"href":"https:\/\/goias.gov.br\/fapeg\/wp-json\/wp\/v2\/media\/3452"}],"wp:attachment":[{"href":"https:\/\/goias.gov.br\/fapeg\/wp-json\/wp\/v2\/media?parent=3451"}],"wp:term":[{"taxonomy":"category","embeddable":true,"href":"https:\/\/goias.gov.br\/fapeg\/wp-json\/wp\/v2\/categories?post=3451"},{"taxonomy":"post_tag","embeddable":true,"href":"https:\/\/goias.gov.br\/fapeg\/wp-json\/wp\/v2\/tags?post=3451"}],"curies":[{"name":"wp","href":"https:\/\/api.w.org\/{rel}","templated":true}]}}