

{"id":32472,"date":"2021-10-27T09:20:47","date_gmt":"2021-10-27T12:20:47","guid":{"rendered":"http:\/\/www.fapeg.go.gov.br\/?p=32472"},"modified":"2021-10-27T10:32:06","modified_gmt":"2021-10-27T13:32:06","slug":"pesquisadores-avaliam-estrategias-da-rede-de-atencao-psicossocial-no-enfrentamento-dos-impactos-psicossociais-da-pandemia-de-covid-19-em-goias","status":"publish","type":"post","link":"https:\/\/goias.gov.br\/fapeg\/pesquisadores-avaliam-estrategias-da-rede-de-atencao-psicossocial-no-enfrentamento-dos-impactos-psicossociais-da-pandemia-de-covid-19-em-goias\/","title":{"rendered":"Pesquisa avalia estrat\u00e9gias da Rede de Aten\u00e7\u00e3o Psicossocial no enfrentamento dos impactos psicossociais da pandemia de Covid-19"},"content":{"rendered":"<figure id=\"attachment_32485\" aria-describedby=\"caption-attachment-32485\" style=\"width: 333px\" class=\"wp-caption alignleft\"><a href=\"https:\/\/goias.gov.br\/fapeg\/wp-content\/uploads\/sites\/5\/2021\/09\/2-camila.jpg\"><img fetchpriority=\"high\" decoding=\"async\" class=\" wp-image-32485\" src=\"https:\/\/goias.gov.br\/fapeg\/wp-content\/uploads\/sites\/5\/2021\/09\/2-camila.jpg\" alt=\"\" width=\"333\" height=\"301\" \/><\/a><figcaption id=\"caption-attachment-32485\" class=\"wp-caption-text\"><em>Ilustra\u00e7\u00e3o do Guia de Sa\u00fade Mental<\/em><\/figcaption><\/figure>\n<p><em>O estudo envolver\u00e1 profissionais dos 93 Centros de Aten\u00e7\u00e3o Psicossocial, todos os servi\u00e7os de Aten\u00e7\u00e3o Prim\u00e1ria \u00e0 Sa\u00fade, os 11 Hospitais Gerais e quatro Hospitais Campanha de refer\u00eancia para Covid-19, todos dispositivos de sa\u00fade integrantes da Rede de Aten\u00e7\u00e3o Psicossocial do estado de Goi\u00e1s.<\/em><\/p>\n<p><strong>Helenice Ferreira, da Assessoria de Comunica\u00e7\u00e3o da Fapeg<\/strong><\/p>\n<p>O Brasil registrou nesta ter\u00e7a-feira, dia 26 de outubro, a marca de 21.748.984 casos confirmados de covid-19 desde o in\u00edcio da pandemia, com 606.246 \u00f3bitos acumulados. Esta, que est\u00e1 sendo uma das maiores crises sanit\u00e1rias do planeta, pode estar desencadeando, tamb\u00e9m, uma pandemia paralela, oculta aos olhos da popula\u00e7\u00e3o.\u00a0 Ainda que o isolamento dos casos suspeitos, a quarentena e o distanciamento social sejam estrat\u00e9gias fundamentais para conter o avan\u00e7o destes n\u00fameros, estas medidas est\u00e3o alterando a conex\u00e3o social, as rotinas di\u00e1rias e o acesso a recursos essenciais \u00e0 sa\u00fade mental humana, o que imp\u00f5e alto estresse e complica\u00e7\u00f5es a toda popula\u00e7\u00e3o e ainda mais \u00e0s pessoas mais vulner\u00e1veis, como os portadores de transtornos psiqui\u00e1tricos ou com problemas relativos ao uso abusivo de \u00e1lcool ou outras drogas.<\/p>\n<p>Esta mudan\u00e7a repentina na rotina de vida e de trabalho das pessoas tem provocado impactos na sa\u00fade mental, igualmente preocupante, para os profissionais de sa\u00fade que est\u00e3o na linha de frente do cuidado \u00e0s pessoas com covid-19 e que est\u00e3o expostos a longas horas de trabalho. O risco de contamina\u00e7\u00e3o, medo de contaminar a fam\u00edlia e colegas, sendo esta situa\u00e7\u00e3o agravada quando h\u00e1 escassez de equipamentos de prote\u00e7\u00e3o individual s\u00e3o alguns dos elementos desencadeadores de estresse, depress\u00e3o, ansiedade e outros danos psicol\u00f3gicos. Evid\u00eancias apontam que a maioria dos profissionais de sa\u00fade que trabalham em hospitais e unidades de isolamento n\u00e3o recebem treinamento para prestar assist\u00eancia em sa\u00fade mental.<\/p>\n<p>Os impactos psicossociais nos \u00e2mbitos individual e coletivo devem ser considerados como um problema de sa\u00fade p\u00fablica, pois podem ser dr\u00e1sticos e se tornarem ainda mais permanentes do que a pr\u00f3pria pandemia. Para oferecer uma resposta completa para essa crise \u00e9 preciso adicionar o componente sa\u00fade mental entre os objetivos urgentes e cruciais para a sa\u00fade, incluindo o desenvolvimento e implementa\u00e7\u00e3o de avalia\u00e7\u00e3o, apoio, tratamento e servi\u00e7os de sa\u00fade mental em resposta ao surto mundial de coronav\u00edrus.<\/p>\n<p><a href=\"https:\/\/goias.gov.br\/fapeg\/wp-content\/uploads\/sites\/5\/2021\/09\/1camila.png\"><img decoding=\"async\" class=\"alignleft wp-image-32486\" src=\"https:\/\/goias.gov.br\/fapeg\/wp-content\/uploads\/sites\/5\/2021\/09\/1camila.png\" alt=\"\" width=\"280\" height=\"358\" \/><\/a>Se a sa\u00fade mental j\u00e1 era um fator preocupante antes da pandemia, agora o tema deve ganhar uma aten\u00e7\u00e3o maior. Estudos apontam para aumento significativo de depress\u00e3o, ansiedade, consumo de \u00e1lcool e outras drogas, ins\u00f4nia, s\u00edndrome de Bournout, entre outros problemas. Um estudo para avaliar as estrat\u00e9gias da Rede de Aten\u00e7\u00e3o Psicossocial (RAPS) do estado de Goi\u00e1s no enfrentamento dos impactos psicossociais da pandemia de covid-19 come\u00e7a a ser desenvolvido por pesquisadores da Universidade Federal de Goi\u00e1s (UFG), coordenado pela professora Camila Cardoso Caixeta.<\/p>\n<p>O projeto de pesquisa foi selecionado por meio da Chamada P\u00fablica n\u00ba 05\/2020 \u2013 7\u00aa Edi\u00e7\u00e3o do Programa Pesquisa para o SUS: Gest\u00e3o Compartilhada em Sa\u00fade (PPSUS), lan\u00e7ada pela Funda\u00e7\u00e3o de Amparo \u00e0 Pesquisa do Estado de Goi\u00e1s (Fapeg) e vai receber um fomento de R$ 100.700,00.<\/p>\n<p><strong>Sa\u00fade mental e trabalho<br \/>\n<\/strong>Os pesquisadores v\u00e3o analisar o contexto da pandemia covid-19 no impacto na sa\u00fade mental dos profissionais de sa\u00fade e gestores que atuam nos Hospitais de Refer\u00eancia e nos servi\u00e7os de atendimento de urg\u00eancia e emerg\u00eancia para atendimento dos casos em Goi\u00e1s. V\u00e3o ainda, analisar os fatores associados dos processos de trabalho das equipes da Aten\u00e7\u00e3o Prim\u00e1ria em Sa\u00fade (APS) e dos Centros de Aten\u00e7\u00e3o Psicossociais (CAPS) no enfrentamento das quest\u00f5es psicossociais relacionadas \u00e0 pandemia; e conhecer os processos de trabalho dos profissionais de sa\u00fade dos Hospitais Gerais e de Campanha no enfrentamento destas quest\u00f5es. Ao final, a equipe vai descrever as dificuldades de gestores de diferentes servi\u00e7os e n\u00edveis de aten\u00e7\u00e3o no enfrentamento dos impactos psicossociais relacionados \u00e0 pandemia e sistematizar a elabora\u00e7\u00e3o e implanta\u00e7\u00e3o de um Plano de Conting\u00eancia para o estado de Goi\u00e1s.<\/p>\n<p>O cen\u00e1rio do estudo envolver\u00e1 os 246 munic\u00edpios do Estado de Goi\u00e1s, onde h\u00e1 93 Centros de Aten\u00e7\u00e3o Psicossocial, todos os servi\u00e7os de Aten\u00e7\u00e3o Prim\u00e1ria \u00e0 Sa\u00fade, os 11 Hospitais Gerais e quatro Hospitais Campanha de refer\u00eancia para COVID-19, todos dispositivos de sa\u00fade integrantes da RAPS. Trata-se de um estudo de m\u00e9todo misto. A abordagem quantitativa ser\u00e1 realizada por meio de um estudo transversal anal\u00edtico sobre os processos de trabalho das equipes de sa\u00fade que fazem parte da RAPS. A abordagem qualitativa ser\u00e1 desenvolvida nos moldes da pesquisa-interven\u00e7\u00e3o.<\/p>\n<p>A pesquisadora entende que, avaliar as estrat\u00e9gias de enfrentamento da Covid-19 nos servi\u00e7os de sa\u00fade contribuir\u00e1 para o desenvolvimento de a\u00e7\u00f5es em diferentes n\u00edveis de aten\u00e7\u00e3o. \u201cO conhecimento deste estudo subsidiar\u00e1 as decis\u00f5es e estrat\u00e9gias de interven\u00e7\u00e3o na esfera governamental e n\u00e3o governamental, al\u00e9m de contribuir no processo de forma\u00e7\u00e3o dos profissionais da rede. Temos a convic\u00e7\u00e3o de que os resultados oriundos deste projeto subsidiar\u00e3o o desenvolvimento e\/ou aprimoramento dos processos de educa\u00e7\u00e3o permanente e interprofissional dos profissionais da sa\u00fade do Estado de Goi\u00e1s, al\u00e9m da forma\u00e7\u00e3o de pesquisadores\/professores em n\u00edvel de p\u00f3s-gradua\u00e7\u00e3o\u201d, comenta a pesquisadora.<\/p>\n<p>Ela enumera outras contribui\u00e7\u00f5es do projeto para a gest\u00e3o estadual em etapas como monitoramento de a\u00e7\u00f5es, por meio da qualifica\u00e7\u00e3o dos registros de procedimentos de CAPS; estabelecimento de georreferenciamento de a\u00e7\u00f5es do Centro de Informa\u00e7\u00f5es e Decis\u00f5es Estrat\u00e9gicas em Sa\u00fade (ConectaSUS); elabora\u00e7\u00e3o e qualifica\u00e7\u00e3o de informes t\u00e9cnicos para as equipes da RAPS\/Goi\u00e1s. \u201cConsequentemente, esperamos o fortalecimento da RAPS no estado de Goi\u00e1s, decorrentes da estrutura\u00e7\u00e3o e qualifica\u00e7\u00e3o dos t\u00e9cnicos,\u201d destaca a pesquisadora.<\/p>\n<p><strong>Papel da RAPS<\/strong><\/p>\n<p>A pandemia da covid-19 agravou situa\u00e7\u00f5es de sa\u00fade pr\u00e9-existentes e revelou necessidade de fortalecimento e amplia\u00e7\u00e3o da Rede de Aten\u00e7\u00e3o Psicossocial para garantir direitos de assist\u00eancia integral e continuada da Sa\u00fade Mental na Aten\u00e7\u00e3o Prim\u00e1ria e Centro de Aten\u00e7\u00e3o Psicossocial. Camila Caixeta explica que a RAPS exerce um papel fundamental na ado\u00e7\u00e3o urgente de medidas de preven\u00e7\u00e3o, controle e conten\u00e7\u00e3o de riscos, danos e agravos \u00e0 sa\u00fade p\u00fablica. Tamb\u00e9m demanda cuidados especiais na aten\u00e7\u00e3o psicossocial, devido ao potencial agravamento de crises e sofrimentos ps\u00edquicos na popula\u00e7\u00e3o em geral e principalmente dos profissionais de sa\u00fade na linha de frente ao cuidado \u00e0s pessoas com covid-19. A rede, segundo a pesquisadora, cuida de atendimentos psicossociais individuais e em grupo de profissionais de sa\u00fade que est\u00e3o na linha de frente ao combate \u00e0 covid-19, acompanhamento de pessoas que j\u00e1 vinham sendo atendidas nos servi\u00e7os de sa\u00fade mental, grupos terap\u00eauticos sobre perdas e lutos, entre outros.<\/p>\n<p>Camila Caixeta leciona as disciplinas Sa\u00fade Mental e Enfermagem Psiqui\u00e1trica na Faculdade de Enfermagem da UFG. \u00c9 tamb\u00e9m vice-l\u00edder de pesquisa Recuid, Grupo Multidisciplinar em Pesquisa e Interven\u00e7\u00e3o em Sa\u00fade Mental.<\/p>\n","protected":false},"excerpt":{"rendered":"<p>O estudo envolver\u00e1 profissionais dos 93 Centros de Aten\u00e7\u00e3o Psicossocial, todos os servi\u00e7os de Aten\u00e7\u00e3o Prim\u00e1ria \u00e0 Sa\u00fade, os 11 Hospitais Gerais e quatro Hospitais Campanha de refer\u00eancia para Covid-19, todos dispositivos de sa\u00fade integrantes da Rede de Aten\u00e7\u00e3o Psicossocial do estado de Goi\u00e1s. Helenice Ferreira, da Assessoria de Comunica\u00e7\u00e3o da Fapeg O Brasil registrou [&hellip;]<\/p>\n","protected":false},"author":32,"featured_media":32486,"comment_status":"closed","ping_status":"closed","sticky":false,"template":"","format":"standard","meta":{"footnotes":""},"categories":[57,4,8],"tags":[],"class_list":["post-32472","post","type-post","status-publish","format-standard","has-post-thumbnail","hentry","category-especiais","category-noticias","category-fapeg"],"rttpg_featured_image_url":{"full":["https:\/\/goias.gov.br\/fapeg\/wp-content\/uploads\/sites\/5\/2021\/09\/1camila.png",399,509,false],"landscape":["https:\/\/goias.gov.br\/fapeg\/wp-content\/uploads\/sites\/5\/2021\/09\/1camila.png",399,509,false],"portraits":["https:\/\/goias.gov.br\/fapeg\/wp-content\/uploads\/sites\/5\/2021\/09\/1camila.png",399,509,false],"thumbnail":["https:\/\/goias.gov.br\/fapeg\/wp-content\/uploads\/sites\/5\/2021\/09\/1camila.png",118,150,false],"medium":["https:\/\/goias.gov.br\/fapeg\/wp-content\/uploads\/sites\/5\/2021\/09\/1camila.png",235,300,false],"large":["https:\/\/goias.gov.br\/fapeg\/wp-content\/uploads\/sites\/5\/2021\/09\/1camila.png",399,509,false],"1536x1536":["https:\/\/goias.gov.br\/fapeg\/wp-content\/uploads\/sites\/5\/2021\/09\/1camila.png",399,509,false],"2048x2048":["https:\/\/goias.gov.br\/fapeg\/wp-content\/uploads\/sites\/5\/2021\/09\/1camila.png",399,509,false]},"rttpg_author":{"display_name":"sabrinamorais","author_link":"https:\/\/goias.gov.br\/fapeg\/author\/sabrinamorais\/"},"rttpg_comment":0,"rttpg_category":"<a href=\"https:\/\/goias.gov.br\/fapeg\/categoria\/noticias\/especiais\/\" rel=\"category tag\">Especiais<\/a> <a href=\"https:\/\/goias.gov.br\/fapeg\/categoria\/noticias\/\" rel=\"category tag\">Not\u00edcias<\/a> <a href=\"https:\/\/goias.gov.br\/fapeg\/categoria\/noticias\/fapeg\/\" rel=\"category tag\">Not\u00edcias FAPEG<\/a>","rttpg_excerpt":"O estudo envolver\u00e1 profissionais dos 93 Centros de Aten\u00e7\u00e3o Psicossocial, todos os servi\u00e7os de Aten\u00e7\u00e3o Prim\u00e1ria \u00e0 Sa\u00fade, os 11 Hospitais Gerais e quatro Hospitais Campanha de refer\u00eancia para Covid-19, todos dispositivos de sa\u00fade integrantes da Rede de Aten\u00e7\u00e3o Psicossocial do estado de Goi\u00e1s. Helenice Ferreira, da Assessoria de Comunica\u00e7\u00e3o da Fapeg O Brasil registrou&hellip;","_links":{"self":[{"href":"https:\/\/goias.gov.br\/fapeg\/wp-json\/wp\/v2\/posts\/32472","targetHints":{"allow":["GET"]}}],"collection":[{"href":"https:\/\/goias.gov.br\/fapeg\/wp-json\/wp\/v2\/posts"}],"about":[{"href":"https:\/\/goias.gov.br\/fapeg\/wp-json\/wp\/v2\/types\/post"}],"author":[{"embeddable":true,"href":"https:\/\/goias.gov.br\/fapeg\/wp-json\/wp\/v2\/users\/32"}],"replies":[{"embeddable":true,"href":"https:\/\/goias.gov.br\/fapeg\/wp-json\/wp\/v2\/comments?post=32472"}],"version-history":[{"count":11,"href":"https:\/\/goias.gov.br\/fapeg\/wp-json\/wp\/v2\/posts\/32472\/revisions"}],"predecessor-version":[{"id":32769,"href":"https:\/\/goias.gov.br\/fapeg\/wp-json\/wp\/v2\/posts\/32472\/revisions\/32769"}],"wp:featuredmedia":[{"embeddable":true,"href":"https:\/\/goias.gov.br\/fapeg\/wp-json\/wp\/v2\/media\/32486"}],"wp:attachment":[{"href":"https:\/\/goias.gov.br\/fapeg\/wp-json\/wp\/v2\/media?parent=32472"}],"wp:term":[{"taxonomy":"category","embeddable":true,"href":"https:\/\/goias.gov.br\/fapeg\/wp-json\/wp\/v2\/categories?post=32472"},{"taxonomy":"post_tag","embeddable":true,"href":"https:\/\/goias.gov.br\/fapeg\/wp-json\/wp\/v2\/tags?post=32472"}],"curies":[{"name":"wp","href":"https:\/\/api.w.org\/{rel}","templated":true}]}}