

{"id":32456,"date":"2021-09-20T12:00:20","date_gmt":"2021-09-20T15:00:20","guid":{"rendered":"http:\/\/www.fapeg.go.gov.br\/?p=32456"},"modified":"2023-09-19T09:44:48","modified_gmt":"2023-09-19T12:44:48","slug":"centelha-ii-fomenta-o-empreendedorismo-inovador-em-goias","status":"publish","type":"post","link":"https:\/\/goias.gov.br\/fapeg\/centelha-ii-fomenta-o-empreendedorismo-inovador-em-goias\/","title":{"rendered":"Centelha II fomenta o empreendedorismo inovador em Goi\u00e1s"},"content":{"rendered":"<figure id=\"attachment_32463\" aria-describedby=\"caption-attachment-32463\" style=\"width: 346px\" class=\"wp-caption alignleft\"><a href=\"https:\/\/goias.gov.br\/fapeg\/wp-content\/uploads\/sites\/5\/2021\/09\/lancamento-editais.jpg\"><img fetchpriority=\"high\" decoding=\"async\" class=\"wp-image-32463\" src=\"https:\/\/goias.gov.br\/fapeg\/wp-content\/uploads\/sites\/5\/2021\/09\/lancamento-editais.jpg\" alt=\"\" width=\"346\" height=\"229\" \/><\/a><figcaption id=\"caption-attachment-32463\" class=\"wp-caption-text\">S<em>olenidade aconteceu no Pal\u00e1cio das Esmeraldas para o lan\u00e7amento de tr\u00eas editais para investimentos em projetos e pesquisas de apoio \u00e0 inova\u00e7\u00e3o, ao empreendedorismo e \u00e0 sustentabilidade no Estado. Foto: Edinan Ferreira<\/em><\/figcaption><\/figure>\n<p><em>O edital foi \u00a0lan\u00e7ado no dia 15 e o prazo para submiss\u00e3o de propostas j\u00e1 est\u00e1 aberto. Ser\u00e3o investidos R$ 4,65 milh\u00f5es na modalidade subven\u00e7\u00e3o econ\u00f4mica para apoiar a gera\u00e7\u00e3o de empreendimentos inovadores que v\u00e3o movimentar o ecossistema de inova\u00e7\u00e3o do Estado promovendo avan\u00e7o econ\u00f4mico e social. Ser\u00e3o selecionadas 50 propostas no valor unit\u00e1rio de at\u00e9 R$ 60 mil. <\/em><\/p>\n<p>Helenice Ferreira, da Assessoria de Comunica\u00e7\u00e3o da Fapeg<\/p>\n<p>Goi\u00e1s largou no primeiro time e foi o terceiro estado da federa\u00e7\u00e3o a lan\u00e7ar a segunda edi\u00e7\u00e3o do programa Centelha &#8211; Programa Nacional de Apoio \u00e0 Gera\u00e7\u00e3o de Empreendimentos Inovadores. O evento aconteceu na quarta-feira, dia 15, em solenidade realizada no Pal\u00e1cio das Esmeraldas. Durante a solenidade, tamb\u00e9m foi lan\u00e7ada a <a href=\"https:\/\/goias.gov.br\/fapeg\/fapeg-e-fundacao-grupo-boticario-lancam-edital-para-conservacao-da-natureza-no-nordeste-goiano\/\">chamada p\u00fablica 04\/2021<\/a> para conserva\u00e7\u00e3o da natureza no Nordeste Goiano, em parceria com a Funda\u00e7\u00e3o Grupo Botic\u00e1rio, e o <a href=\"https:\/\/goias.gov.br\/fapeg\/chamada-publica-no-06-2021-fortalecimento-das-competencias-das-unidades-embrapii-do-estado-de-goias-e-execucao-de-projetos-cooperativos-com-empresas\/\">edital 06\/2021<\/a>, com a Embrapii. O Centelha II foi lan\u00e7ado no Rio Grande do Sul, dia 13\/09 e em S\u00e3o Paulo, dia 14\/09.<\/p>\n<figure id=\"attachment_32492\" aria-describedby=\"caption-attachment-32492\" style=\"width: 289px\" class=\"wp-caption alignright\"><a href=\"https:\/\/goias.gov.br\/fapeg\/wp-content\/uploads\/sites\/5\/2021\/09\/centelha.jpg\"><img decoding=\"async\" class=\"wp-image-32492\" src=\"https:\/\/goias.gov.br\/fapeg\/wp-content\/uploads\/sites\/5\/2021\/09\/centelha.jpg\" alt=\"inscri\u00e7\u00f5es abertas centelha II\" width=\"289\" height=\"289\" \/><\/a><figcaption id=\"caption-attachment-32492\" class=\"wp-caption-text\">Divulga\u00e7\u00e3o Programa Centelha<\/figcaption><\/figure>\n<p>O Programa \u00e9 uma iniciativa que busca apoiar ideias inovadoras em fase inicial, quer seja em est\u00e1gio de idea\u00e7\u00e3o ou prototipa\u00e7\u00e3o, e transform\u00e1-las em empreendimentos de sucesso, oferecendo benef\u00edcios como subven\u00e7\u00e3o econ\u00f4mica, bolsas de apoio e capacita\u00e7\u00f5es. O prazo para submiss\u00e3o das ideias j\u00e1 est\u00e1 aberto no endere\u00e7o eletr\u00f4nico <a href=\"https:\/\/go2.programacentelha.com.br\/\">https:\/\/go2.programacentelha.com.br\/<\/a> e prossegue at\u00e9 o dia 26 de outubro. O <a href=\"https:\/\/goias.gov.br\/fapeg\/chamada-publica-no05-2021-programa-nacional-de-apoio-a-geracao-de-empreendimentos-inovadores-programa-centelha-2-go\/\">edital<\/a> foi publicado na quarta-feira, dia 14, no site da Funda\u00e7\u00e3o de Amparo \u00e0 Pesquisa do Estado de Goi\u00e1s (Fapeg).<\/p>\n<p>Em Goi\u00e1s, a segunda edi\u00e7\u00e3o do programa Centelha vai oferecer um total de R$ 4,65 milh\u00f5es, sendo R$ 2 milh\u00f5es provenientes do MCTI\/Finep e R$ 1 milh\u00e3o da Fapeg, concedidos na forma de subven\u00e7\u00e3o econ\u00f4mica, ou seja, o benefici\u00e1rio n\u00e3o precisa devolver o recurso p\u00fablico, al\u00e9m de R$300 mil para a\u00e7\u00f5es transversais. Al\u00e9m do fomento para as ideias se transformarem em novos CNPJs &#8211; mote principal do Programa Centelha &#8211; ser\u00e3o destinados outros R$1,35 milh\u00e3o para bolsas, oriundos do Conselho Nacional de Desenvolvimento Cient\u00edfico e Tecnol\u00f3gico (CNPq).<\/p>\n<p>Ser\u00e3o selecionados at\u00e9 50 projetos de inova\u00e7\u00e3o que poder\u00e3o receber at\u00e9 R$ 60 mil, cada. O dinheiro \u00e9 oferecido para compartilhar custos e riscos a serem assumidos pelos empreendedores para o desenvolvimento do projeto. N\u00e3o se trata de um financiamento, s\u00e3o recursos destinados integralmente para o desenvolvimento de um projeto. \u00c9 uma forma de incentivar o empreendedor e o empreendedorismo. O retorno para o governo vem na forma de desenvolvimento econ\u00f4mico, cria\u00e7\u00e3o de postos de trabalho, gera\u00e7\u00e3o de impostos, competitividade, fortalecimento do ecossistema, e principalmente nas solu\u00e7\u00f5es inovadoras para o mercado.<\/p>\n<p>A iniciativa \u00e9 do Minist\u00e9rio da Ci\u00eancia, Tecnologia e Inova\u00e7\u00f5es (MCTI) e da Financiadora de Estudos e Projetos (Finep), em parceria com o Conselho Nacional de Desenvolvimento Cient\u00edfico e Tecnol\u00f3gico (CNPq) e o Conselho Nacional das Funda\u00e7\u00f5es Estaduais de Amparo \u00e0 Pesquisa (Confap), operada pela Funda\u00e7\u00e3o Certi e, em Goi\u00e1s, \u00e9 executada pela Fapeg.<\/p>\n<p><strong>Inova\u00e7\u00e3o e emprego<\/strong><\/p>\n<figure id=\"attachment_32507\" aria-describedby=\"caption-attachment-32507\" style=\"width: 358px\" class=\"wp-caption alignleft\"><a href=\"https:\/\/goias.gov.br\/fapeg\/wp-content\/uploads\/sites\/5\/2021\/09\/tela-centelha.jpg\"><img decoding=\"async\" class=\"wp-image-32507\" src=\"https:\/\/goias.gov.br\/fapeg\/wp-content\/uploads\/sites\/5\/2021\/09\/tela-centelha.jpg\" alt=\"\" width=\"358\" height=\"192\" \/><\/a><figcaption id=\"caption-attachment-32507\" class=\"wp-caption-text\">Site do Centelha para inscri\u00e7\u00e3o<\/figcaption><\/figure>\n<p>Nesta \u00e9poca de grandes obst\u00e1culos e desafios provocados pela pandemia de Covid-19, com fortes reflexos na economia, o Centelha poder\u00e1, tamb\u00e9m, servir como uma luz para muitos jovens e pessoas empreendedoras que perderam seus empregos, mas que t\u00eam ideias e projetos capazes de inserir novos bens de consumo ou servi\u00e7os inovadores que incorporem novas tecnologias aos setores econ\u00f4micos estrat\u00e9gicos do estado de Goi\u00e1s, movimentando a economia.<\/p>\n<p>O edital pode somar aos n\u00fameros positivos que Goi\u00e1s vem conquistando em rea\u00e7\u00e3o \u00e0s barreiras impostas pela crise econ\u00f4mica gerada pela pandemia. O Estado assumiu a lideran\u00e7a no ranking dos Estados do Centro-Oeste com maior saldo de empregos formais. Em sete meses, registrou 89.862 novos empregos com frente de 47% em rela\u00e7\u00e3o ao segundo colocado, Mato Grosso, que acumula 61.135 empregos. Os n\u00fameros s\u00e3o do Cadastro Geral de Empregados e Desempregados (Caged) divulgados no dia 26 de agosto.<\/p>\n<p>Outro n\u00famero positivo em Goi\u00e1s, desta vez levantado pela Junta Comercial (Juceg), aponta que de janeiro a agosto de 2021 foram registradas 23.270 novas empresas, o que corresponde a 6.721 CNPJs a mais na compara\u00e7\u00e3o ao mesmo per\u00edodo de 2020, que somou 16.549 novas empresas.<\/p>\n<p>O Programa Centelha contribuir\u00e1, tamb\u00e9m, para promover uma mudan\u00e7a na economia, com base no conhecimento e nos resultados de trabalhos desenvolvidos nas universidades\u00a0 ao estabelecer uma ponte entre academia e ind\u00fastria no estado de Goi\u00e1s, j\u00e1 que muitas ideias v\u00eam de pessoas ainda na universidade, tanto de cursos de gradua\u00e7\u00e3o como de p\u00f3s-gradua\u00e7\u00e3o. Al\u00e9m disso, o Centelha abre espa\u00e7o para participa\u00e7\u00e3o de todos os cidad\u00e3os do estado, tanto para inscrever suas ideias como para interagir com os empreendedores, consolidando uma forte rede de apoio ao empreendedorismo inovador.<\/p>\n<p><strong>Etapas de sele\u00e7\u00e3o<\/strong><\/p>\n<p>A sele\u00e7\u00e3o acontecer\u00e1 em tr\u00eas fases: <em>Submiss\u00e3o das ideias inovadoras<\/em> \u2013 quando os interessados apresentam a ideia, o problema que ela soluciona e a explica\u00e7\u00e3o da oportunidade; as caracter\u00edsticas b\u00e1sicas da solu\u00e7\u00e3o proposta; diferencial inovador frente ao que j\u00e1 existe no mercado; e quando h\u00e1 a identifica\u00e7\u00e3o e perfil da equipe envolvida. \u00c9 quando os proponentes far\u00e3o a inser\u00e7\u00e3o de informa\u00e7\u00f5es b\u00e1sicas sobre a principal ideia da proposta; <em>Submiss\u00e3o dos projetos de empreendimento<\/em> &#8211; quando os selecionados detalham o plano de neg\u00f3cio executivo com o objetivo de demonstrar as chances da ideia virar um bom neg\u00f3cio, considerando equipe, produto, tecnologia, mercado, capital e gest\u00e3o. \u00c9 quando os proponentes far\u00e3o os detalhamentos das propostas submetidas na fase anterior, agora com foco na viabilidade e no desenvolvimento do empreendimento; e por fim, a <em>Submiss\u00e3o dos projetos de fomento<\/em> \u2013 que consiste no desenvolvimento de um Projeto de Fomento, com apresenta\u00e7\u00e3o detalhada do cronograma f\u00edsico financeiro da proposta e aplica\u00e7\u00e3o dos recursos de subven\u00e7\u00e3o a serem recebidos.<\/p>\n<p>Durante as tr\u00eas fases de sele\u00e7\u00e3o, os proponentes receber\u00e3o capacita\u00e7\u00f5es gratuitas on-line ou presenciais a serem oferecidas pelas Entidades Promotoras, Executoras e Rede de Parceiros do Programa, com o intuito de alinhar conceitos importantes, para que possam aprimorar suas ideias e projetos.<\/p>\n<p><strong>Interioriza\u00e7\u00e3o<\/strong><\/p>\n<figure id=\"attachment_32508\" aria-describedby=\"caption-attachment-32508\" style=\"width: 338px\" class=\"wp-caption alignleft\"><a href=\"https:\/\/goias.gov.br\/fapeg\/wp-content\/uploads\/sites\/5\/2021\/09\/WhatsApp-Image-2021-09-16-at-18.27.52.jpeg\"><img loading=\"lazy\" decoding=\"async\" class=\" wp-image-32508\" src=\"https:\/\/goias.gov.br\/fapeg\/wp-content\/uploads\/sites\/5\/2021\/09\/WhatsApp-Image-2021-09-16-at-18.27.52.jpeg\" alt=\"\" width=\"338\" height=\"225\" \/><\/a><figcaption id=\"caption-attachment-32508\" class=\"wp-caption-text\">Foto: Wesley Costa\/Secom<\/figcaption><\/figure>\n<p>O presidente da Fapeg, Robson Vieira, comenta a import\u00e2ncia das capacita\u00e7\u00f5es e do fomento como estrat\u00e9gias de impulsionar o ecossistema de inova\u00e7\u00e3o goiano: \u201cPercebemos que n\u00e3o basta ter a ideia, \u00e9 necess\u00e1rio se dedicar ao projeto e estudar o mercado, e o fomento p\u00fablico vem como forma de capacitar e financiar essas ideias inovadoras, estimulando assim a economia. O aporte p\u00fablico fortalece o ecossistema, estimula a comunidade a empreender, abre portas para diferentes p\u00fablicos e gera emprego e renda\u201d, destaca.<\/p>\n<p>Para Vieira, o Programa Centelha converge com a estrat\u00e9gia da Fapeg de interiorizar a inova\u00e7\u00e3o no Estado. No Centelha I, foram submetidas 917 ideias de empreendedores de 64 munic\u00edpios goianos. \u201cQueremos, agora, superar o sucesso da primeira edi\u00e7\u00e3o e triplicar esse n\u00famero. Esse edital \u00e9 para a comunidade, para as institui\u00e7\u00f5es de ensino, para os empreendedores, para as incubadoras.\u00a0 No primeiro Centelha fomentamos 28 CNPJs, e agora vamos fomentar 50, e com mais recursos. \u00c9 um programa que est\u00e1 consolidado, e com certeza vai\u00a0 ajudar a alavancar o nosso ecossistema\u201d, destacou.<\/p>\n<p><strong>Parceria<\/strong><\/p>\n<p>A Fapeg contar\u00e1 com cerca de 30 institui\u00e7\u00f5es parceiras que v\u00e3o auxiliar na divulga\u00e7\u00e3o da oportunidade em suas redes sociais; na mobiliza\u00e7\u00e3o de sua regi\u00e3o ou institui\u00e7\u00e3o; incentivo \u00e0 submiss\u00e3o de propostas; orienta\u00e7\u00e3o aos interessados no programa; disponibiliza\u00e7\u00e3o de conte\u00fados sobre empreendedorismo e startups; oferecimento de servi\u00e7os, ferramentas e apoio \u00e0s empresas. S\u00e3o universidades, incubadoras, aceleradoras, coworkings, comunidades de startups, associa\u00e7\u00f5es comerciais, entre outras.<\/p>\n<p><strong>Tem\u00e1ticas e setores priorit\u00e1rios<\/strong><\/p>\n<p>Ser\u00e3o apoiados projetos inovadores nas seguintes tem\u00e1ticas: Automa\u00e7\u00e3o, Big Data, Biotecnologia e Gen\u00e9tica, Blockchain, Design, Eletroeletr\u00f4nica, Geoengenharia, Intelig\u00eancia Artificial e Machine Learning, Internet das Coisas (IoT), Manufatura Avan\u00e7ada e Rob\u00f3tica, Mec\u00e2nica e Mecatr\u00f4nica, Nanotecnologia, Qu\u00edmica e Novos Materiais, Realidade Aumentada, Realidade Virtual; Seguran\u00e7a, Privacidade e Dados; TecnologiaSocial, Tecnologia da Informa\u00e7\u00e3o (TI) e Telecom.<\/p>\n<p>Na tem\u00e1tica Tecnologia Social envolvem propostas de Empreendedorismo de Impacto Socioambiental Positivo, como estrat\u00e9gias de enfrentamento a problemas estruturantes da sociedade goiana, em especial nos segmentos ligados \u00e0 sa\u00fade, educa\u00e7\u00e3o, energia, turismo, empregabilidade, tecnologias sociais e assistivas, mobilidade urbana, sistema prisional, desigualdade \u00e9tnico-raciais, geracional, de g\u00eanero; orienta\u00e7\u00e3o sexual; e qualidade de vida em aglomerados subnormais (comunidades carentes).<\/p>\n<p>Ser\u00e3o apoiados projetos inovadores que tenham suas solu\u00e7\u00f5es aplicadas aos seguintes setores: Administra\u00e7\u00e3o P\u00fablica; Aeroespacial; Agroneg\u00f3cio; Automotivo; Bens de Capital; Borracha e Pl\u00e1stico; Cer\u00e2mica; Com\u00e9rcio e Varejo; Constru\u00e7\u00e3o Civil; Constru\u00e7\u00e3o Naval; Economia Criativa; Economia do Turismo, Gastronomia, Eventos e Lazer; Educa\u00e7\u00e3o; El\u00e9trico e Eletr\u00f4nico; Energia; Fabrica\u00e7\u00e3o de Alimentos e Bebidas; Farmoqu\u00edmico e Farmac\u00eautico; Financeiro; Jur\u00eddico; Madeira e M\u00f3veis; Marketing e M\u00eddias; Meio Ambiente e Bioeconomia; Mercado Imobili\u00e1rio; Metal-Mec\u00e2nico e Metalurgia; Minera\u00e7\u00e3o; Papel e Celulose; Pesca e Aquicultura; Petr\u00f3leo e G\u00e1s; Qu\u00edmico; Sa\u00fade e Bem Estar; Seguran\u00e7a e Defesa; Social; Tecnologia da Informa\u00e7\u00e3o e Telecomunica\u00e7\u00f5es; T\u00eaxtil, Confec\u00e7\u00e3o e Cal\u00e7ados; e Transporte, Log\u00edstica, Mobilidade.<\/p>\n<p><strong>Quem pode se candidatar<\/strong><\/p>\n<p>As propostas podem ser submetidas por pessoas f\u00edsicas, vinculadas ou n\u00e3o a empresas com at\u00e9 12 meses de exist\u00eancia anteriores \u00e0 data de publica\u00e7\u00e3o do edital, e faturamento bruto anual de at\u00e9 R$ 4,8 milh\u00f5es, sediadas no Estado de Goi\u00e1s por ocasi\u00e3o da divulga\u00e7\u00e3o da Chamada P\u00fablica.<\/p>\n<\/p>\n\n\n<style>\n.wppb-column-parent{\n    width: 100%;\n}\n.wppb-accordion-title{\n    background: #f8f8f8;\n    padding: 10px 30px 10px 15px;\n    border-style: solid;\n    border-color: #e5e5e5;\n    border-width: 1px 1px 1px 1px;\n}\n<\/style>\n\n\n<div data-post-id=\"36660\" class=\"insert-page insert-page-36660 \">\t\t<div data-elementor-type=\"wp-page\" data-elementor-id=\"36660\" class=\"elementor elementor-36660\">\n\t\t\t\t<div class=\"elementor-element elementor-element-3b2c726 e-flex e-con-boxed e-con e-parent\" data-id=\"3b2c726\" data-element_type=\"container\" data-e-type=\"container\">\n\t\t\t\t\t<div class=\"e-con-inner\">\n\t\t\t\t<div class=\"elementor-element elementor-element-16ff714 elementor-widget elementor-widget-n-accordion\" data-id=\"16ff714\" data-element_type=\"widget\" data-e-type=\"widget\" data-settings=\"{&quot;default_state&quot;:&quot;all_collapsed&quot;,&quot;max_items_expended&quot;:&quot;one&quot;,&quot;n_accordion_animation_duration&quot;:{&quot;unit&quot;:&quot;ms&quot;,&quot;size&quot;:400,&quot;sizes&quot;:[]}}\" data-widget_type=\"nested-accordion.default\">\n\t\t\t\t\t\t\t<div class=\"e-n-accordion\" aria-label=\"Accordion. Open links with Enter or Space, close with Escape, and navigate with Arrow Keys\">\n\t\t\t\t\t\t<details id=\"e-n-accordion-item-2410\" class=\"e-n-accordion-item\" >\n\t\t\t\t<summary class=\"e-n-accordion-item-title\" data-accordion-index=\"1\" tabindex=\"0\" aria-expanded=\"false\" aria-controls=\"e-n-accordion-item-2410\" >\n\t\t\t\t\t<span class='e-n-accordion-item-title-header'><div class=\"e-n-accordion-item-title-text\"> Do proponente sem empresa constitu\u00edda: <\/div><\/span>\n\t\t\t\t\t\t\t<span class='e-n-accordion-item-title-icon'>\n\t\t\t<span class='e-opened' ><svg aria-hidden=\"true\" class=\"e-font-icon-svg e-fas-chevron-down\" viewBox=\"0 0 448 512\" xmlns=\"http:\/\/www.w3.org\/2000\/svg\"><path d=\"M207.029 381.476L12.686 187.132c-9.373-9.373-9.373-24.569 0-33.941l22.667-22.667c9.357-9.357 24.522-9.375 33.901-.04L224 284.505l154.745-154.021c9.379-9.335 24.544-9.317 33.901.04l22.667 22.667c9.373 9.373 9.373 24.569 0 33.941L240.971 381.476c-9.373 9.372-24.569 9.372-33.942 0z\"><\/path><\/svg><\/span>\n\t\t\t<span class='e-closed'><svg aria-hidden=\"true\" class=\"e-font-icon-svg e-fas-chevron-right\" viewBox=\"0 0 320 512\" xmlns=\"http:\/\/www.w3.org\/2000\/svg\"><path d=\"M285.476 272.971L91.132 467.314c-9.373 9.373-24.569 9.373-33.941 0l-22.667-22.667c-9.357-9.357-9.375-24.522-.04-33.901L188.505 256 34.484 101.255c-9.335-9.379-9.317-24.544.04-33.901l22.667-22.667c9.373-9.373 24.569-9.373 33.941 0L285.475 239.03c9.373 9.372 9.373 24.568.001 33.941z\"><\/path><\/svg><\/span>\n\t\t<\/span>\n\n\t\t\t\t\t\t<\/summary>\n\t\t\t\t<div role=\"region\" aria-labelledby=\"e-n-accordion-item-2410\" class=\"elementor-element elementor-element-8ae9cd4 e-con-full e-flex e-con e-child\" data-id=\"8ae9cd4\" data-element_type=\"container\" data-e-type=\"container\">\n\t\t\t\t<div class=\"elementor-element elementor-element-8db6245 elementor-widget elementor-widget-text-editor\" data-id=\"8db6245\" data-element_type=\"widget\" data-e-type=\"widget\" data-widget_type=\"text-editor.default\">\n\t\t\t\t\t\t\t\t\t<ol><li>a) Pessoa f\u00edsica (coordenador do projeto) que, se aprovada, dever\u00e1 constituir uma empresa com sede no estado de Goi\u00e1s para contrata\u00e7\u00e3o e recebimento dos recursos financeiros n\u00e3o reembols\u00e1veis, na forma de subven\u00e7\u00e3o econ\u00f4mica;<\/li><\/ol><p>a.1) A empresa a ser constitu\u00edda dever\u00e1 ter objeto social que contemple atividade operacional relacionada com proposta contemplada no \u00e2mbito desta chamada;<\/p><ol><li>b) Ter v\u00ednculo direto com a empresa benefici\u00e1ria a ser criada na qualidade de s\u00f3cio, comprovado por meio de contrato social;<\/li><li>c) Estar adimplente junto a FAPEG;<\/li><li>d) Ter obrigatoriamente Goi\u00e1s como estado de domic\u00edlio;<\/li><li>e) Estar em situa\u00e7\u00e3o regular no Pa\u00eds, se estrangeiro;<\/li><li>f) Ter 18 anos completos a partir da data de publica\u00e7\u00e3o do edital ou, no caso de menor, ser legalmente emancipado;<\/li><li>g) N\u00e3o ter sido contratado na primeira edi\u00e7\u00e3o do Programa Centelha;<\/li><li>h) N\u00e3o ter qualquer v\u00ednculo societ\u00e1rio com outras empresas de atividade afim \u00e0 da proposta.<\/li><\/ol><p>Servidores p\u00fablicos com ou sem dedica\u00e7\u00e3o exclusiva poder\u00e3o participar desta chamada como proponentes desde que permitido pela legisla\u00e7\u00e3o regente de sua institui\u00e7\u00e3o de v\u00ednculo.<\/p>\t\t\t\t\t\t\t\t<\/div>\n\t\t\t\t<\/div>\n\t\t\t\t\t<\/details>\n\t\t\t\t\t\t<details id=\"e-n-accordion-item-2411\" class=\"e-n-accordion-item\" >\n\t\t\t\t<summary class=\"e-n-accordion-item-title\" data-accordion-index=\"2\" tabindex=\"-1\" aria-expanded=\"false\" aria-controls=\"e-n-accordion-item-2411\" >\n\t\t\t\t\t<span class='e-n-accordion-item-title-header'><div class=\"e-n-accordion-item-title-text\"> Da empresa constitu\u00edda: <\/div><\/span>\n\t\t\t\t\t\t\t<span class='e-n-accordion-item-title-icon'>\n\t\t\t<span class='e-opened' ><svg aria-hidden=\"true\" class=\"e-font-icon-svg e-fas-chevron-down\" viewBox=\"0 0 448 512\" xmlns=\"http:\/\/www.w3.org\/2000\/svg\"><path d=\"M207.029 381.476L12.686 187.132c-9.373-9.373-9.373-24.569 0-33.941l22.667-22.667c9.357-9.357 24.522-9.375 33.901-.04L224 284.505l154.745-154.021c9.379-9.335 24.544-9.317 33.901.04l22.667 22.667c9.373 9.373 9.373 24.569 0 33.941L240.971 381.476c-9.373 9.372-24.569 9.372-33.942 0z\"><\/path><\/svg><\/span>\n\t\t\t<span class='e-closed'><svg aria-hidden=\"true\" class=\"e-font-icon-svg e-fas-chevron-right\" viewBox=\"0 0 320 512\" xmlns=\"http:\/\/www.w3.org\/2000\/svg\"><path d=\"M285.476 272.971L91.132 467.314c-9.373 9.373-24.569 9.373-33.941 0l-22.667-22.667c-9.357-9.357-9.375-24.522-.04-33.901L188.505 256 34.484 101.255c-9.335-9.379-9.317-24.544.04-33.901l22.667-22.667c9.373-9.373 24.569-9.373 33.941 0L285.475 239.03c9.373 9.372 9.373 24.568.001 33.941z\"><\/path><\/svg><\/span>\n\t\t<\/span>\n\n\t\t\t\t\t\t<\/summary>\n\t\t\t\t<div role=\"region\" aria-labelledby=\"e-n-accordion-item-2411\" class=\"elementor-element elementor-element-ee558f2 e-con-full e-flex e-con e-child\" data-id=\"ee558f2\" data-element_type=\"container\" data-e-type=\"container\">\n\t\t\t\t<div class=\"elementor-element elementor-element-6aa5681 elementor-widget elementor-widget-text-editor\" data-id=\"6aa5681\" data-element_type=\"widget\" data-e-type=\"widget\" data-widget_type=\"text-editor.default\">\n\t\t\t\t\t\t\t\t\t<ol><li>a) Pessoa jur\u00eddica com faturamento bruto anual de at\u00e9 R$ 4,8 milh\u00f5es, sediada no estado de Goi\u00e1s, com data de constitui\u00e7\u00e3o em at\u00e9 12 meses anteriores \u00e0 data de publica\u00e7\u00e3o do edital, enquadrada como Microempresa (ME) ou Empresa de Pequeno Porte (EPP).<\/li><li>b) A empresa dever\u00e1 ter objeto social que contemple atividade operacional relacionada com a proposta inovadora contemplada no \u00e2mbito desta chamada;<\/li><li>c) Estar adimplente junto \u00e0 FAPEG e \u00f3rg\u00e3os de controle;<\/li><li>d) Estar sediada no estado de Goi\u00e1s;<\/li><li>e) Atender todos os requisitos e documenta\u00e7\u00f5es dispostos no item 14 no ato da contrata\u00e7\u00e3o do projeto pela FAPEG (ap\u00f3s a divulga\u00e7\u00e3o do resultado final);<\/li><li>f) N\u00e3o ter sido contratado na primeira edi\u00e7\u00e3o do Programa Centelha;<\/li><li>g) N\u00e3o possuir s\u00f3cios que tenham qualquer v\u00ednculo societ\u00e1rio com outras empresas de atividade afim \u00e0 da proposta apresentada no \u00e2mbito desta chamada.<\/li><\/ol><p>A participa\u00e7\u00e3o de MEI \u00e9 permitida, desde que o objeto e execu\u00e7\u00e3o do projeto sejam compat\u00edveis com as limita\u00e7\u00f5es do enquadramento jur\u00eddico, inclusive quanto \u00e0 compatibilidade da atividade desenvolvida com o projeto. Para fins de cumprimento do requisito da al\u00ednea \u2018b\u2019 do item 4.1.2, a empresa dever\u00e1, neste caso, apresentar o Certificado da Condi\u00e7\u00e3o do Microempreendedor Individual, ou realizar o reenquadramento para ME ou EPP.<\/p>\t\t\t\t\t\t\t\t<\/div>\n\t\t\t\t<\/div>\n\t\t\t\t\t<\/details>\n\t\t\t\t\t<\/div>\n\t\t\t\t\t\t<\/div>\n\t\t\t\t\t<\/div>\n\t\t\t\t<\/div>\n\t\t\t\t<\/div>\n\t\t<\/div>\n\n<p><strong>Sucesso do Centelha I<\/strong><\/p>\n<p>Na primeira edi\u00e7\u00e3o do Programa Centelha, lan\u00e7ada em 2019, foram contabilizadas 917 ideias inscritas inicialmente e 2.185 empreendedores cadastrados, sendo 202 ideias aprovadas na primeira etapa, 102 na segunda e 28 na fase final, ou seja, 28 novos CNPJs foram constitu\u00eddos em nosso Estado a partir do apoio do Programa Centelha.<\/p>\n<p>O Centelha I revelou, em n\u00fameros, a demanda reprimida no campo do empreendedorismo tecnol\u00f3gico em Goi\u00e1s e agora, com o lan\u00e7amento da segunda edi\u00e7\u00e3o nesta \u00e9poca de pandemia, ele pode se tornar ainda mais relevante.<\/p>\n<p>Desde a cria\u00e7\u00e3o do Programa Centelha, alguns impactos j\u00e1 podem ser observados e a partir dele come\u00e7a o futuro de muitas startups e empresas. Empreendedores se transformando, empresas sendo constitu\u00eddas e seguindo adiante e o ecossistema se movimentando. Este \u00e9 o prop\u00f3sito do Programa Centelha, estimular a cria\u00e7\u00e3o de empreendimentos inovadores e disseminar a cultura empreendedora em\u00a0Goi\u00e1s.<\/p>\n<p>O programa busca, tamb\u00e9m, incentivar a mobiliza\u00e7\u00e3o e a articula\u00e7\u00e3o institucional dos atores nos ecossistemas; contribuir para amplia\u00e7\u00e3o da quantidade e melhoria da qualidade das propostas de empreendimentos de base tecnol\u00f3gica submetidas aos ambientes promotores de inova\u00e7\u00e3o existentes no Pa\u00eds (incubadoras e aceleradoras de empresas, espa\u00e7os de coworking, laborat\u00f3rios abertos de prototipagem, parques e polos tecnol\u00f3gicos etc.).<\/p>\n<figure id=\"attachment_32494\" aria-describedby=\"caption-attachment-32494\" style=\"width: 346px\" class=\"wp-caption alignleft\"><a href=\"https:\/\/goias.gov.br\/fapeg\/wp-content\/uploads\/sites\/5\/2021\/09\/Marcelo-Camargo.jpg\"><img loading=\"lazy\" decoding=\"async\" class=\"wp-image-32494\" src=\"https:\/\/goias.gov.br\/fapeg\/wp-content\/uploads\/sites\/5\/2021\/09\/Marcelo-Camargo.jpg\" alt=\"Marcelo camargo lan\u00e7amento centelha II\" width=\"346\" height=\"229\" \/><\/a><figcaption id=\"caption-attachment-32494\" class=\"wp-caption-text\">Foto: Edinan Ferreira<\/figcaption><\/figure>\n<p>Durante o evento de lan\u00e7amento de editais no Pal\u00e1cio das Esmeraldas, o superintendente de Pesquisa Aplicada e Desenvolvimento Tecnol\u00f3gico da Financiadora de Estudos e Projetos (Finep), Marcelo Camargo, destacou que o Centelha II surge como uma constru\u00e7\u00e3o coletiva e representa a possibilidade de rever o que deu certo e o que deu errado e melhorar. \u201cO Centelha II traz incremento de bolsas desde o in\u00edcio, mais recursos, teve um crescimento no n\u00famero de empresas a serem selecionadas, agora ser\u00e3o 50, e j\u00e1 estamos discutindo a quest\u00e3o da edi\u00e7\u00e3o 3 do Programa\u201d, revelou.<\/p>\n<p>\u201cO Centelha \u00e9 uma porta de entrada, mas faz com que a gente consiga desenvolver uma cultura de inova\u00e7\u00e3o. N\u00f3s queremos que as empresas j\u00e1 nas\u00e7am com foco na inova\u00e7\u00e3o e tecnologia\u201d, ressaltou. \u201cNa primeira vers\u00e3o do programa, foram quase 16 mil ideias submetidas. \u00c9 essa for\u00e7a interna que move as pessoas que v\u00e3o mover o Pa\u00eds e fazer com que a gente tenha uma p\u00e1tria menos desigual. Que a inova\u00e7\u00e3o seja um vetor de combate aos grandes problemas no nosso pa\u00eds.\u201d<\/p>","protected":false},"excerpt":{"rendered":"<p>O edital foi \u00a0lan\u00e7ado no dia 15 e o prazo para submiss\u00e3o de propostas j\u00e1 est\u00e1 aberto. Ser\u00e3o investidos R$ 4,65 milh\u00f5es na modalidade subven\u00e7\u00e3o econ\u00f4mica para apoiar a gera\u00e7\u00e3o de empreendimentos inovadores que v\u00e3o movimentar o ecossistema de inova\u00e7\u00e3o do Estado promovendo avan\u00e7o econ\u00f4mico e social. Ser\u00e3o selecionadas 50 propostas no valor unit\u00e1rio de [&hellip;]<\/p>\n","protected":false},"author":32,"featured_media":32507,"comment_status":"closed","ping_status":"closed","sticky":false,"template":"","format":"standard","meta":{"footnotes":""},"categories":[57,4,8],"tags":[],"class_list":["post-32456","post","type-post","status-publish","format-standard","has-post-thumbnail","hentry","category-especiais","category-noticias","category-fapeg"],"rttpg_featured_image_url":{"full":["https:\/\/goias.gov.br\/fapeg\/wp-content\/uploads\/sites\/5\/2021\/09\/tela-centelha.jpg",1505,810,false],"landscape":["https:\/\/goias.gov.br\/fapeg\/wp-content\/uploads\/sites\/5\/2021\/09\/tela-centelha.jpg",1505,810,false],"portraits":["https:\/\/goias.gov.br\/fapeg\/wp-content\/uploads\/sites\/5\/2021\/09\/tela-centelha.jpg",1505,810,false],"thumbnail":["https:\/\/goias.gov.br\/fapeg\/wp-content\/uploads\/sites\/5\/2021\/09\/tela-centelha.jpg",150,81,false],"medium":["https:\/\/goias.gov.br\/fapeg\/wp-content\/uploads\/sites\/5\/2021\/09\/tela-centelha.jpg",300,161,false],"large":["https:\/\/goias.gov.br\/fapeg\/wp-content\/uploads\/sites\/5\/2021\/09\/tela-centelha.jpg",1024,551,false],"1536x1536":["https:\/\/goias.gov.br\/fapeg\/wp-content\/uploads\/sites\/5\/2021\/09\/tela-centelha.jpg",1505,810,false],"2048x2048":["https:\/\/goias.gov.br\/fapeg\/wp-content\/uploads\/sites\/5\/2021\/09\/tela-centelha.jpg",1505,810,false]},"rttpg_author":{"display_name":"sabrinamorais","author_link":"https:\/\/goias.gov.br\/fapeg\/author\/sabrinamorais\/"},"rttpg_comment":0,"rttpg_category":"<a href=\"https:\/\/goias.gov.br\/fapeg\/categoria\/noticias\/especiais\/\" rel=\"category tag\">Especiais<\/a> <a href=\"https:\/\/goias.gov.br\/fapeg\/categoria\/noticias\/\" rel=\"category tag\">Not\u00edcias<\/a> <a href=\"https:\/\/goias.gov.br\/fapeg\/categoria\/noticias\/fapeg\/\" rel=\"category tag\">Not\u00edcias FAPEG<\/a>","rttpg_excerpt":"O edital foi \u00a0lan\u00e7ado no dia 15 e o prazo para submiss\u00e3o de propostas j\u00e1 est\u00e1 aberto. Ser\u00e3o investidos R$ 4,65 milh\u00f5es na modalidade subven\u00e7\u00e3o econ\u00f4mica para apoiar a gera\u00e7\u00e3o de empreendimentos inovadores que v\u00e3o movimentar o ecossistema de inova\u00e7\u00e3o do Estado promovendo avan\u00e7o econ\u00f4mico e social. Ser\u00e3o selecionadas 50 propostas no valor unit\u00e1rio de&hellip;","_links":{"self":[{"href":"https:\/\/goias.gov.br\/fapeg\/wp-json\/wp\/v2\/posts\/32456","targetHints":{"allow":["GET"]}}],"collection":[{"href":"https:\/\/goias.gov.br\/fapeg\/wp-json\/wp\/v2\/posts"}],"about":[{"href":"https:\/\/goias.gov.br\/fapeg\/wp-json\/wp\/v2\/types\/post"}],"author":[{"embeddable":true,"href":"https:\/\/goias.gov.br\/fapeg\/wp-json\/wp\/v2\/users\/32"}],"replies":[{"embeddable":true,"href":"https:\/\/goias.gov.br\/fapeg\/wp-json\/wp\/v2\/comments?post=32456"}],"version-history":[{"count":2,"href":"https:\/\/goias.gov.br\/fapeg\/wp-json\/wp\/v2\/posts\/32456\/revisions"}],"predecessor-version":[{"id":36676,"href":"https:\/\/goias.gov.br\/fapeg\/wp-json\/wp\/v2\/posts\/32456\/revisions\/36676"}],"wp:featuredmedia":[{"embeddable":true,"href":"https:\/\/goias.gov.br\/fapeg\/wp-json\/wp\/v2\/media\/32507"}],"wp:attachment":[{"href":"https:\/\/goias.gov.br\/fapeg\/wp-json\/wp\/v2\/media?parent=32456"}],"wp:term":[{"taxonomy":"category","embeddable":true,"href":"https:\/\/goias.gov.br\/fapeg\/wp-json\/wp\/v2\/categories?post=32456"},{"taxonomy":"post_tag","embeddable":true,"href":"https:\/\/goias.gov.br\/fapeg\/wp-json\/wp\/v2\/tags?post=32456"}],"curies":[{"name":"wp","href":"https:\/\/api.w.org\/{rel}","templated":true}]}}