

{"id":3227,"date":"2016-01-20T10:09:22","date_gmt":"2016-01-20T13:09:22","guid":{"rendered":"http:\/\/www.fapeg.go.gov.br\/?p=3227"},"modified":"2018-10-08T11:40:20","modified_gmt":"2018-10-08T14:40:20","slug":"governo-elabora-programa-para-popularizar-ciencia-diz-ministro","status":"publish","type":"post","link":"https:\/\/goias.gov.br\/fapeg\/governo-elabora-programa-para-popularizar-ciencia-diz-ministro\/","title":{"rendered":"Governo elabora programa para popularizar ci\u00eancia, diz ministro"},"content":{"rendered":"<figure id=\"attachment_3228\" aria-describedby=\"caption-attachment-3228\" style=\"width: 300px\" class=\"wp-caption alignleft\"><a href=\"https:\/\/goias.gov.br\/fapeg\/wp-content\/uploads\/sites\/5\/2016\/01\/994748-19012016capa-dsc_6774-.jpg\"><img fetchpriority=\"high\" decoding=\"async\" class=\"size-medium wp-image-3228\" src=\"https:\/\/goias.gov.br\/fapeg\/wp-content\/uploads\/sites\/5\/2016\/01\/994748-19012016capa-dsc_6774--300x201.jpg\" alt=\"Ministro em entrevista\" width=\"300\" height=\"201\" srcset=\"https:\/\/goias.gov.br\/fapeg\/wp-content\/uploads\/sites\/5\/2016\/01\/994748-19012016capa-dsc_6774--300x201.jpg 300w, https:\/\/goias.gov.br\/fapeg\/wp-content\/uploads\/sites\/5\/2016\/01\/994748-19012016capa-dsc_6774--272x182.jpg 272w, https:\/\/goias.gov.br\/fapeg\/wp-content\/uploads\/sites\/5\/2016\/01\/994748-19012016capa-dsc_6774-.jpg 580w\" sizes=\"(max-width: 300px) 100vw, 300px\" \/><\/a><figcaption id=\"caption-attachment-3228\" class=\"wp-caption-text\">O ministro da Ci\u00eancia, Tecnologia e Inova\u00e7\u00e3o, Celso Pansera, fala sobre a populariza\u00e7\u00e3o da ci\u00eancia e a san\u00e7\u00e3o do Marco Legal da Ci\u00eancia e Tecnologia durante o programa Bom Dia, Ministro &#8211; Foto: Elza Fi\u00faza\/Ag\u00eancia Brasil<\/figcaption><\/figure>\n<p>Yara Aquino \u2013 Rep\u00f3rter da Ag\u00eancia Brasil<\/p>\n<p>O ministro de Ci\u00eancia, Tecnologia e Inova\u00e7\u00e3o, Celso Pansera, afirmou\u00a0nesta ter\u00e7a-feira\u00a0(19) que o Minist\u00e9rio est\u00e1 elaborando um programa para popularizar a ci\u00eancia no pa\u00eds. Segundo ele, a inten\u00e7\u00e3o \u00e9 criar espa\u00e7os onde os estudantes possam ter contato com o universo e os fen\u00f4menos cient\u00edficos.<\/p>\n<p>&#8220;[Queremos] colocar centros de populariza\u00e7\u00e3o de cria\u00e7\u00e3o de ci\u00eancia para estudantes do ensino b\u00e1sico, nas cidades m\u00e9dias do pa\u00eds, ao longo dos pr\u00f3ximos anos para que as pessoas tenham a dimens\u00e3o da import\u00e2ncia da ci\u00eancia, da tecnologia e da inova\u00e7\u00e3o no cotidiano do brasileiro\u201d, explicou Pansera ao participar do programa Bom Dia, Ministro, produzido pela Secretaria de Comunica\u00e7\u00e3o Social da Presid\u00eancia da Rep\u00fablica em parceria com a EBC Servi\u00e7os.<\/p>\n<p>Pansera citou como refer\u00eancia o Museu do Amanh\u00e3, inaugurado em dezembro no ano passado, no Rio de Janeiro, que abriga mostras e exposi\u00e7\u00f5es de temas relacionadas \u00e0s ci\u00eancias e tem atividades que permitem a interatividade do p\u00fablico. O ministro informou que se reuniu com a equipe do museu para tratar da possibilidade de compartilhar o conte\u00fado. O projeto deve envolver tamb\u00e9m outros minist\u00e9rios. \u201cEstamos desenvolvendo um programa de populariza\u00e7\u00e3o da ci\u00eancia no Brasil. Queremos lev\u00e1-lo \u00e0 presidenta Dilma [Rousseff] em fevereiro e apresent\u00e1-lo em mar\u00e7o ao pa\u00eds&#8221;, acrescentou.<\/p>\n<p>\u201c\u00c9 um bom momento para lan\u00e7ar um programa de populariza\u00e7\u00e3o da ci\u00eancia, aproximando biologia, qu\u00edmica, matem\u00e1tica e f\u00edsica da juventude, criando prazer nos jovens e nas crian\u00e7as com o conhecimento\u201d, afirmou Pansera. Ele ressaltou que despertar o interesse dos estudantes para as ci\u00eancias vai contribuir para a forma\u00e7\u00e3o de professores e para a melhoria da educa\u00e7\u00e3o no pa\u00eds.<\/p>\n<p><strong>Marco legal<\/strong><\/p>\n<p>Ao participar do Bom Dia, Ministro, Celso Pansera falou sobre o novo Marco Legal da Ci\u00eancia, Tecnologia e Inova\u00e7\u00e3o, sancionado na semana passada pela presidenta Dilma, e citou, entre os pontos positivos, a facilita\u00e7\u00e3o da importa\u00e7\u00e3o de produtos e equipamentos vinculados \u00e0 pesquisa e o est\u00edmulo \u00e0 aproxima\u00e7\u00e3o entre os setores de pesquisa p\u00fablico e privado. O marco cria regras para estimular o avan\u00e7o da produ\u00e7\u00e3o cient\u00edfica no Brasil. \u201cO marco analisa diversas leis que envolvem pesquisa, inova\u00e7\u00e3o, tecnologia e as torna mais ag\u00e9is e um pouco mais pr\u00f3ximas da realidade do mercado e da realidade dos pesquisadores\u201d, disse o ministro.<\/p>\n<p>Edi\u00e7\u00e3o: Talita Cavalcante<\/p>\n<p>Fonte: Ag\u00eancia Brasil<\/p>\n","protected":false},"excerpt":{"rendered":"<p>O ministro de Ci\u00eancia, Tecnologia e Inova\u00e7\u00e3o, Celso Pansera, afirmou que o Minist\u00e9rio est\u00e1 elaborando um programa para popularizar a ci\u00eancia no pa\u00eds. Segundo ele, a inten\u00e7\u00e3o \u00e9 criar espa\u00e7os onde os estudantes possam ter contato com o universo e os fen\u00f4menos cient\u00edficos.<\/p>\n","protected":false},"author":46,"featured_media":3228,"comment_status":"closed","ping_status":"closed","sticky":false,"template":"","format":"standard","meta":{"footnotes":""},"categories":[4,9],"tags":[],"class_list":["post-3227","post","type-post","status-publish","format-standard","has-post-thumbnail","hentry","category-noticias","category-cti"],"rttpg_featured_image_url":{"full":["https:\/\/goias.gov.br\/fapeg\/wp-content\/uploads\/sites\/5\/2016\/01\/994748-19012016capa-dsc_6774-.jpg",580,388,false],"landscape":["https:\/\/goias.gov.br\/fapeg\/wp-content\/uploads\/sites\/5\/2016\/01\/994748-19012016capa-dsc_6774-.jpg",580,388,false],"portraits":["https:\/\/goias.gov.br\/fapeg\/wp-content\/uploads\/sites\/5\/2016\/01\/994748-19012016capa-dsc_6774-.jpg",580,388,false],"thumbnail":["https:\/\/goias.gov.br\/fapeg\/wp-content\/uploads\/sites\/5\/2016\/01\/994748-19012016capa-dsc_6774--150x150.jpg",150,150,true],"medium":["https:\/\/goias.gov.br\/fapeg\/wp-content\/uploads\/sites\/5\/2016\/01\/994748-19012016capa-dsc_6774--300x201.jpg",300,201,true],"large":["https:\/\/goias.gov.br\/fapeg\/wp-content\/uploads\/sites\/5\/2016\/01\/994748-19012016capa-dsc_6774-.jpg",580,388,false],"1536x1536":["https:\/\/goias.gov.br\/fapeg\/wp-content\/uploads\/sites\/5\/2016\/01\/994748-19012016capa-dsc_6774-.jpg",580,388,false],"2048x2048":["https:\/\/goias.gov.br\/fapeg\/wp-content\/uploads\/sites\/5\/2016\/01\/994748-19012016capa-dsc_6774-.jpg",580,388,false]},"rttpg_author":{"display_name":"cleybetsls","author_link":"https:\/\/goias.gov.br\/fapeg\/author\/cleybetsls\/"},"rttpg_comment":0,"rttpg_category":"<a href=\"https:\/\/goias.gov.br\/fapeg\/categoria\/noticias\/\" rel=\"category tag\">Not\u00edcias<\/a> <a href=\"https:\/\/goias.gov.br\/fapeg\/categoria\/cti\/\" rel=\"category tag\">Not\u00edcias CT&amp;I<\/a>","rttpg_excerpt":"O ministro de Ci\u00eancia, Tecnologia e Inova\u00e7\u00e3o, Celso Pansera, afirmou que o Minist\u00e9rio est\u00e1 elaborando um programa para popularizar a ci\u00eancia no pa\u00eds. Segundo ele, a inten\u00e7\u00e3o \u00e9 criar espa\u00e7os onde os estudantes possam ter contato com o universo e os fen\u00f4menos cient\u00edficos.","_links":{"self":[{"href":"https:\/\/goias.gov.br\/fapeg\/wp-json\/wp\/v2\/posts\/3227","targetHints":{"allow":["GET"]}}],"collection":[{"href":"https:\/\/goias.gov.br\/fapeg\/wp-json\/wp\/v2\/posts"}],"about":[{"href":"https:\/\/goias.gov.br\/fapeg\/wp-json\/wp\/v2\/types\/post"}],"author":[{"embeddable":true,"href":"https:\/\/goias.gov.br\/fapeg\/wp-json\/wp\/v2\/users\/46"}],"replies":[{"embeddable":true,"href":"https:\/\/goias.gov.br\/fapeg\/wp-json\/wp\/v2\/comments?post=3227"}],"version-history":[{"count":2,"href":"https:\/\/goias.gov.br\/fapeg\/wp-json\/wp\/v2\/posts\/3227\/revisions"}],"predecessor-version":[{"id":3230,"href":"https:\/\/goias.gov.br\/fapeg\/wp-json\/wp\/v2\/posts\/3227\/revisions\/3230"}],"wp:featuredmedia":[{"embeddable":true,"href":"https:\/\/goias.gov.br\/fapeg\/wp-json\/wp\/v2\/media\/3228"}],"wp:attachment":[{"href":"https:\/\/goias.gov.br\/fapeg\/wp-json\/wp\/v2\/media?parent=3227"}],"wp:term":[{"taxonomy":"category","embeddable":true,"href":"https:\/\/goias.gov.br\/fapeg\/wp-json\/wp\/v2\/categories?post=3227"},{"taxonomy":"post_tag","embeddable":true,"href":"https:\/\/goias.gov.br\/fapeg\/wp-json\/wp\/v2\/tags?post=3227"}],"curies":[{"name":"wp","href":"https:\/\/api.w.org\/{rel}","templated":true}]}}