

{"id":3167,"date":"2016-01-12T10:18:32","date_gmt":"2016-01-12T13:18:32","guid":{"rendered":"http:\/\/www.fapeg.go.gov.br\/?p=3167"},"modified":"2018-10-08T11:40:21","modified_gmt":"2018-10-08T14:40:21","slug":"cnpq-lanca-chamada-universal-2016","status":"publish","type":"post","link":"https:\/\/goias.gov.br\/fapeg\/cnpq-lanca-chamada-universal-2016\/","title":{"rendered":"CNPq lan\u00e7a chamada Universal 2016"},"content":{"rendered":"<figure id=\"attachment_3169\" aria-describedby=\"caption-attachment-3169\" style=\"width: 300px\" class=\"wp-caption alignleft\"><a href=\"https:\/\/goias.gov.br\/fapeg\/wp-content\/uploads\/sites\/5\/2016\/01\/presidente-CNPq.jpg\"><img fetchpriority=\"high\" decoding=\"async\" class=\"size-medium wp-image-3169\" src=\"https:\/\/goias.gov.br\/fapeg\/wp-content\/uploads\/sites\/5\/2016\/01\/presidente-CNPq-300x300.jpg\" alt=\"\" width=\"300\" height=\"300\" srcset=\"https:\/\/goias.gov.br\/fapeg\/wp-content\/uploads\/sites\/5\/2016\/01\/presidente-CNPq-300x300.jpg 300w, https:\/\/goias.gov.br\/fapeg\/wp-content\/uploads\/sites\/5\/2016\/01\/presidente-CNPq-150x150.jpg 150w, https:\/\/goias.gov.br\/fapeg\/wp-content\/uploads\/sites\/5\/2016\/01\/presidente-CNPq-768x765.jpg 768w, https:\/\/goias.gov.br\/fapeg\/wp-content\/uploads\/sites\/5\/2016\/01\/presidente-CNPq-280x280.jpg 280w, https:\/\/goias.gov.br\/fapeg\/wp-content\/uploads\/sites\/5\/2016\/01\/presidente-CNPq-560x560.jpg 560w, https:\/\/goias.gov.br\/fapeg\/wp-content\/uploads\/sites\/5\/2016\/01\/presidente-CNPq.jpg 800w\" sizes=\"(max-width: 300px) 100vw, 300px\" \/><\/a><figcaption id=\"caption-attachment-3169\" class=\"wp-caption-text\">Presidente do Conselho Nacional de Desenvolvimento Cientifico e Tecnol\u00f3gico (CNPq), Hernan Chaimovich. Foto: Robson Moura.<\/figcaption><\/figure>\n<p>O presidente do Conselho Nacional de Desenvolvimento Cient\u00edfico e Tecnol\u00f3gico (CNPq), Hernan Chaimovich, lan\u00e7ou, nesta segunda-feira, 11, a Chamada Universal CNPq\/MCTI 1\/2016, durante a san\u00e7\u00e3o do Marco Legal de C&amp;T, em Bras\u00edlia, com a presen\u00e7a da Presidenta da Rep\u00fablica, Dilma Rousseff.<\/p>\n<p>Chaimovich ressaltou que a chamada vai al\u00e9m do fomento de ci\u00eancia, tecnologia e inova\u00e7\u00e3o, mas que essencialmente representa a democratiza\u00e7\u00e3o e a extens\u00e3o geogr\u00e1fica da excel\u00eancia dos cientistas desse pa\u00eds. \u201cEla amplia, portanto a capacidade brasileira de contribuir cient\u00edfica e tecnologicamente para o desenvolvimento intelectual, social e econ\u00f4mico do pa\u00eds\u201d, afirmou.<\/p>\n<p>J\u00e1 a presidenta Dilma espera que os R$ 200 milh\u00f5es \u201csejam muito bem aproveitados e que haja um aumento das atividades de pesquisa, com o engajamento de estudantes de gradua\u00e7\u00e3o e p\u00f3s-gradua\u00e7\u00e3o no desenvolvimento de projetos e maior intera\u00e7\u00e3o com o setor produtivo\u201d.<\/p>\n<p>Estavam presentes na cerim\u00f4nia, ainda, os Ministros da Ci\u00eancia, Tecnologia e Inova\u00e7\u00e3o, Celso Pansera, a presidente da Sociedade Brasileira para o Progresso da Ci\u00eancia (SBPC), Helena Nader e o presidente da Academia Brasileira de Ci\u00eancia (ABC), Jacob Palis.<\/p>\n<p><strong>A Chamada<\/strong><br \/>\nO objetivo da Chamada Universal \u00e9 democratizar o fomento \u00e0 pesquisa cient\u00edfica e tecnol\u00f3gica no Pa\u00eds, contemplando todas as \u00e1reas do conhecimento. Dos R$ 200 milh\u00f5es previstos no edital, R$ 150 milh\u00f5es s\u00e3o do Fundo Nacional de Desenvolvimento Cient\u00edfico e Tecnol\u00f3gico (FNDCT) e R$ 50 milh\u00f5es do CNPq.<\/p>\n<p>Os recursos disponibilizados para os projetos ser\u00e3o divididos em tr\u00eas n\u00edveis, com valores que variam de R$ 30 mil a R$ 120 mil.<\/p>\n<p>O <a href=\"http:\/\/resultado.cnpq.br\/4564041696219148\" target=\"_blank\">edital<\/a> da Chamada Universal est\u00e1 dispon\u00edvel na <a href=\"http:\/\/www.cnpq.br\/web\/guest\/chamadas-publicas\" target=\"_blank\">p\u00e1gina do CNPq<\/a> a partir desta ter\u00e7a-feira, 12 e os pesquisadores t\u00eam at\u00e9 26 de fevereiro para apresentar suas propostas. Cada pesquisador poder\u00e1 apresentar apenas um projeto, que deve ser executado em um per\u00edodo de 36 meses, a partir da data de contrata\u00e7\u00e3o.<\/p>\n<p><a href=\"https:\/\/goias.gov.br\/fapeg\/wp-content\/uploads\/sites\/5\/2016\/01\/universal-cnpq.png\"><img decoding=\"async\" class=\"alignright size-medium wp-image-3168\" src=\"https:\/\/goias.gov.br\/fapeg\/wp-content\/uploads\/sites\/5\/2016\/01\/universal-cnpq-300x250.png\" alt=\"\" width=\"300\" height=\"250\" srcset=\"https:\/\/goias.gov.br\/fapeg\/wp-content\/uploads\/sites\/5\/2016\/01\/universal-cnpq-300x250.png 300w, https:\/\/goias.gov.br\/fapeg\/wp-content\/uploads\/sites\/5\/2016\/01\/universal-cnpq-768x641.png 768w, https:\/\/goias.gov.br\/fapeg\/wp-content\/uploads\/sites\/5\/2016\/01\/universal-cnpq.png 944w\" sizes=\"(max-width: 300px) 100vw, 300px\" \/><\/a>Ser\u00e3o beneficiados projetos desenvolvidos em institui\u00e7\u00f5es de ensino superior ou institutos de pesquisa e desenvolvimento (P&amp;D), p\u00fablicos ou privados, sem fins lucrativos, al\u00e9m de projetos ligados a empresas p\u00fablicas nas \u00e1reas de ci\u00eancia, tecnologia e inova\u00e7\u00e3o.<\/p>\n<p>Para ter acesso aos recursos da Chamada Universal, a solicita\u00e7\u00e3o deve ser feita pelo coordenador do projeto, que obrigatoriamente, dever\u00e1 possuir t\u00edtulo de doutor e ter o curr\u00edculo cadastrado na Plataforma Lattes, atualizado at\u00e9 a data limite para submiss\u00e3o da documenta\u00e7\u00e3o. Al\u00e9m disso, deve possuir v\u00ednculo celetista ou estatu\u00e1rio com a manuten\u00e7\u00e3o de atividades acad\u00eamico-cient\u00edficas na institui\u00e7\u00e3o de ensino a pesquisa. Por fim, n\u00e3o ter projeto vigente aprovado em Chamada Universal anterior.<\/p>\n<p>A chamada prev\u00ea a concess\u00e3o de 1.500 bolsas de Inicia\u00e7\u00e3o Cient\u00edfica (IC) e outras 1.00 bolsas de apoio t\u00e9cnico (AT), tamb\u00e9m com dura\u00e7\u00e3o de at\u00e9 36 meses.<\/p>\n<p><strong>Marco Legal<\/strong><br \/>\nA presidenta Dilma Rousseff sancionou, nesta segunda-feira (11), o novo Marco Legal da Ci\u00eancia, Tecnologia e Inova\u00e7\u00e3o, Projeto de Lei da C\u00e2mara (PLC) 77\/2015. A proposta, aprovada por unanimidade pelo Senado Federal no dia 9 de dezembro de 2015, aproxima as universidades das empresas, tornando mais din\u00e2micos a pesquisa, o desenvolvimento cient\u00edfico e tecnol\u00f3gico e a inova\u00e7\u00e3o no Pa\u00eds. O ministro da Ci\u00eancia, Tecnologia e Inova\u00e7\u00e3o, Celso Pansera, e o presidente do CNPq, Hernan Chaimovich, tamb\u00e9m participaram da cerim\u00f4nia que aconteceu no Pal\u00e1cio do Planalto, Bras\u00edlia.<\/p>\n<p>Considerado uma grande vit\u00f3ria da comunidade cient\u00edfica, o Marco Legal da CT&amp;I amplia o tempo m\u00e1ximo que os professores das universidades federais poder\u00e3o trabalhar em projetos institucionais de ensino, pesquisa e extens\u00e3o, ou exercer atividades de natureza cient\u00edfica e tecnol\u00f3gica.<\/p>\n<p>Outro ponto \u00e9 a isen\u00e7\u00e3o e redu\u00e7\u00e3o do imposto para as importa\u00e7\u00f5es realizadas por empresas na execu\u00e7\u00e3o de projetos de pesquisa, desenvolvimento e inova\u00e7\u00e3o.<\/p>\n<p>O novo Marco Legal tamb\u00e9m permite a participa\u00e7\u00e3o da Uni\u00e3o, estados e munic\u00edpios no capital social de empresas para o desenvolvimento de produtos e processos inovadores que estejam de acordo com as respectivas pol\u00edticas de desenvolvimento cient\u00edfico. Os entes federativos poder\u00e3o apoiar a cria\u00e7\u00e3o de ambientes promotores de inova\u00e7\u00e3o, como incubadoras de empresas, parques e polos tecnol\u00f3gicos, por meio de recursos repassados por suas ag\u00eancias de fomento aos pesquisadores vinculados a institui\u00e7\u00f5es cient\u00edficas e tecnol\u00f3gicas (ICTs).<\/p>\n<p>O Marco estabelece ainda novas compet\u00eancias para os N\u00facleos de Inova\u00e7\u00e3o Tecnol\u00f3gica (NITs), como a defini\u00e7\u00e3o de estrat\u00e9gias para a transfer\u00eancia das inova\u00e7\u00f5es geradas pelas ICTs. A proposta aprimora a defini\u00e7\u00e3o de propriedade intelectual resultante da parceria entre universidades e empresas, assim como a transfer\u00eancia de tecnologia. Outra novidade \u00e9 a simplifica\u00e7\u00e3o do processo de emiss\u00e3o de visto de trabalho para pesquisadores estrangeiros que vierem ao Brasil para participar de projetos de pesquisa.<\/p>\n<p><em>Fonte: <a href=\"http:\/\/www.cnpq.br\/web\/guest\/noticiasviews\/-\/journal_content\/56_INSTANCE_a6MO\/10157\/3006645\" target=\"_blank\">Coordena\u00e7\u00e3o de Comunica\u00e7\u00e3o do CNPq<\/a>.<\/em><\/p>\n","protected":false},"excerpt":{"rendered":"<p>O objetivo da Chamada Universal \u00e9 democratizar o fomento \u00e0 pesquisa cientifica e tecnol\u00f3gica no Pa\u00eds, contemplando todas as \u00e1reas do conhecimento.<\/p>\n","protected":false},"author":46,"featured_media":3168,"comment_status":"closed","ping_status":"closed","sticky":false,"template":"","format":"standard","meta":{"footnotes":""},"categories":[4,9],"tags":[],"class_list":["post-3167","post","type-post","status-publish","format-standard","has-post-thumbnail","hentry","category-noticias","category-cti"],"rttpg_featured_image_url":{"full":["https:\/\/goias.gov.br\/fapeg\/wp-content\/uploads\/sites\/5\/2016\/01\/universal-cnpq.png",944,788,false],"landscape":["https:\/\/goias.gov.br\/fapeg\/wp-content\/uploads\/sites\/5\/2016\/01\/universal-cnpq.png",944,788,false],"portraits":["https:\/\/goias.gov.br\/fapeg\/wp-content\/uploads\/sites\/5\/2016\/01\/universal-cnpq.png",944,788,false],"thumbnail":["https:\/\/goias.gov.br\/fapeg\/wp-content\/uploads\/sites\/5\/2016\/01\/universal-cnpq-150x150.png",150,150,true],"medium":["https:\/\/goias.gov.br\/fapeg\/wp-content\/uploads\/sites\/5\/2016\/01\/universal-cnpq-300x250.png",300,250,true],"large":["https:\/\/goias.gov.br\/fapeg\/wp-content\/uploads\/sites\/5\/2016\/01\/universal-cnpq.png",944,788,false],"1536x1536":["https:\/\/goias.gov.br\/fapeg\/wp-content\/uploads\/sites\/5\/2016\/01\/universal-cnpq.png",944,788,false],"2048x2048":["https:\/\/goias.gov.br\/fapeg\/wp-content\/uploads\/sites\/5\/2016\/01\/universal-cnpq.png",944,788,false]},"rttpg_author":{"display_name":"cleybetsls","author_link":"https:\/\/goias.gov.br\/fapeg\/author\/cleybetsls\/"},"rttpg_comment":0,"rttpg_category":"<a href=\"https:\/\/goias.gov.br\/fapeg\/categoria\/noticias\/\" rel=\"category tag\">Not\u00edcias<\/a> <a href=\"https:\/\/goias.gov.br\/fapeg\/categoria\/cti\/\" rel=\"category tag\">Not\u00edcias CT&amp;I<\/a>","rttpg_excerpt":"O objetivo da Chamada Universal \u00e9 democratizar o fomento \u00e0 pesquisa cientifica e tecnol\u00f3gica no Pa\u00eds, contemplando todas as \u00e1reas do conhecimento.","_links":{"self":[{"href":"https:\/\/goias.gov.br\/fapeg\/wp-json\/wp\/v2\/posts\/3167","targetHints":{"allow":["GET"]}}],"collection":[{"href":"https:\/\/goias.gov.br\/fapeg\/wp-json\/wp\/v2\/posts"}],"about":[{"href":"https:\/\/goias.gov.br\/fapeg\/wp-json\/wp\/v2\/types\/post"}],"author":[{"embeddable":true,"href":"https:\/\/goias.gov.br\/fapeg\/wp-json\/wp\/v2\/users\/46"}],"replies":[{"embeddable":true,"href":"https:\/\/goias.gov.br\/fapeg\/wp-json\/wp\/v2\/comments?post=3167"}],"version-history":[{"count":4,"href":"https:\/\/goias.gov.br\/fapeg\/wp-json\/wp\/v2\/posts\/3167\/revisions"}],"predecessor-version":[{"id":3173,"href":"https:\/\/goias.gov.br\/fapeg\/wp-json\/wp\/v2\/posts\/3167\/revisions\/3173"}],"wp:featuredmedia":[{"embeddable":true,"href":"https:\/\/goias.gov.br\/fapeg\/wp-json\/wp\/v2\/media\/3168"}],"wp:attachment":[{"href":"https:\/\/goias.gov.br\/fapeg\/wp-json\/wp\/v2\/media?parent=3167"}],"wp:term":[{"taxonomy":"category","embeddable":true,"href":"https:\/\/goias.gov.br\/fapeg\/wp-json\/wp\/v2\/categories?post=3167"},{"taxonomy":"post_tag","embeddable":true,"href":"https:\/\/goias.gov.br\/fapeg\/wp-json\/wp\/v2\/tags?post=3167"}],"curies":[{"name":"wp","href":"https:\/\/api.w.org\/{rel}","templated":true}]}}