

{"id":31202,"date":"2021-03-12T12:21:48","date_gmt":"2021-03-12T15:21:48","guid":{"rendered":"http:\/\/www.fapeg.go.gov.br\/?p=31202"},"modified":"2021-12-06T15:25:45","modified_gmt":"2021-12-06T18:25:45","slug":"detectadas-variantes-do-coronavirus-em-goiania-anapolis-e-catalao","status":"publish","type":"post","link":"https:\/\/goias.gov.br\/fapeg\/detectadas-variantes-do-coronavirus-em-goiania-anapolis-e-catalao\/","title":{"rendered":"Detectadas variantes do coronav\u00edrus em Goi\u00e2nia, An\u00e1polis e Catal\u00e3o"},"content":{"rendered":"<p><em><a href=\"https:\/\/goias.gov.br\/fapeg\/wp-content\/uploads\/sites\/5\/2021\/03\/foto-professora-mariana-e-equipe.jpg\"><img fetchpriority=\"high\" decoding=\"async\" class=\"alignleft size-medium wp-image-31204\" src=\"https:\/\/goias.gov.br\/fapeg\/wp-content\/uploads\/sites\/5\/2021\/03\/foto-professora-mariana-e-equipe-300x225.jpg\" alt=\"Sequenciamento gen\u00e9tico coronav\u00edrus\" width=\"300\" height=\"225\" srcset=\"https:\/\/goias.gov.br\/fapeg\/wp-content\/uploads\/sites\/5\/2021\/03\/foto-professora-mariana-e-equipe-300x225.jpg 300w, https:\/\/goias.gov.br\/fapeg\/wp-content\/uploads\/sites\/5\/2021\/03\/foto-professora-mariana-e-equipe-768x575.jpg 768w, https:\/\/goias.gov.br\/fapeg\/wp-content\/uploads\/sites\/5\/2021\/03\/foto-professora-mariana-e-equipe-1024x766.jpg 1024w, https:\/\/goias.gov.br\/fapeg\/wp-content\/uploads\/sites\/5\/2021\/03\/foto-professora-mariana-e-equipe.jpg 1280w\" sizes=\"(max-width: 300px) 100vw, 300px\" \/><\/a>Helenice Ferreira da Assessoria de Comunica\u00e7\u00e3o da Fapeg<\/p>\n<p>O sequenciamento do genoma viral foi feito por pesquisadores da PUC Goi\u00e1s, UFG e IFG e conta com fomento da Fapeg. As atividades ser\u00e3o intensificadas nos demais munic\u00edpios do Estado.<\/em><\/p>\n<p>Pesquisadores de Goi\u00e1s detectaram em Goi\u00e2nia, An\u00e1polis e Catal\u00e3o a presen\u00e7a das variantes do coronav\u00edrus (Sars-CoV-2) conhecidas como P.1. , origin\u00e1ria de Manaus; P.2. do Rio de Janeiro e B.1.1.7 do Reino Unido. O sequenciamento gen\u00e9tico foi feito em oito amostras nasofar\u00edngeas coletadas em laborat\u00f3rios para testes RT-PCR. O comunicado j\u00e1 foi feito \u00e0s autoridades de sa\u00fade do Estado e dos munic\u00edpios envolvidos para que sejam realizadas as a\u00e7\u00f5es de vigil\u00e2ncia e tomadas as provid\u00eancias para o rastreio de contato.<\/p>\n<p>Os trabalhos de sequenciamento do genoma viral est\u00e3o sendo coordenados pela pesquisadora, bi\u00f3loga, Dra. Mariana Pires de Campos Telles, da Pontif\u00edcia Universidade Cat\u00f3lica (PUC Goi\u00e1s) e da Universidade Federal de Goi\u00e1s (UFG) e sua equipe de pesquisadores da UFG, PUC Goi\u00e1s e IFG. Segundo ela, as atividades de sequenciamento ser\u00e3o intensificadas nos demais munic\u00edpios do Estado de Goi\u00e1s. A partir da pr\u00f3xima semana ser\u00e3o processadas mais 60 amostras e outras 60 dentro de 30 dias.<\/p>\n<p>Mariana Telles ressalta que o sequenciamento de genomas \u00e9 uma ferramenta importante no monitoramento da evolu\u00e7\u00e3o do genoma do v\u00edrus e da sua dispers\u00e3o em uma epidemia. \u201cEssas informa\u00e7\u00f5es s\u00e3o importantes para possibilitar tra\u00e7ar a velocidade com que o v\u00edrus tem acumulado muta\u00e7\u00f5es ao longo do tempo e se modificado, a velocidade com que tem se espalhado, al\u00e9m de outras informa\u00e7\u00f5es relevantes para as tomadas de decis\u00e3o do poder p\u00fablico\u201d, explica. Esse trabalho de vigil\u00e2ncia gen\u00e9tica viral \u00e9 importante para o entendimento da quantidade de variantes circulando no Estado de Goi\u00e1s, bem como entender a forma com que a doen\u00e7a est\u00e1 se espalhando.<\/p>\n<p>Segundo a pesquisadora, as variantes consideradas emergentes trazem um conjunto de muta\u00e7\u00f5es que conferem uma vantagem adaptativa maior ao v\u00edrus, que consegue se disseminar melhor e mais r\u00e1pido. As muta\u00e7\u00f5es caracterizam as novas cepas como mais preocupantes por serem mais transmiss\u00edveis e com potencial patog\u00eanico maior.<\/p>\n<figure id=\"attachment_31203\" aria-describedby=\"caption-attachment-31203\" style=\"width: 300px\" class=\"wp-caption alignleft\"><a href=\"https:\/\/goias.gov.br\/fapeg\/wp-content\/uploads\/sites\/5\/2021\/03\/professora-mariana.jpg\"><img decoding=\"async\" class=\"size-medium wp-image-31203\" src=\"https:\/\/goias.gov.br\/fapeg\/wp-content\/uploads\/sites\/5\/2021\/03\/professora-mariana-300x225.jpg\" alt=\"Novas variantes do coronav\u00edrus\" width=\"300\" height=\"225\" srcset=\"https:\/\/goias.gov.br\/fapeg\/wp-content\/uploads\/sites\/5\/2021\/03\/professora-mariana-300x225.jpg 300w, https:\/\/goias.gov.br\/fapeg\/wp-content\/uploads\/sites\/5\/2021\/03\/professora-mariana-768x575.jpg 768w, https:\/\/goias.gov.br\/fapeg\/wp-content\/uploads\/sites\/5\/2021\/03\/professora-mariana-1024x766.jpg 1024w, https:\/\/goias.gov.br\/fapeg\/wp-content\/uploads\/sites\/5\/2021\/03\/professora-mariana.jpg 1280w\" sizes=\"(max-width: 300px) 100vw, 300px\" \/><\/a><figcaption id=\"caption-attachment-31203\" class=\"wp-caption-text\">Os trabalhos est\u00e3o sendo realizados no Laborat\u00f3rio de Gen\u00e9tica &amp; Biodiversidade da UFG<\/figcaption><\/figure>\n<p>\u201cA \u00fanica forma de evitar o surgimento de novas variantes \u00e9 controlar o cont\u00e1gio. Enquanto n\u00e3o temos vacinas dispon\u00edveis para todos, \u00e9 imprescind\u00edvel seguir as medidas restritivas: manter o isolamento\/distanciamento social, o uso de m\u00e1scaras e higieniza\u00e7\u00e3o das m\u00e3os,\u201d ressalta a pesquisadora. Quanto mais o v\u00edrus circula aumenta a probabilidade de surgirem novas variantes.<\/p>\n<p>Mudan\u00e7as nos genomas dos v\u00edrus s\u00e3o comuns e previs\u00edveis. Conforme ele se espalha e infecta novas pessoas, o v\u00edrus vai acumulando novas muta\u00e7\u00f5es, pois as cepas percorrem caminhos e ambientes diferentes. Press\u00f5es como o sistema imunol\u00f3gico e fatores ambientais contribuem para selecionar quais as muta\u00e7\u00f5es v\u00e3o permanecer, repassando informa\u00e7\u00f5es gen\u00e9ticas, durante as infec\u00e7\u00f5es. Estas mudan\u00e7as s\u00e3o chamadas de variantes, geradas durante o processo de replica\u00e7\u00e3o viral.<\/p>\n<figure id=\"attachment_31207\" aria-describedby=\"caption-attachment-31207\" style=\"width: 300px\" class=\"wp-caption alignright\"><a href=\"https:\/\/goias.gov.br\/fapeg\/wp-content\/uploads\/sites\/5\/2021\/03\/variantes.jpg\"><img decoding=\"async\" class=\"size-medium wp-image-31207\" src=\"https:\/\/goias.gov.br\/fapeg\/wp-content\/uploads\/sites\/5\/2021\/03\/variantes-300x107.jpg\" alt=\"imagem fiocruz\" width=\"300\" height=\"107\" srcset=\"https:\/\/goias.gov.br\/fapeg\/wp-content\/uploads\/sites\/5\/2021\/03\/variantes-300x107.jpg 300w, https:\/\/goias.gov.br\/fapeg\/wp-content\/uploads\/sites\/5\/2021\/03\/variantes.jpg 532w\" sizes=\"(max-width: 300px) 100vw, 300px\" \/><\/a><figcaption id=\"caption-attachment-31207\" class=\"wp-caption-text\">Arte: Fiocruz<\/figcaption><\/figure>\n<p>As primeiras amostras foram oferecidas pelos Laborat\u00f3rios Laces\/ICB\/UFG (An\u00e1lises Cl\u00ednicas e Ensino em Sa\u00fade do Instituto de Ci\u00eancias Biol\u00f3gicas da UFG) e DNAGyn\/Biovida. Atualmente o projeto conta com uma parceria com a Secretaria Estadual de Sa\u00fade, com o Laborat\u00f3rio Estadual de Sa\u00fade P\u00fablica Dr. Giovanni Cysneiros (Lacen GO) e com a Secretaria Municipal de Goi\u00e2nia Laborat\u00f3rio Sa\u00fade. Esses parceiros forneceram as pr\u00f3ximas amostras que ser\u00e3o sequenciadas.<\/p>\n<p>A pesquisa conta com fomento da Funda\u00e7\u00e3o de Amparo \u00e0 Pesquisa do Estado de Goi\u00e1s (Fapeg). O projeto \u00e9 um dos selecionados em um chamamento feito pelo Governo de Goi\u00e1s, por meio da Secretaria de Desenvolvimento e Inova\u00e7\u00e3o (Sedi) e Funda\u00e7\u00e3o de Amparo \u00e0 Pesquisa do Estado de Goi\u00e1s (Fapeg) com o objetivo de identificar projetos de pesquisa e inova\u00e7\u00e3o em todas as \u00e1reas do conhecimento produzidas no Estado que pudessem contribuir para reduzir os impactos da pandemia de Covid-19. Esta iniciativa buscou direcionar os esfor\u00e7os e os recursos para a viabiliza\u00e7\u00e3o de a\u00e7\u00f5es estrat\u00e9gicas. Al\u00e9m disso, conta com o apoio financeiro, de recursos humanos e log\u00edstico do INCT EECBio (Instituto Nacional de Ci\u00eancia e Tecnologia em Ecologia, Evolu\u00e7\u00e3o e Conserva\u00e7\u00e3o da Biodiversidade).<\/p>\n<p>A professora pesquisadora Dra. Mariana Pires de Campos Telles (bi\u00f3loga), coordenadora do projeto de pesquisa, \u00e9 mestre em gen\u00e9tica e melhoramento de plantas e doutora em ci\u00eancias ambientais. Ministra diversas disciplinas na gradua\u00e7\u00e3o e p\u00f3s-gradua\u00e7\u00e3o, entre elas, gen\u00e9tica molecular, biotecnologia e algumas disciplinas instrumentais e t\u00e9cnicas, como sequenciamento de DNA e RNA, na UFG e na PUC Goi\u00e1s.<\/p>\n<p>Comp\u00f5em a equipe principal do projeto: a Dra. Daniela de Melo e Silva \u2013 UFG; Dra. Elisangela Lacerda \u2013 UFG; Dra. Renata de Oliveira Dias \u2013 UFG; Dr. Rhewter Nunes \u2013 Instituto Nacional de Ci\u00eancia e Tecnologia em Ecologia, Evolu\u00e7\u00e3o e Conserva\u00e7\u00e3o da Biodiversidade (INCT EECBio\/UFG); Dra. Cintia Pelegrineti Targueta de Azevedo Brito \u2013 Programa Nacional de P\u00f3s-Doutorado (PNPD\/UNB); Dra. Ramilla dos Santos Braga \u2013 INCT EECBio\/UFG; Dra. Thais Guimar\u00e3es Castro \u2013 INCT EECBio\/UFG; Me. Thays Millena Alves Pedroso; e Me. Amanda Alves de Melo, ambas do Programa de P\u00f3s-Gradua\u00e7\u00e3o em Gen\u00e9tica e Biologia Molecular \u2013 PGBM\/UFG; Dra. Francyelli Mello Andrade &#8211; IFG &#8211; Instituto Federal de Goi\u00e1s. Campus Goi\u00e2nia.<\/p>\n<p><em>Fotos: Mariana Telles<\/em><\/p>\n","protected":false},"excerpt":{"rendered":"<p>Helenice Ferreira da Assessoria de Comunica\u00e7\u00e3o da Fapeg O sequenciamento do genoma viral foi feito por pesquisadores da PUC Goi\u00e1s, UFG e IFG e conta com fomento da Fapeg. As atividades ser\u00e3o intensificadas nos demais munic\u00edpios do Estado. Pesquisadores de Goi\u00e1s detectaram em Goi\u00e2nia, An\u00e1polis e Catal\u00e3o a presen\u00e7a das variantes do coronav\u00edrus (Sars-CoV-2) conhecidas [&hellip;]<\/p>\n","protected":false},"author":32,"featured_media":31204,"comment_status":"closed","ping_status":"closed","sticky":false,"template":"","format":"standard","meta":{"footnotes":""},"categories":[57,4,8],"tags":[],"class_list":["post-31202","post","type-post","status-publish","format-standard","has-post-thumbnail","hentry","category-especiais","category-noticias","category-fapeg"],"rttpg_featured_image_url":{"full":["https:\/\/goias.gov.br\/fapeg\/wp-content\/uploads\/sites\/5\/2021\/03\/foto-professora-mariana-e-equipe.jpg",1280,958,false],"landscape":["https:\/\/goias.gov.br\/fapeg\/wp-content\/uploads\/sites\/5\/2021\/03\/foto-professora-mariana-e-equipe.jpg",1280,958,false],"portraits":["https:\/\/goias.gov.br\/fapeg\/wp-content\/uploads\/sites\/5\/2021\/03\/foto-professora-mariana-e-equipe.jpg",1280,958,false],"thumbnail":["https:\/\/goias.gov.br\/fapeg\/wp-content\/uploads\/sites\/5\/2021\/03\/foto-professora-mariana-e-equipe-150x150.jpg",150,150,true],"medium":["https:\/\/goias.gov.br\/fapeg\/wp-content\/uploads\/sites\/5\/2021\/03\/foto-professora-mariana-e-equipe-300x225.jpg",300,225,true],"large":["https:\/\/goias.gov.br\/fapeg\/wp-content\/uploads\/sites\/5\/2021\/03\/foto-professora-mariana-e-equipe-1024x766.jpg",1024,766,true],"1536x1536":["https:\/\/goias.gov.br\/fapeg\/wp-content\/uploads\/sites\/5\/2021\/03\/foto-professora-mariana-e-equipe.jpg",1280,958,false],"2048x2048":["https:\/\/goias.gov.br\/fapeg\/wp-content\/uploads\/sites\/5\/2021\/03\/foto-professora-mariana-e-equipe.jpg",1280,958,false]},"rttpg_author":{"display_name":"sabrinamorais","author_link":"https:\/\/goias.gov.br\/fapeg\/author\/sabrinamorais\/"},"rttpg_comment":0,"rttpg_category":"<a href=\"https:\/\/goias.gov.br\/fapeg\/categoria\/noticias\/especiais\/\" rel=\"category tag\">Especiais<\/a> <a href=\"https:\/\/goias.gov.br\/fapeg\/categoria\/noticias\/\" rel=\"category tag\">Not\u00edcias<\/a> <a href=\"https:\/\/goias.gov.br\/fapeg\/categoria\/noticias\/fapeg\/\" rel=\"category tag\">Not\u00edcias FAPEG<\/a>","rttpg_excerpt":"Helenice Ferreira da Assessoria de Comunica\u00e7\u00e3o da Fapeg O sequenciamento do genoma viral foi feito por pesquisadores da PUC Goi\u00e1s, UFG e IFG e conta com fomento da Fapeg. As atividades ser\u00e3o intensificadas nos demais munic\u00edpios do Estado. Pesquisadores de Goi\u00e1s detectaram em Goi\u00e2nia, An\u00e1polis e Catal\u00e3o a presen\u00e7a das variantes do coronav\u00edrus (Sars-CoV-2) conhecidas&hellip;","_links":{"self":[{"href":"https:\/\/goias.gov.br\/fapeg\/wp-json\/wp\/v2\/posts\/31202","targetHints":{"allow":["GET"]}}],"collection":[{"href":"https:\/\/goias.gov.br\/fapeg\/wp-json\/wp\/v2\/posts"}],"about":[{"href":"https:\/\/goias.gov.br\/fapeg\/wp-json\/wp\/v2\/types\/post"}],"author":[{"embeddable":true,"href":"https:\/\/goias.gov.br\/fapeg\/wp-json\/wp\/v2\/users\/32"}],"replies":[{"embeddable":true,"href":"https:\/\/goias.gov.br\/fapeg\/wp-json\/wp\/v2\/comments?post=31202"}],"version-history":[{"count":5,"href":"https:\/\/goias.gov.br\/fapeg\/wp-json\/wp\/v2\/posts\/31202\/revisions"}],"predecessor-version":[{"id":32915,"href":"https:\/\/goias.gov.br\/fapeg\/wp-json\/wp\/v2\/posts\/31202\/revisions\/32915"}],"wp:featuredmedia":[{"embeddable":true,"href":"https:\/\/goias.gov.br\/fapeg\/wp-json\/wp\/v2\/media\/31204"}],"wp:attachment":[{"href":"https:\/\/goias.gov.br\/fapeg\/wp-json\/wp\/v2\/media?parent=31202"}],"wp:term":[{"taxonomy":"category","embeddable":true,"href":"https:\/\/goias.gov.br\/fapeg\/wp-json\/wp\/v2\/categories?post=31202"},{"taxonomy":"post_tag","embeddable":true,"href":"https:\/\/goias.gov.br\/fapeg\/wp-json\/wp\/v2\/tags?post=31202"}],"curies":[{"name":"wp","href":"https:\/\/api.w.org\/{rel}","templated":true}]}}