

{"id":26679,"date":"2019-08-09T11:59:20","date_gmt":"2019-08-09T14:59:20","guid":{"rendered":"http:\/\/www.fapeg.go.gov.br\/?p=26679"},"modified":"2019-08-09T12:38:36","modified_gmt":"2019-08-09T15:38:36","slug":"artigo-de-opiniao-governo-digital","status":"publish","type":"post","link":"https:\/\/goias.gov.br\/fapeg\/artigo-de-opiniao-governo-digital\/","title":{"rendered":"Artigo de Opini\u00e3o: Governo Digital"},"content":{"rendered":"<p><a href=\"https:\/\/goias.gov.br\/fapeg\/wp-content\/uploads\/sites\/5\/2019\/08\/1e131b29-a87e-417a-8585-7e3b7e76d548.jpg\"><img fetchpriority=\"high\" decoding=\"async\" class=\"alignleft size-medium wp-image-26680\" src=\"https:\/\/goias.gov.br\/fapeg\/wp-content\/uploads\/sites\/5\/2019\/08\/1e131b29-a87e-417a-8585-7e3b7e76d548-253x300.jpg\" alt=\"artigo de opini\u00e3o do procurador da Fapeg no jornal O Popular\" width=\"253\" height=\"300\" srcset=\"https:\/\/goias.gov.br\/fapeg\/wp-content\/uploads\/sites\/5\/2019\/08\/1e131b29-a87e-417a-8585-7e3b7e76d548-253x300.jpg 253w, https:\/\/goias.gov.br\/fapeg\/wp-content\/uploads\/sites\/5\/2019\/08\/1e131b29-a87e-417a-8585-7e3b7e76d548-768x911.jpg 768w, https:\/\/goias.gov.br\/fapeg\/wp-content\/uploads\/sites\/5\/2019\/08\/1e131b29-a87e-417a-8585-7e3b7e76d548-863x1024.jpg 863w, https:\/\/goias.gov.br\/fapeg\/wp-content\/uploads\/sites\/5\/2019\/08\/1e131b29-a87e-417a-8585-7e3b7e76d548.jpg 996w\" sizes=\"(max-width: 253px) 100vw, 253px\" \/><\/a>O chefe da Procuradoria Setorial da Funda\u00e7\u00e3o de Amparo \u00e0 Pesquisa do Estado de Goi\u00e1s (Fapeg), Alexandre Felix Gross, publicou um Artigo de Opini\u00e3o no jornal O Popular desta sexta-feira, dia 9 de agosto, intitulado Governo Digital. Abaixo o texto na \u00edntegra:<\/p>\n<p>&#8220;Governo Digital<\/p>\n<p>O desenvolvimento das tecnologias da informa\u00e7\u00e3o e comunica\u00e7\u00e3o (TICs) inaugurou novos modelos de rela\u00e7\u00e3o entre o Poder P\u00fablico e a sociedade. Estrat\u00e9gias de e-democracia e e-governo inserem os cidad\u00e3os nos processos decis\u00f3rios, tornando as experi\u00eancias pol\u00edticas e sociais mais inclusivas. Os alvos s\u00e3o: facilitar o acesso a informa\u00e7\u00f5es e servi\u00e7os p\u00fablicos e possibilitar que a forma\u00e7\u00e3o da vontade governamental ocorra em espa\u00e7os virtuais de constru\u00e7\u00e3o colaborativa.<\/p>\n<p>As primeiras experi\u00eancias de governo digital no Brasil ocorreram no final dos anos 1990. Hoje, 99% dos \u00f3rg\u00e3os federais e 91% dos \u00f3rg\u00e3os estaduais est\u00e3o presentes na internet.<\/p>\n<p>A presta\u00e7\u00e3o de servi\u00e7os p\u00fablicos e a participa\u00e7\u00e3o cidad\u00e3 em ambientes virtuais \u00e9 uma realidade que incrementou a atua\u00e7\u00e3o social na esfera p\u00fablica. A ado\u00e7\u00e3o de programas de governo digital transp\u00f4s para espa\u00e7os virtuais o exerc\u00edcio da cidadania.<\/p>\n<p>Contudo, embora os \u00edndices de acesso \u00e0 internet no Brasil tenham experimentado exponencial crescimento na \u00faltima d\u00e9cada, \u00e9 marcante a desigualdade de acesso determinada por fatores como grau de instru\u00e7\u00e3o, desigualdade de renda e local de resid\u00eancia. Mais de 90% dos domic\u00edlios das classes sociais A e B est\u00e3o conectados \u00e0 internet, enquanto nas classes D e E o \u00edndice \u00e9 de 23%. Nas \u00e1reas urbanas, 59% dos domic\u00edlios est\u00e3o conectados, enquanto nas \u00e1reas rurais essa propor\u00e7\u00e3o \u00e9 de 26%.<\/p>\n<p>Portanto, como os servi\u00e7os p\u00fablicos e os espa\u00e7os de delibera\u00e7\u00e3o e participa\u00e7\u00e3o democr\u00e1tica est\u00e3o, cada vez mais, se inserindo em ambientes virtuais, tem-se como consequ\u00eancia uma exclus\u00e3o seletiva da cidadania quando o acesso \u00e0 internet \u00e9 marcado pela desigualdade. Embora o governo digital seja uma ferramenta desenhada para a promo\u00e7\u00e3o da cidadania, acaba refor\u00e7ando as iniquidades preexistentes.<\/p>\n<p>Assim, s\u00e3o necess\u00e1rias pol\u00edticas p\u00fablicas que tenham por objetivo n\u00e3o apenas promover o acesso igualit\u00e1rio \u00e0s TICs, mas tamb\u00e9m implementar estrat\u00e9gias educacionais que sejam capazes de desenvolver as compet\u00eancias e habilidades necess\u00e1rias \u00e0 sua utiliza\u00e7\u00e3o. N\u00e3o basta promover o acesso \u00e0 internet, \u00e9 necess\u00e1rio que pol\u00edticas educacionais promovam a inclus\u00e3o, nos projetos pedag\u00f3gicos da educa\u00e7\u00e3o b\u00e1sica p\u00fablica, de estrat\u00e9gias educacionais destinadas a despertar a consci\u00eancia de que os espa\u00e7os virtuais ser\u00e3o espa\u00e7os de exerc\u00edcio da cidadania, e que a inser\u00e7\u00e3o e a atua\u00e7\u00e3o nesses ambientes dependem do dom\u00ednio das compet\u00eancias relacionadas ao uso das TICs.&#8221;<\/p>\n<p>&nbsp;<\/p>\n","protected":false},"excerpt":{"rendered":"<p>Artigo de Opini\u00e3o do chefe da Procuradoria Setorial da Funda\u00e7\u00e3o de Amparo \u00e0 Pesquisa do Estado de Goi\u00e1s (Fapeg), Alexandre Felix Gross, publicado no jornal O Popular do dia 9 de agosto.<\/p>\n","protected":false},"author":32,"featured_media":26680,"comment_status":"closed","ping_status":"closed","sticky":false,"template":"","format":"standard","meta":{"footnotes":""},"categories":[4,8],"tags":[],"class_list":["post-26679","post","type-post","status-publish","format-standard","has-post-thumbnail","hentry","category-noticias","category-fapeg"],"rttpg_featured_image_url":{"full":["https:\/\/goias.gov.br\/fapeg\/wp-content\/uploads\/sites\/5\/2019\/08\/1e131b29-a87e-417a-8585-7e3b7e76d548.jpg",996,1182,false],"landscape":["https:\/\/goias.gov.br\/fapeg\/wp-content\/uploads\/sites\/5\/2019\/08\/1e131b29-a87e-417a-8585-7e3b7e76d548.jpg",996,1182,false],"portraits":["https:\/\/goias.gov.br\/fapeg\/wp-content\/uploads\/sites\/5\/2019\/08\/1e131b29-a87e-417a-8585-7e3b7e76d548.jpg",996,1182,false],"thumbnail":["https:\/\/goias.gov.br\/fapeg\/wp-content\/uploads\/sites\/5\/2019\/08\/1e131b29-a87e-417a-8585-7e3b7e76d548-150x150.jpg",150,150,true],"medium":["https:\/\/goias.gov.br\/fapeg\/wp-content\/uploads\/sites\/5\/2019\/08\/1e131b29-a87e-417a-8585-7e3b7e76d548-253x300.jpg",253,300,true],"large":["https:\/\/goias.gov.br\/fapeg\/wp-content\/uploads\/sites\/5\/2019\/08\/1e131b29-a87e-417a-8585-7e3b7e76d548-863x1024.jpg",863,1024,true],"1536x1536":["https:\/\/goias.gov.br\/fapeg\/wp-content\/uploads\/sites\/5\/2019\/08\/1e131b29-a87e-417a-8585-7e3b7e76d548.jpg",996,1182,false],"2048x2048":["https:\/\/goias.gov.br\/fapeg\/wp-content\/uploads\/sites\/5\/2019\/08\/1e131b29-a87e-417a-8585-7e3b7e76d548.jpg",996,1182,false]},"rttpg_author":{"display_name":"sabrinamorais","author_link":"https:\/\/goias.gov.br\/fapeg\/author\/sabrinamorais\/"},"rttpg_comment":0,"rttpg_category":"<a href=\"https:\/\/goias.gov.br\/fapeg\/categoria\/noticias\/\" rel=\"category tag\">Not\u00edcias<\/a> <a href=\"https:\/\/goias.gov.br\/fapeg\/categoria\/noticias\/fapeg\/\" rel=\"category tag\">Not\u00edcias FAPEG<\/a>","rttpg_excerpt":"Artigo de Opini\u00e3o do chefe da Procuradoria Setorial da Funda\u00e7\u00e3o de Amparo \u00e0 Pesquisa do Estado de Goi\u00e1s (Fapeg), Alexandre Felix Gross, publicado no jornal O Popular do dia 9 de agosto.","_links":{"self":[{"href":"https:\/\/goias.gov.br\/fapeg\/wp-json\/wp\/v2\/posts\/26679","targetHints":{"allow":["GET"]}}],"collection":[{"href":"https:\/\/goias.gov.br\/fapeg\/wp-json\/wp\/v2\/posts"}],"about":[{"href":"https:\/\/goias.gov.br\/fapeg\/wp-json\/wp\/v2\/types\/post"}],"author":[{"embeddable":true,"href":"https:\/\/goias.gov.br\/fapeg\/wp-json\/wp\/v2\/users\/32"}],"replies":[{"embeddable":true,"href":"https:\/\/goias.gov.br\/fapeg\/wp-json\/wp\/v2\/comments?post=26679"}],"version-history":[{"count":4,"href":"https:\/\/goias.gov.br\/fapeg\/wp-json\/wp\/v2\/posts\/26679\/revisions"}],"predecessor-version":[{"id":26687,"href":"https:\/\/goias.gov.br\/fapeg\/wp-json\/wp\/v2\/posts\/26679\/revisions\/26687"}],"wp:featuredmedia":[{"embeddable":true,"href":"https:\/\/goias.gov.br\/fapeg\/wp-json\/wp\/v2\/media\/26680"}],"wp:attachment":[{"href":"https:\/\/goias.gov.br\/fapeg\/wp-json\/wp\/v2\/media?parent=26679"}],"wp:term":[{"taxonomy":"category","embeddable":true,"href":"https:\/\/goias.gov.br\/fapeg\/wp-json\/wp\/v2\/categories?post=26679"},{"taxonomy":"post_tag","embeddable":true,"href":"https:\/\/goias.gov.br\/fapeg\/wp-json\/wp\/v2\/tags?post=26679"}],"curies":[{"name":"wp","href":"https:\/\/api.w.org\/{rel}","templated":true}]}}