

{"id":26076,"date":"2019-05-21T10:28:58","date_gmt":"2019-05-21T13:28:58","guid":{"rendered":"http:\/\/www.fapeg.go.gov.br\/?p=26076"},"modified":"2019-05-21T10:28:58","modified_gmt":"2019-05-21T13:28:58","slug":"icts-tem-ate-31-de-maio-para-informar-sobre-politica-de-propriedade-intelectual","status":"publish","type":"post","link":"https:\/\/goias.gov.br\/fapeg\/icts-tem-ate-31-de-maio-para-informar-sobre-politica-de-propriedade-intelectual\/","title":{"rendered":"ICTs t\u00eam at\u00e9 31 de maio para informar sobre pol\u00edtica de propriedade intelectual"},"content":{"rendered":"<p>Institui\u00e7\u00f5es Cient\u00edficas, Tecnol\u00f3gicas e de Inova\u00e7\u00e3o do Brasil (ICTs) t\u00eam at\u00e9 31 de maio para preencher o formul\u00e1rio com informa\u00e7\u00f5es sobre as pol\u00edticas de propriedade intelectual adotadas no exerc\u00edcio de 2018. As ICTs p\u00fablicas e as ICTs privadas beneficiadas pelo poder p\u00fablico dever\u00e3o prestar as informa\u00e7\u00f5es, de acordo com as altera\u00e7\u00f5es introduzidas pela Lei n\u00ba 13.243\/2016 na Lei de Inova\u00e7\u00e3o. O formul\u00e1rio pode ser acessado na p\u00e1gina<a href=\"http:\/\/formict.mctic.gov.br\/\" target=\"_blank\" rel=\"noopener noreferrer\"> http:\/\/formict.mctic.gov.br<\/a><\/p>\n<p>O recibo de preenchimento do formul\u00e1rio pode ser adotado como requisito para participa\u00e7\u00e3o em chamadas p\u00fablicas e editais destinados ao apoio \u00e0 inova\u00e7\u00e3o tecnol\u00f3gica.<\/p>\n<p>S\u00e3o considerados ICTs \u00f3rg\u00e3os e entidades da administra\u00e7\u00e3o p\u00fablica ou pessoa jur\u00eddica de direito privado sem fins lucrativos que incluam em sua miss\u00e3o institucional ou em seu objetivo social ou estatut\u00e1rio a pesquisa b\u00e1sica ou aplicada de car\u00e1ter cient\u00edfico ou tecnol\u00f3gico ou o desenvolvimento de novos produtos, servi\u00e7os ou processos.<\/p>\n<p>As ICTs devem tamb\u00e9m estar legalmente constitu\u00eddas sob as leis brasileiras, com sede e foro no pa\u00eds.<\/p>\n<p>Embora n\u00e3o exista obrigatoriedade na lei para que as ICT privadas n\u00e3o beneficiadas pelo poder p\u00fablico apresentem informa\u00e7\u00f5es, o cadastro volunt\u00e1rio por essas institui\u00e7\u00f5es integrar\u00e1 a base de dados do Minist\u00e9rio da Ci\u00eancia, Tecnologia, Inova\u00e7\u00f5es e Comunica\u00e7\u00f5es (MCTIC) e far\u00e1 parte do relat\u00f3rio anual.<\/p>\n<p>D\u00favidas podem ser enviadas para o MCTIC pelo endere\u00e7o eletr\u00f4nico formict@mctic.gov.br ou pelos telefones (61) 2033-7809 e (61) 2033-8587.<\/p>\n<p>Fonte: MCTIC<\/p>\n","protected":false},"excerpt":{"rendered":"<p>Preenchimento de formul\u00e1rio \u00e9 obrigat\u00f3rio para Institui\u00e7\u00f5es Cient\u00edficas, Tecnol\u00f3gicas e de Inova\u00e7\u00e3o beneficiadas pelo poder p\u00fablico.<\/p>\n","protected":false},"author":23,"featured_media":26077,"comment_status":"closed","ping_status":"closed","sticky":false,"template":"","format":"standard","meta":{"footnotes":""},"categories":[4,9],"tags":[],"class_list":["post-26076","post","type-post","status-publish","format-standard","has-post-thumbnail","hentry","category-noticias","category-cti"],"rttpg_featured_image_url":{"full":["https:\/\/goias.gov.br\/fapeg\/wp-content\/uploads\/sites\/5\/2019\/05\/pol\u00edtica-de-propriedade-intelectual.jpg",628,300,false],"landscape":["https:\/\/goias.gov.br\/fapeg\/wp-content\/uploads\/sites\/5\/2019\/05\/pol\u00edtica-de-propriedade-intelectual.jpg",628,300,false],"portraits":["https:\/\/goias.gov.br\/fapeg\/wp-content\/uploads\/sites\/5\/2019\/05\/pol\u00edtica-de-propriedade-intelectual.jpg",628,300,false],"thumbnail":["https:\/\/goias.gov.br\/fapeg\/wp-content\/uploads\/sites\/5\/2019\/05\/pol\u00edtica-de-propriedade-intelectual-150x150.jpg",150,150,true],"medium":["https:\/\/goias.gov.br\/fapeg\/wp-content\/uploads\/sites\/5\/2019\/05\/pol\u00edtica-de-propriedade-intelectual-300x143.jpg",300,143,true],"large":["https:\/\/goias.gov.br\/fapeg\/wp-content\/uploads\/sites\/5\/2019\/05\/pol\u00edtica-de-propriedade-intelectual.jpg",628,300,false],"1536x1536":["https:\/\/goias.gov.br\/fapeg\/wp-content\/uploads\/sites\/5\/2019\/05\/pol\u00edtica-de-propriedade-intelectual.jpg",628,300,false],"2048x2048":["https:\/\/goias.gov.br\/fapeg\/wp-content\/uploads\/sites\/5\/2019\/05\/pol\u00edtica-de-propriedade-intelectual.jpg",628,300,false]},"rttpg_author":{"display_name":"claudiacury","author_link":"https:\/\/goias.gov.br\/fapeg\/author\/claudiacury\/"},"rttpg_comment":0,"rttpg_category":"<a href=\"https:\/\/goias.gov.br\/fapeg\/categoria\/noticias\/\" rel=\"category tag\">Not\u00edcias<\/a> <a href=\"https:\/\/goias.gov.br\/fapeg\/categoria\/cti\/\" rel=\"category tag\">Not\u00edcias CT&amp;I<\/a>","rttpg_excerpt":"Preenchimento de formul\u00e1rio \u00e9 obrigat\u00f3rio para Institui\u00e7\u00f5es Cient\u00edficas, Tecnol\u00f3gicas e de Inova\u00e7\u00e3o beneficiadas pelo poder p\u00fablico.","_links":{"self":[{"href":"https:\/\/goias.gov.br\/fapeg\/wp-json\/wp\/v2\/posts\/26076","targetHints":{"allow":["GET"]}}],"collection":[{"href":"https:\/\/goias.gov.br\/fapeg\/wp-json\/wp\/v2\/posts"}],"about":[{"href":"https:\/\/goias.gov.br\/fapeg\/wp-json\/wp\/v2\/types\/post"}],"author":[{"embeddable":true,"href":"https:\/\/goias.gov.br\/fapeg\/wp-json\/wp\/v2\/users\/23"}],"replies":[{"embeddable":true,"href":"https:\/\/goias.gov.br\/fapeg\/wp-json\/wp\/v2\/comments?post=26076"}],"version-history":[{"count":1,"href":"https:\/\/goias.gov.br\/fapeg\/wp-json\/wp\/v2\/posts\/26076\/revisions"}],"predecessor-version":[{"id":26078,"href":"https:\/\/goias.gov.br\/fapeg\/wp-json\/wp\/v2\/posts\/26076\/revisions\/26078"}],"wp:featuredmedia":[{"embeddable":true,"href":"https:\/\/goias.gov.br\/fapeg\/wp-json\/wp\/v2\/media\/26077"}],"wp:attachment":[{"href":"https:\/\/goias.gov.br\/fapeg\/wp-json\/wp\/v2\/media?parent=26076"}],"wp:term":[{"taxonomy":"category","embeddable":true,"href":"https:\/\/goias.gov.br\/fapeg\/wp-json\/wp\/v2\/categories?post=26076"},{"taxonomy":"post_tag","embeddable":true,"href":"https:\/\/goias.gov.br\/fapeg\/wp-json\/wp\/v2\/tags?post=26076"}],"curies":[{"name":"wp","href":"https:\/\/api.w.org\/{rel}","templated":true}]}}