

{"id":25495,"date":"2019-03-07T09:03:37","date_gmt":"2019-03-07T12:03:37","guid":{"rendered":"http:\/\/www.fapeg.go.gov.br\/?p=25495"},"modified":"2019-03-07T09:19:43","modified_gmt":"2019-03-07T12:19:43","slug":"programa-estimula-rede-de-pesquisa-internacional","status":"publish","type":"post","link":"https:\/\/goias.gov.br\/fapeg\/programa-estimula-rede-de-pesquisa-internacional\/","title":{"rendered":"Programa estimula rede de pesquisa internacional"},"content":{"rendered":"<p>Com o objetivo de selecionar projetos conjuntos de pesquisa no \u00e2mbito do Programa de Coopera\u00e7\u00e3o Cient\u00edfica Estrat\u00e9gica com o Sul Global\/<a href=\"http:\/\/www.capes.gov.br\/cooperacao-internacional\/multinacional\/pve\/programa-de-cooperacao-brasil-sul-sul-coopbrass\" target=\"_blank\" rel=\"noopener noreferrer\">COOPBRASS<\/a>, foi publicado no Di\u00e1rio Oficial da Uni\u00e3o (DOU), desta quarta-feira (6), o<a href=\"http:\/\/www.capes.gov.br\/images\/novo_portal\/editais\/editais\/06032019_Edital_5_Programa_Sul_Sul_Sul_Global_COOPBRASS.pdf\" target=\"_blank\" rel=\"noopener noreferrer\"> Edital<\/a> n\u00ba 5\/2018.<br \/>\nO COOPBRASS busca estimular o interc\u00e2mbio cient\u00edfico e a mobilidade acad\u00eamica entre institui\u00e7\u00f5es brasileiras de ensino superior (IES) ou cient\u00edficas, tecnol\u00f3gicas e de inova\u00e7\u00e3o (ICT) \u2013 sejam p\u00fablicas ou privadas sem fins lucrativos, e entidades similares sediadas em pa\u00edses em desenvolvimento.<\/p>\n<p>Est\u00e3o aptos para participar do Programa 65 pa\u00edses com os quais o Brasil mantem Acordo ou Memorando de Entendimento na \u00e1rea de Coopera\u00e7\u00e3o Educacional, Cultural ou de Ci\u00eancia e Tecnologia da \u00c1frica, \u00c1sia, Oceania, Am\u00e9rica Latina e Caribe.<br \/>\nA Capes disponibilizar\u00e1 um montante anual de mais de R$2,9 milh\u00f5es, para financiar as propostas, que tenham planejamento de atividades para at\u00e9 quatro anos. Cada pa\u00eds custear\u00e1 a sua equipe.<\/p>\n<p><strong>Cronograma<\/strong><\/p>\n<p>As propostas podem ser encaminhadas pelas institui\u00e7\u00f5es brasileiras, de 1\u00ba de abril a 31 de maio, exclusivamente, pela <a href=\"https:\/\/sso.capes.gov.br\/sso\/sso?SAMLRequest=nZPRbtowFIav2VNYvockULLVIlSMqhpSt2WQ7mJ3xjlQS46d%2BTi0fai%2BRJ9stgsbvShCy00k5%2Fj8%2F%2Fn%2Bk8nVY6PIDixKowuaDVJKQAtTS70t6F110%2F9Er6Yfer3eBHmjWjbr3L1ewu8O0BF%2FVyOLHwraWc0MR4lM8waQOcFWs6%2B3bDhIWWuNM8IoGjrNEME6rzc3GrsG7ArsTgq4W94W9N65FlmSSI3CSsHNQPAWcLA1u8Ha%2BuNa7mTdcZVw7yThQkDr%2BspspabkxlgB0WFBN1whRL3FdUHTi%2FV4k4%2BFEJxnaXqZ5%2FVaZHBRZyPOR%2FVHShZYckS5gzdXETtYaHRcu4IO0%2Byyn476aV5lORvmLB3%2FoqTcz%2FY5eAvUToFYvxYh%2B1JV5ctz%2BX1VRaGfhwR8ET3mHR3Y80nzA1w6RRnRjfrx5RkJribJcdt%2FQsOWffO9FtelUVI8HekNz46W%2BCfEq5R5mFvgzqN0toOYS8Pd6T7hRNYvz5tYy9oABB1oR8mqDN5%2B%2BNDlRoIt6CIMSUkS%2FB%2Fs73cS6pi%2FXy0Hj%2B5%2F5iBz07TcSgxxwCMXzgdC9k9UY8cSc%2BWRL2FzJHV2QgdkJ8sFE0HCH4cFfTC2DhsHwo9aWa6xNdYFDsm71vY6rxXvoZr%2B7fH2J5%2F%2BAQ%3D%3D&amp;RelayState=https:\/\/inscricao.capes.gov.br\/individual\" target=\"_blank\" rel=\"noopener noreferrer\">p\u00e1gina de inscri\u00e7\u00e3o<\/a>. Os resultados est\u00e3o previstos para o dia 31 de outubro e as atividades devem come\u00e7ar em janeiro de 2020.<\/p>\n<p><strong>Programa<\/strong><\/p>\n<p>Originalmente foi lan\u00e7ado pelo Edital n\u00ba 40\/2018, para selecionar Projetos Conjuntos de Pesquisa em todas as \u00e1reas do conhecimento. O Programa pretende formar uma rede de pesquisa, para aprimorar a qualidade da produ\u00e7\u00e3o acad\u00eamica vinculada \u00e0 p\u00f3s-gradua\u00e7\u00e3o, al\u00e9m de apoiar redes de colabora\u00e7\u00e3o j\u00e1 existentes.<\/p>\n<p><strong>Projetos<\/strong><\/p>\n<p>As propostas devem ter car\u00e1ter institucional e ser coordenadas por um docente doutor, al\u00e9m de envolver ao menos uma institui\u00e7\u00e3o em cada pa\u00eds. Projetos no Brasil devem conter uma institui\u00e7\u00e3o principal e at\u00e9 duas associadas brasileiras. Os projetos no exterior contar\u00e3o com uma institui\u00e7\u00e3o principal presente em um dos pa\u00edses aptos e at\u00e9 uma institui\u00e7\u00e3o associada estrangeira.<\/p>\n<p><a href=\"http:\/\/www.capes.gov.br\/sala-de-imprensa\/noticias\/9372-coopbrass\" target=\"_blank\" rel=\"noopener noreferrer\"><em>Fonte: CCS\/CAPES<\/em><\/a><\/p>\n","protected":false},"excerpt":{"rendered":"<p>Est\u00e3o aptos para participar do Programa 65 pa\u00edses com os quais o Brasil mantem Acordo ou Memorando de Entendimento na \u00e1rea de Coopera\u00e7\u00e3o Educacional, Cultural ou de Ci\u00eancia e Tecnologia da \u00c1frica, \u00c1sia, Oceania, Am\u00e9rica Latina e Caribe. A Capes disponibilizar\u00e1 um montante anual de mais de R$2,9 milh\u00f5es, para financiar as propostas, que tenham planejamento de atividades para at\u00e9 quatro anos. Cada pa\u00eds custear\u00e1 a sua equipe.<\/p>\n","protected":false},"author":23,"featured_media":15422,"comment_status":"closed","ping_status":"closed","sticky":false,"template":"","format":"standard","meta":{"footnotes":""},"categories":[4,9],"tags":[],"class_list":["post-25495","post","type-post","status-publish","format-standard","has-post-thumbnail","hentry","category-noticias","category-cti"],"rttpg_featured_image_url":{"full":["https:\/\/goias.gov.br\/fapeg\/wp-content\/uploads\/sites\/5\/2018\/10\/capes.jpg",615,320,false],"landscape":["https:\/\/goias.gov.br\/fapeg\/wp-content\/uploads\/sites\/5\/2018\/10\/capes.jpg",615,320,false],"portraits":["https:\/\/goias.gov.br\/fapeg\/wp-content\/uploads\/sites\/5\/2018\/10\/capes.jpg",615,320,false],"thumbnail":["https:\/\/goias.gov.br\/fapeg\/wp-content\/uploads\/sites\/5\/2018\/10\/capes-150x150.jpg",150,150,true],"medium":["https:\/\/goias.gov.br\/fapeg\/wp-content\/uploads\/sites\/5\/2018\/10\/capes-300x156.jpg",300,156,true],"large":["https:\/\/goias.gov.br\/fapeg\/wp-content\/uploads\/sites\/5\/2018\/10\/capes.jpg",615,320,false],"1536x1536":["https:\/\/goias.gov.br\/fapeg\/wp-content\/uploads\/sites\/5\/2018\/10\/capes.jpg",615,320,false],"2048x2048":["https:\/\/goias.gov.br\/fapeg\/wp-content\/uploads\/sites\/5\/2018\/10\/capes.jpg",615,320,false]},"rttpg_author":{"display_name":"claudiacury","author_link":"https:\/\/goias.gov.br\/fapeg\/author\/claudiacury\/"},"rttpg_comment":0,"rttpg_category":"<a href=\"https:\/\/goias.gov.br\/fapeg\/categoria\/noticias\/\" rel=\"category tag\">Not\u00edcias<\/a> <a href=\"https:\/\/goias.gov.br\/fapeg\/categoria\/cti\/\" rel=\"category tag\">Not\u00edcias CT&amp;I<\/a>","rttpg_excerpt":"Est\u00e3o aptos para participar do Programa 65 pa\u00edses com os quais o Brasil mantem Acordo ou Memorando de Entendimento na \u00e1rea de Coopera\u00e7\u00e3o Educacional, Cultural ou de Ci\u00eancia e Tecnologia da \u00c1frica, \u00c1sia, Oceania, Am\u00e9rica Latina e Caribe. A Capes disponibilizar\u00e1 um montante anual de mais de R$2,9 milh\u00f5es, para financiar as propostas, que tenham&hellip;","_links":{"self":[{"href":"https:\/\/goias.gov.br\/fapeg\/wp-json\/wp\/v2\/posts\/25495","targetHints":{"allow":["GET"]}}],"collection":[{"href":"https:\/\/goias.gov.br\/fapeg\/wp-json\/wp\/v2\/posts"}],"about":[{"href":"https:\/\/goias.gov.br\/fapeg\/wp-json\/wp\/v2\/types\/post"}],"author":[{"embeddable":true,"href":"https:\/\/goias.gov.br\/fapeg\/wp-json\/wp\/v2\/users\/23"}],"replies":[{"embeddable":true,"href":"https:\/\/goias.gov.br\/fapeg\/wp-json\/wp\/v2\/comments?post=25495"}],"version-history":[{"count":2,"href":"https:\/\/goias.gov.br\/fapeg\/wp-json\/wp\/v2\/posts\/25495\/revisions"}],"predecessor-version":[{"id":25498,"href":"https:\/\/goias.gov.br\/fapeg\/wp-json\/wp\/v2\/posts\/25495\/revisions\/25498"}],"wp:featuredmedia":[{"embeddable":true,"href":"https:\/\/goias.gov.br\/fapeg\/wp-json\/wp\/v2\/media\/15422"}],"wp:attachment":[{"href":"https:\/\/goias.gov.br\/fapeg\/wp-json\/wp\/v2\/media?parent=25495"}],"wp:term":[{"taxonomy":"category","embeddable":true,"href":"https:\/\/goias.gov.br\/fapeg\/wp-json\/wp\/v2\/categories?post=25495"},{"taxonomy":"post_tag","embeddable":true,"href":"https:\/\/goias.gov.br\/fapeg\/wp-json\/wp\/v2\/tags?post=25495"}],"curies":[{"name":"wp","href":"https:\/\/api.w.org\/{rel}","templated":true}]}}