

{"id":12246,"date":"2018-01-26T08:48:32","date_gmt":"2018-01-26T10:48:32","guid":{"rendered":"http:\/\/www.fapeg.go.gov.br\/?p=12246"},"modified":"2018-10-08T11:35:34","modified_gmt":"2018-10-08T14:35:34","slug":"brasil-e-promovido-ao-grupo-de-paises-da-elite-mundial-em-pesquisa-matematica","status":"publish","type":"post","link":"https:\/\/goias.gov.br\/fapeg\/brasil-e-promovido-ao-grupo-de-paises-da-elite-mundial-em-pesquisa-matematica\/","title":{"rendered":"Brasil \u00e9 promovido ao grupo de pa\u00edses da elite mundial em pesquisa matem\u00e1tica"},"content":{"rendered":"<figure id=\"attachment_12247\" aria-describedby=\"caption-attachment-12247\" style=\"width: 300px\" class=\"wp-caption alignleft\"><a href=\"https:\/\/goias.gov.br\/fapeg\/wp-content\/uploads\/sites\/5\/2018\/01\/2501__Coletiva_do_Impa_trata_da_entrada_do_Brasil_no_grupo_dos_principais_paises_na_pesquisa_matematica.jpg\"><img fetchpriority=\"high\" decoding=\"async\" class=\"wp-image-12247 size-medium\" src=\"https:\/\/goias.gov.br\/fapeg\/wp-content\/uploads\/sites\/5\/2018\/01\/2501__Coletiva_do_Impa_trata_da_entrada_do_Brasil_no_grupo_dos_principais_paises_na_pesquisa_matematica-300x200.jpg\" alt=\"Brasil \u00e9 promovido ao grupo de pa\u00edses da elite mundial em pesquisa matem\u00e1tica\" width=\"300\" height=\"200\" srcset=\"https:\/\/goias.gov.br\/fapeg\/wp-content\/uploads\/sites\/5\/2018\/01\/2501__Coletiva_do_Impa_trata_da_entrada_do_Brasil_no_grupo_dos_principais_paises_na_pesquisa_matematica-300x200.jpg 300w, https:\/\/goias.gov.br\/fapeg\/wp-content\/uploads\/sites\/5\/2018\/01\/2501__Coletiva_do_Impa_trata_da_entrada_do_Brasil_no_grupo_dos_principais_paises_na_pesquisa_matematica-768x512.jpg 768w, https:\/\/goias.gov.br\/fapeg\/wp-content\/uploads\/sites\/5\/2018\/01\/2501__Coletiva_do_Impa_trata_da_entrada_do_Brasil_no_grupo_dos_principais_paises_na_pesquisa_matematica-1024x683.jpg 1024w, https:\/\/goias.gov.br\/fapeg\/wp-content\/uploads\/sites\/5\/2018\/01\/2501__Coletiva_do_Impa_trata_da_entrada_do_Brasil_no_grupo_dos_principais_paises_na_pesquisa_matematica-272x182.jpg 272w, https:\/\/goias.gov.br\/fapeg\/wp-content\/uploads\/sites\/5\/2018\/01\/2501__Coletiva_do_Impa_trata_da_entrada_do_Brasil_no_grupo_dos_principais_paises_na_pesquisa_matematica.jpg 1200w\" sizes=\"(max-width: 300px) 100vw, 300px\" \/><\/a><figcaption id=\"caption-attachment-12247\" class=\"wp-caption-text\">An\u00fancio foi feito na sede do Impa, no Rio de Janeiro (RJ). Foto: Impa<\/figcaption><\/figure>\n<p>O Instituto de Matem\u00e1tica Pura e Aplicada (Impa) e a Sociedade Brasileira de Matem\u00e1tica (SBM) anunciaram nesta quinta-feira (25), no Rio de Janeiro (RJ), o ingresso do Brasil na elite da matem\u00e1tica mundial. A Uni\u00e3o Matem\u00e1tica Internacional (IMU, na sigla em ingl\u00eas) aprovou a entrada do pa\u00eds no Grupo 5, que re\u00fane as 11 na\u00e7\u00f5es mais desenvolvidas em pesquisa na \u00e1rea. O Impa \u00e9 uma organiza\u00e7\u00e3o social mantida por meio de contrato de gest\u00e3o com o minist\u00e9rio da Ci\u00eancia, Tecnologia, Inova\u00e7\u00f5es e Comunica\u00e7\u00f5es (MCTIC).<\/p>\n<p>No an\u00fancio, o ministro em exerc\u00edcio do MCTIC, Elton Zacarias, enalteceu o fato de o Brasil estar entre as 20 na\u00e7\u00f5es que mais geram ci\u00eancia no mundo, ao reconhecer o baixo investimento nacional na \u00e1rea, 1,3% do Produto Interno Bruto (PIB). O patamar, segundo ele, se deve ao pouco envolvimento da ind\u00fastria e da sociedade.<\/p>\n<p>\u201cO nosso pa\u00eds produz pesquisa b\u00e1sica de qualidade. O Impa \u00e9 uma institui\u00e7\u00e3o de excel\u00eancia reconhecida mundialmente\u201d, apontou.<\/p>\n<p>O diretor-geral do Impa, Marcelo Viana, espera que a honraria represente um passo para uma trajet\u00f3ria ainda mais ascendente. \u201cAo longo das d\u00e9cadas, a nossa capacidade de pesquisa e forma\u00e7\u00e3o de pesquisadores cresceu muito, se consolidou e se disseminou\u201d, destacou. \u201cO fato de a matem\u00e1tica brasileira estar agora ao lado dos pa\u00edses de maior express\u00e3o e relev\u00e2ncia global representa o reconhecimento da qualidade da pesquisa matem\u00e1tica feita no pa\u00eds.\u201d<\/p>\n<p>A mudan\u00e7a de classifica\u00e7\u00e3o dos pa\u00edses \u00e9 decidida pela IMU ap\u00f3s recomenda\u00e7\u00e3o de seu Comit\u00ea Executivo. S\u00e3o analisados dados como o n\u00famero e a qualidade de programas de p\u00f3s-gradua\u00e7\u00e3o e sua distribui\u00e7\u00e3o territorial, o total de publica\u00e7\u00f5es cient\u00edficas divulgadas em meios importantes e os nomes de destaque na \u00e1rea.<\/p>\n<p>O presidente da SBM, Paulo Piccione, ressaltou a qualidade dos pesquisadores brasileiros. \u201cS\u00e3o excepcionais\u201d, avaliou.<\/p>\n<p>J\u00e1 a secretaria-executiva do Minist\u00e9rio da Educa\u00e7\u00e3o (MEC), Maria Helena Guimar\u00e3es de Castro, definiu como um orgulho para o pa\u00eds o trabalho feito pelo Impa. \u201cPrecisamos formar bons professores de matem\u00e1tica e a pesquisa matem\u00e1tica pode ajudar muito a alcan\u00e7armos este objetivo\u201d, disse.<\/p>\n<p><strong>Ascens\u00e3o<\/strong><\/p>\n<p>A candidatura do Brasil ao Grupo 5 foi apresentada em 2017, pelo Impa e pela SBM, ao organismo que congrega as sociedades matem\u00e1ticas de pa\u00edses de todo o mundo. Atualmente, 76 na\u00e7\u00f5es s\u00e3o membros da IMU, criada em 1920 para promover a coopera\u00e7\u00e3o internacional em matem\u00e1tica.<\/p>\n<p>Os pa\u00edses s\u00e3o divididos em cinco categorias, por ordem de excel\u00eancia. Al\u00e9m do Brasil, mais dez pa\u00edses integram o topo da classifica\u00e7\u00e3o: Alemanha, Canad\u00e1, China, Estados Unidos, Fran\u00e7a, Israel, It\u00e1lia, Jap\u00e3o, Reino Unido e R\u00fassia.<\/p>\n<p>Desde 1954, dois anos ap\u00f3s a funda\u00e7\u00e3o do Impa \u2013 fundamental na consolida\u00e7\u00e3o do pa\u00eds no cen\u00e1rio internacional \u2013, o Brasil passou a integrar a IMU. A ascens\u00e3o ao Grupo 2 se deu em 1978; ao 3, em 1981; e ao 4, em 2005.<\/p>\n<p>A promo\u00e7\u00e3o ao Grupo 5 \u00e9 consequ\u00eancia da contribui\u00e7\u00e3o brasileira \u00e0 matem\u00e1tica mundial e reconhece a excel\u00eancia do trabalho da pesquisa nacional. Nos \u00faltimos anos, houve consider\u00e1vel crescimento da publica\u00e7\u00e3o cient\u00edfica do pa\u00eds na \u00e1rea, al\u00e9m de pr\u00eamios obtidos por nossos principais pesquisadores, como a medalha Fields, recebida por Artur Avila em 2014.<\/p>\n<p>Logo ap\u00f3s a promo\u00e7\u00e3o ao Grupo 4, em 2006, o Brasil representava 1,53% da produ\u00e7\u00e3o matem\u00e1tica mundial, com 1.043 papers. Uma d\u00e9cada depois, a produ\u00e7\u00e3o nacional saltou para 2,35%, ou seja, 2.076 papers.<\/p>\n<p>A entrada no Grupo 5 ocorre no ano em que o Brasil sediar\u00e1, de 1\u00ba a 9 de agosto, no Rio de Janeiro, o Congresso Internacional de Matem\u00e1ticos (ICM, na sigla em ingl\u00eas), pela primeira vez realizado no Hemisf\u00e9rio Sul.<\/p>\n<p>O ICM \u00e9 resultado do prest\u00edgio do Brasil no cen\u00e1rio matem\u00e1tico mundial, assim como a Olimp\u00edada Internacional de Matem\u00e1tica (IMO, na sigla em ingl\u00eas), promovida em julho de 2017. Os eventos integram o Bi\u00eanio da Matem\u00e1tica, de 2017 a 2018, uma s\u00e9rie de iniciativas nacionais e internacionais para estimular, popularizar e fomentar melhorias no ensino da matem\u00e1tica no pa\u00eds, destacando sua relev\u00e2ncia para o desenvolvimento pessoal e econ\u00f4mico.<\/p>\n<p>Fonte: <a href=\"http:\/\/www.mctic.gov.br\/mctic\/opencms\/salaImprensa\/noticias\/arquivos\/2018\/01\/Brasil_e_promovido_a_elite_mundial_em_pesquisa_matematica.html\" target=\"_blank\" rel=\"noopener\">MCTIC<\/a><\/p>\n","protected":false},"excerpt":{"rendered":"<p>O Instituto de Matem\u00e1tica Pura e Aplicada (Impa) e a Sociedade Brasileira de Matem\u00e1tica (SBM) anunciaram nesta quinta-feira (25), o ingresso do Brasil na elite da matem\u00e1tica mundial. A Uni\u00e3o Matem\u00e1tica Internacional aprovou a entrada do pa\u00eds no Grupo 5, que re\u00fane as 11 na\u00e7\u00f5es mais desenvolvidas em pesquisa na \u00e1rea.<\/p>\n","protected":false},"author":23,"featured_media":12247,"comment_status":"closed","ping_status":"closed","sticky":false,"template":"","format":"standard","meta":{"footnotes":""},"categories":[4,9],"tags":[],"class_list":["post-12246","post","type-post","status-publish","format-standard","has-post-thumbnail","hentry","category-noticias","category-cti"],"rttpg_featured_image_url":{"full":["https:\/\/goias.gov.br\/fapeg\/wp-content\/uploads\/sites\/5\/2018\/01\/2501__Coletiva_do_Impa_trata_da_entrada_do_Brasil_no_grupo_dos_principais_paises_na_pesquisa_matematica.jpg",1200,800,false],"landscape":["https:\/\/goias.gov.br\/fapeg\/wp-content\/uploads\/sites\/5\/2018\/01\/2501__Coletiva_do_Impa_trata_da_entrada_do_Brasil_no_grupo_dos_principais_paises_na_pesquisa_matematica.jpg",1200,800,false],"portraits":["https:\/\/goias.gov.br\/fapeg\/wp-content\/uploads\/sites\/5\/2018\/01\/2501__Coletiva_do_Impa_trata_da_entrada_do_Brasil_no_grupo_dos_principais_paises_na_pesquisa_matematica.jpg",1200,800,false],"thumbnail":["https:\/\/goias.gov.br\/fapeg\/wp-content\/uploads\/sites\/5\/2018\/01\/2501__Coletiva_do_Impa_trata_da_entrada_do_Brasil_no_grupo_dos_principais_paises_na_pesquisa_matematica-150x150.jpg",150,150,true],"medium":["https:\/\/goias.gov.br\/fapeg\/wp-content\/uploads\/sites\/5\/2018\/01\/2501__Coletiva_do_Impa_trata_da_entrada_do_Brasil_no_grupo_dos_principais_paises_na_pesquisa_matematica-300x200.jpg",300,200,true],"large":["https:\/\/goias.gov.br\/fapeg\/wp-content\/uploads\/sites\/5\/2018\/01\/2501__Coletiva_do_Impa_trata_da_entrada_do_Brasil_no_grupo_dos_principais_paises_na_pesquisa_matematica-1024x683.jpg",1024,683,true],"1536x1536":["https:\/\/goias.gov.br\/fapeg\/wp-content\/uploads\/sites\/5\/2018\/01\/2501__Coletiva_do_Impa_trata_da_entrada_do_Brasil_no_grupo_dos_principais_paises_na_pesquisa_matematica.jpg",1200,800,false],"2048x2048":["https:\/\/goias.gov.br\/fapeg\/wp-content\/uploads\/sites\/5\/2018\/01\/2501__Coletiva_do_Impa_trata_da_entrada_do_Brasil_no_grupo_dos_principais_paises_na_pesquisa_matematica.jpg",1200,800,false]},"rttpg_author":{"display_name":"claudiacury","author_link":"https:\/\/goias.gov.br\/fapeg\/author\/claudiacury\/"},"rttpg_comment":0,"rttpg_category":"<a href=\"https:\/\/goias.gov.br\/fapeg\/categoria\/noticias\/\" rel=\"category tag\">Not\u00edcias<\/a> <a href=\"https:\/\/goias.gov.br\/fapeg\/categoria\/cti\/\" rel=\"category tag\">Not\u00edcias CT&amp;I<\/a>","rttpg_excerpt":"O Instituto de Matem\u00e1tica Pura e Aplicada (Impa) e a Sociedade Brasileira de Matem\u00e1tica (SBM) anunciaram nesta quinta-feira (25), o ingresso do Brasil na elite da matem\u00e1tica mundial. A Uni\u00e3o Matem\u00e1tica Internacional aprovou a entrada do pa\u00eds no Grupo 5, que re\u00fane as 11 na\u00e7\u00f5es mais desenvolvidas em pesquisa na \u00e1rea.","_links":{"self":[{"href":"https:\/\/goias.gov.br\/fapeg\/wp-json\/wp\/v2\/posts\/12246","targetHints":{"allow":["GET"]}}],"collection":[{"href":"https:\/\/goias.gov.br\/fapeg\/wp-json\/wp\/v2\/posts"}],"about":[{"href":"https:\/\/goias.gov.br\/fapeg\/wp-json\/wp\/v2\/types\/post"}],"author":[{"embeddable":true,"href":"https:\/\/goias.gov.br\/fapeg\/wp-json\/wp\/v2\/users\/23"}],"replies":[{"embeddable":true,"href":"https:\/\/goias.gov.br\/fapeg\/wp-json\/wp\/v2\/comments?post=12246"}],"version-history":[{"count":3,"href":"https:\/\/goias.gov.br\/fapeg\/wp-json\/wp\/v2\/posts\/12246\/revisions"}],"predecessor-version":[{"id":12254,"href":"https:\/\/goias.gov.br\/fapeg\/wp-json\/wp\/v2\/posts\/12246\/revisions\/12254"}],"wp:featuredmedia":[{"embeddable":true,"href":"https:\/\/goias.gov.br\/fapeg\/wp-json\/wp\/v2\/media\/12247"}],"wp:attachment":[{"href":"https:\/\/goias.gov.br\/fapeg\/wp-json\/wp\/v2\/media?parent=12246"}],"wp:term":[{"taxonomy":"category","embeddable":true,"href":"https:\/\/goias.gov.br\/fapeg\/wp-json\/wp\/v2\/categories?post=12246"},{"taxonomy":"post_tag","embeddable":true,"href":"https:\/\/goias.gov.br\/fapeg\/wp-json\/wp\/v2\/tags?post=12246"}],"curies":[{"name":"wp","href":"https:\/\/api.w.org\/{rel}","templated":true}]}}