

{"id":11545,"date":"2014-07-01T11:11:48","date_gmt":"2014-07-01T14:11:48","guid":{"rendered":"http:\/\/www.fapeg.go.gov.br\/?p=11545"},"modified":"2018-10-08T11:42:08","modified_gmt":"2018-10-08T14:42:08","slug":"fapeg-e-apex-brasil-assinam-novo-convenio","status":"publish","type":"post","link":"https:\/\/goias.gov.br\/fapeg\/fapeg-e-apex-brasil-assinam-novo-convenio\/","title":{"rendered":"Fapeg e Apex-Brasil assinam novo conv\u00eanio"},"content":{"rendered":"<p>A presidente da Funda\u00e7\u00e3o de Amparo \u00e0 Pesquisa do Estado de Goi\u00e1s, Maria Za\u00edra Turchi, e o presidente da Ag\u00eancia Brasileira de Promo\u00e7\u00e3o de Exporta\u00e7\u00f5es e Investimentos (Apex-Brasil), Maur\u00edcio Borges, assinaram na tarde desta ter\u00e7a-feira, dia 1\u00ba, em Bras\u00edlia, novo conv\u00eanio de coopera\u00e7\u00e3o t\u00e9cnica e financeira do Projeto de Extens\u00e3o Industrial Exportadora, que prev\u00ea o atendimento de 100 empresas no per\u00edodo de 16 meses. O acordo foi assinado na semana passada entre a Fapeg e a Universidade Federal de Goi\u00e1s.<\/p>\n<p>\u201cO primeiro PEIEx de Goi\u00e1s foi t\u00e3o bem sucedido que, no fim do ano passado, a Apex nos procurou querendo investir mais R$ 425 mil nesta a\u00e7\u00e3o de moderniza\u00e7\u00e3o e capacita\u00e7\u00e3o empresarial para a exporta\u00e7\u00e3o por meio de inova\u00e7\u00f5es t\u00e9cnicas, gerenciais e tecnol\u00f3gicas\u201d, afirma Zaira Turchi. O projeto \u00e9 desenvolvido desde 2009 pela Fapeg, por\u00e9m, foi consolidado a partir de 2012 com a sistematiza\u00e7\u00e3o dos trabalhos iniciados antes de 2011 e a participa\u00e7\u00e3o da UFG e da SIC.<\/p>\n<p>Maria Zaira Turchi ressalta que \u201co acordo com a Face trouxe para o PEIEx de Goi\u00e1s professores da UFG que atuam na \u00e1rea de exporta\u00e7\u00e3o e t\u00eam conhecimento vasto sobre o assunto. Desta forma, desde a sele\u00e7\u00e3o dos extensionistas at\u00e9 a finaliza\u00e7\u00e3o dos trabalhos, o Projeto tem a participa\u00e7\u00e3o de pesquisadores altamente qualificados, o que garante ainda mais os resultados de excel\u00eancia\u201d.<\/p>\n<p>O PEIEx \u00e9 um projeto do Minist\u00e9rio do Desenvolvimento, Ind\u00fastria e Com\u00e9rcio Exterior com a Apex Brasil, que visa capacitar micro, pequenas e m\u00e9dias empresas para a exporta\u00e7\u00e3o. Ap\u00f3s a capacita\u00e7\u00e3o, essas empresas tornam-se aptas a participarem das a\u00e7\u00f5es de promo\u00e7\u00e3o do com\u00e9rcio externo da Apex Brasil. S\u00e3o focos do programa incrementar a competitividade das empresas, disseminar a cultura da exporta\u00e7\u00e3o, ampliar o acesso a produtos e servi\u00e7os de apoio dispon\u00edveis nas institui\u00e7\u00f5es de governo e setor privado, introduzir melhorias t\u00e9cnico-gerenciais e tecnol\u00f3gicas nas empresas, entre outros.<\/p>\n<p>Mais informa\u00e7\u00f5es: (62) 3201-8081<\/p>\n","protected":false},"excerpt":{"rendered":"<p>A presidente da Funda\u00e7\u00e3o de Amparo \u00e0 Pesquisa do Estado de Goi\u00e1s, Maria Za\u00edra Turchi, e o presidente da Ag\u00eancia Brasileira de Promo\u00e7\u00e3o de Exporta\u00e7\u00f5es e Investimentos (Apex-Brasil), Maur\u00edcio Borges, assinaram na tarde desta ter\u00e7a-feira, dia 1\u00ba, em Bras\u00edlia, novo conv\u00eanio de coopera\u00e7\u00e3o t\u00e9cnica e financeira do Projeto de Extens\u00e3o Industrial Exportadora, que prev\u00ea o [&hellip;]<\/p>\n","protected":false},"author":22,"featured_media":0,"comment_status":"closed","ping_status":"closed","sticky":false,"template":"","format":"standard","meta":{"footnotes":""},"categories":[4,8],"tags":[],"class_list":["post-11545","post","type-post","status-publish","format-standard","hentry","category-noticias","category-fapeg"],"rttpg_featured_image_url":null,"rttpg_author":{"display_name":"","author_link":"https:\/\/goias.gov.br\/fapeg\/author\/"},"rttpg_comment":0,"rttpg_category":"<a href=\"https:\/\/goias.gov.br\/fapeg\/categoria\/noticias\/\" rel=\"category tag\">Not\u00edcias<\/a> <a href=\"https:\/\/goias.gov.br\/fapeg\/categoria\/noticias\/fapeg\/\" rel=\"category tag\">Not\u00edcias FAPEG<\/a>","rttpg_excerpt":"A presidente da Funda\u00e7\u00e3o de Amparo \u00e0 Pesquisa do Estado de Goi\u00e1s, Maria Za\u00edra Turchi, e o presidente da Ag\u00eancia Brasileira de Promo\u00e7\u00e3o de Exporta\u00e7\u00f5es e Investimentos (Apex-Brasil), Maur\u00edcio Borges, assinaram na tarde desta ter\u00e7a-feira, dia 1\u00ba, em Bras\u00edlia, novo conv\u00eanio de coopera\u00e7\u00e3o t\u00e9cnica e financeira do Projeto de Extens\u00e3o Industrial Exportadora, que prev\u00ea o&hellip;","_links":{"self":[{"href":"https:\/\/goias.gov.br\/fapeg\/wp-json\/wp\/v2\/posts\/11545","targetHints":{"allow":["GET"]}}],"collection":[{"href":"https:\/\/goias.gov.br\/fapeg\/wp-json\/wp\/v2\/posts"}],"about":[{"href":"https:\/\/goias.gov.br\/fapeg\/wp-json\/wp\/v2\/types\/post"}],"author":[{"embeddable":true,"href":"https:\/\/goias.gov.br\/fapeg\/wp-json\/wp\/v2\/users\/22"}],"replies":[{"embeddable":true,"href":"https:\/\/goias.gov.br\/fapeg\/wp-json\/wp\/v2\/comments?post=11545"}],"version-history":[{"count":1,"href":"https:\/\/goias.gov.br\/fapeg\/wp-json\/wp\/v2\/posts\/11545\/revisions"}],"predecessor-version":[{"id":11546,"href":"https:\/\/goias.gov.br\/fapeg\/wp-json\/wp\/v2\/posts\/11545\/revisions\/11546"}],"wp:attachment":[{"href":"https:\/\/goias.gov.br\/fapeg\/wp-json\/wp\/v2\/media?parent=11545"}],"wp:term":[{"taxonomy":"category","embeddable":true,"href":"https:\/\/goias.gov.br\/fapeg\/wp-json\/wp\/v2\/categories?post=11545"},{"taxonomy":"post_tag","embeddable":true,"href":"https:\/\/goias.gov.br\/fapeg\/wp-json\/wp\/v2\/tags?post=11545"}],"curies":[{"name":"wp","href":"https:\/\/api.w.org\/{rel}","templated":true}]}}