

{"id":11517,"date":"2014-06-04T10:52:00","date_gmt":"2014-06-04T13:52:00","guid":{"rendered":"http:\/\/www.fapeg.go.gov.br\/?p=11517"},"modified":"2018-10-08T11:42:08","modified_gmt":"2018-10-08T14:42:08","slug":"fapeg-fomenta-evento-cientifico-em-urutai","status":"publish","type":"post","link":"https:\/\/goias.gov.br\/fapeg\/fapeg-fomenta-evento-cientifico-em-urutai\/","title":{"rendered":"Fapeg fomenta evento cient\u00edfico em Uruta\u00ed"},"content":{"rendered":"<p>Atendendo \u00e0 demanda crescente por realiza\u00e7\u00e3o de eventos cient\u00edficos nas institui\u00e7\u00f5es de ensino superior em cidades do interior de Goi\u00e1s, a Funda\u00e7\u00e3o de Amparo \u00e0 Pesquisa do Estado (Fapeg) fomentou nesta semana o 2\u00ba ciclo de Debates e Palestras em Qu\u00edmica (Cidequi) do Instituto Federal Goiano (IF Goiano) \u2013 Campus Uruta\u00ed. A abertura do evento, que est\u00e1 sendo realizado desde a \u00faltima segunda-feira, dia 2, e que se encerra nesta quarta, dia 4, teve como tema Aprendizagem Significativa e contou com a participa\u00e7\u00e3o do qu\u00edmico e doutor em Educa\u00e7\u00e3o Cient\u00edfica pela Universidade de Wisconsin dos Estados Unidos, Per Christian Braathen. A Fapeg fomenta o 2\u00ba Ciclo de Debates por meio da Chamada P\u00fablica n\u00ba 01\/2014 de apoio \u00e0 realiza\u00e7\u00e3o de eventos cient\u00edficos, tecnol\u00f3gicos e de inova\u00e7\u00e3o no Estado.<\/p>\n<p>Em sua segunda edi\u00e7\u00e3o, o evento teve como objetivo principal discutir os temas atuais relacionados \u00e0 Qu\u00edmica, ao ensino e \u00e0 forma\u00e7\u00e3o de professores da \u00e1rea. Participaram do Cidequi discentes de gradua\u00e7\u00e3o e p\u00f3s-gradua\u00e7\u00e3o em Qu\u00edmica e outras licenciaturas, profissionais, pesquisadores, professores da Educa\u00e7\u00e3o B\u00e1sica e do Ensino Superior, entre outros. Foram realizadas palestras, minicursos, oficinas, apresenta\u00e7\u00e3o de trabalhos e lan\u00e7amentos de livros da \u00e1rea de ensino e educa\u00e7\u00e3o. Participaram como palestrantes e conferencistas do evento pesquisadores e docentes da Universidade Federal de Uberl\u00e2ndia, da Universidade Federal de Goi\u00e1s, do Instituto Federal de Goi\u00e1s, do Instituto Federal Goiano, da Uni\u00e3o de Ensino Superior de Vi\u00e7osa \u2013 Univi\u00e7osa, e da Faculdade de Filosofia, Ci\u00eancias e Letras de Ribeir\u00e3o Preto \u2013 Universidade de S\u00e3o Paulo.<\/p>\n<p>Mais informa\u00e7\u00f5es: (62) 3201-8081<\/p>\n","protected":false},"excerpt":{"rendered":"<p>Atendendo \u00e0 demanda crescente por realiza\u00e7\u00e3o de eventos cient\u00edficos nas institui\u00e7\u00f5es de ensino superior em cidades do interior de Goi\u00e1s, a Funda\u00e7\u00e3o de Amparo \u00e0 Pesquisa do Estado (Fapeg) fomentou nesta semana o 2\u00ba ciclo de Debates e Palestras em Qu\u00edmica (Cidequi) do Instituto Federal Goiano (IF Goiano) \u2013 Campus Uruta\u00ed. A abertura do evento, [&hellip;]<\/p>\n","protected":false},"author":22,"featured_media":0,"comment_status":"closed","ping_status":"closed","sticky":false,"template":"","format":"standard","meta":{"footnotes":""},"categories":[4,8],"tags":[],"class_list":["post-11517","post","type-post","status-publish","format-standard","hentry","category-noticias","category-fapeg"],"rttpg_featured_image_url":null,"rttpg_author":{"display_name":"","author_link":"https:\/\/goias.gov.br\/fapeg\/author\/"},"rttpg_comment":0,"rttpg_category":"<a href=\"https:\/\/goias.gov.br\/fapeg\/categoria\/noticias\/\" rel=\"category tag\">Not\u00edcias<\/a> <a href=\"https:\/\/goias.gov.br\/fapeg\/categoria\/noticias\/fapeg\/\" rel=\"category tag\">Not\u00edcias FAPEG<\/a>","rttpg_excerpt":"Atendendo \u00e0 demanda crescente por realiza\u00e7\u00e3o de eventos cient\u00edficos nas institui\u00e7\u00f5es de ensino superior em cidades do interior de Goi\u00e1s, a Funda\u00e7\u00e3o de Amparo \u00e0 Pesquisa do Estado (Fapeg) fomentou nesta semana o 2\u00ba ciclo de Debates e Palestras em Qu\u00edmica (Cidequi) do Instituto Federal Goiano (IF Goiano) \u2013 Campus Uruta\u00ed. A abertura do evento,&hellip;","_links":{"self":[{"href":"https:\/\/goias.gov.br\/fapeg\/wp-json\/wp\/v2\/posts\/11517","targetHints":{"allow":["GET"]}}],"collection":[{"href":"https:\/\/goias.gov.br\/fapeg\/wp-json\/wp\/v2\/posts"}],"about":[{"href":"https:\/\/goias.gov.br\/fapeg\/wp-json\/wp\/v2\/types\/post"}],"author":[{"embeddable":true,"href":"https:\/\/goias.gov.br\/fapeg\/wp-json\/wp\/v2\/users\/22"}],"replies":[{"embeddable":true,"href":"https:\/\/goias.gov.br\/fapeg\/wp-json\/wp\/v2\/comments?post=11517"}],"version-history":[{"count":1,"href":"https:\/\/goias.gov.br\/fapeg\/wp-json\/wp\/v2\/posts\/11517\/revisions"}],"predecessor-version":[{"id":11519,"href":"https:\/\/goias.gov.br\/fapeg\/wp-json\/wp\/v2\/posts\/11517\/revisions\/11519"}],"wp:attachment":[{"href":"https:\/\/goias.gov.br\/fapeg\/wp-json\/wp\/v2\/media?parent=11517"}],"wp:term":[{"taxonomy":"category","embeddable":true,"href":"https:\/\/goias.gov.br\/fapeg\/wp-json\/wp\/v2\/categories?post=11517"},{"taxonomy":"post_tag","embeddable":true,"href":"https:\/\/goias.gov.br\/fapeg\/wp-json\/wp\/v2\/tags?post=11517"}],"curies":[{"name":"wp","href":"https:\/\/api.w.org\/{rel}","templated":true}]}}