

{"id":11420,"date":"2014-03-07T10:13:39","date_gmt":"2014-03-07T13:13:39","guid":{"rendered":"http:\/\/www.fapeg.go.gov.br\/?p=11420"},"modified":"2018-10-08T11:42:10","modified_gmt":"2018-10-08T14:42:10","slug":"fapeg-promove-semana-de-planejamento","status":"publish","type":"post","link":"https:\/\/goias.gov.br\/fapeg\/fapeg-promove-semana-de-planejamento\/","title":{"rendered":"Fapeg promove semana de planejamento"},"content":{"rendered":"<p>A Funda\u00e7\u00e3o de Amparo \u00e0 Pesquisa do Estado de Goi\u00e1s (Fapeg) realizar\u00e1 na pr\u00f3xima semana, de 11 a 14 de mar\u00e7o, reuni\u00f5es de planejamento de suas a\u00e7\u00f5es e atividades atuais e das programadas para o ano de 2014. Os encontros ser\u00e3o realizados no turno matutino, das 8 \u00e0s 12 horas, no Audit\u00f3rio do Minist\u00e9rio da Agricultura, na Pra\u00e7a C\u00edvica, em Goi\u00e2nia, e envolvem todos os servidores. O expediente no edif\u00edcio-sede da Fapeg nesses dias ser\u00e1 excepcionalmente restrito ao per\u00edodo vespertino, das 14 \u00e0s 18 horas.<\/p>\n<p>Programa\u00e7\u00e3o<br \/>\nA abertura ser\u00e1 feita pela presidente da Fapeg, Maria Zaira Turchi, na pr\u00f3xima ter\u00e7a-feira, dia 11, \u00e0s 8 horas. Para o mesmo dia est\u00e3o previstas exposi\u00e7\u00f5es de motivos que impactam nos processos de cada uma das ger\u00eancias da funda\u00e7\u00e3o: Secretaria Geral, de Programas e Projetos, de Avalia\u00e7\u00e3o de Fomento, Cient\u00edfica, de Inova\u00e7\u00e3o e Propriedade Intelectual, de Tecnologia e Redes de Pesquisa, de Finan\u00e7as, de Planejamento, Jur\u00eddica e de Comunica\u00e7\u00e3o.<\/p>\n<p>No segundo dia do evento, quarta-feira, dia 12, estar\u00e1 na pauta a aprecia\u00e7\u00e3o do Regimento da Fapeg sob o aspecto do desdobramento de atribui\u00e7\u00f5es gerenciais por setor. Para o dia seguinte, quinta-feira, dia 13, est\u00e3o programadas a aprecia\u00e7\u00e3o do desdobramento de atribui\u00e7\u00f5es gerenciais, a defini\u00e7\u00e3o dos principais processos da Fapeg e a cria\u00e7\u00e3o de comiss\u00e3o que realizar\u00e1 o mapeamento de processos.<\/p>\n<p>Na sexta-feira, dia 14, no fechamento das atividades do encontro, ser\u00e3o abordados os temas relacionados ao mapeamento e fluxograma\u00e7\u00e3o dos processos da funda\u00e7\u00e3o. Os diretores da Fapeg \u2013 Albenones Jos\u00e9 de Mesquita, diretor cient\u00edfico; Ana Christina Sanches, diretora t\u00e9cnica; Sandra Gabriel, diretora de gest\u00e3o, planejamento e finan\u00e7as, al\u00e9m de Jo\u00e3o Batista Ferreira, chefe de gabinete \u2013 participam de todo o evento.<\/p>\n<p>Mais informa\u00e7\u00f5es: (62) 3201-8081<\/p>\n","protected":false},"excerpt":{"rendered":"<p>A Funda\u00e7\u00e3o de Amparo \u00e0 Pesquisa do Estado de Goi\u00e1s (Fapeg) realizar\u00e1 na pr\u00f3xima semana, de 11 a 14 de mar\u00e7o, reuni\u00f5es de planejamento de suas a\u00e7\u00f5es e atividades atuais e das programadas para o ano de 2014. Os encontros ser\u00e3o realizados no turno matutino, das 8 \u00e0s 12 horas, no Audit\u00f3rio do Minist\u00e9rio da [&hellip;]<\/p>\n","protected":false},"author":22,"featured_media":0,"comment_status":"closed","ping_status":"closed","sticky":false,"template":"","format":"standard","meta":{"footnotes":""},"categories":[4,8],"tags":[],"class_list":["post-11420","post","type-post","status-publish","format-standard","hentry","category-noticias","category-fapeg"],"rttpg_featured_image_url":null,"rttpg_author":{"display_name":"","author_link":"https:\/\/goias.gov.br\/fapeg\/author\/"},"rttpg_comment":0,"rttpg_category":"<a href=\"https:\/\/goias.gov.br\/fapeg\/categoria\/noticias\/\" rel=\"category tag\">Not\u00edcias<\/a> <a href=\"https:\/\/goias.gov.br\/fapeg\/categoria\/noticias\/fapeg\/\" rel=\"category tag\">Not\u00edcias FAPEG<\/a>","rttpg_excerpt":"A Funda\u00e7\u00e3o de Amparo \u00e0 Pesquisa do Estado de Goi\u00e1s (Fapeg) realizar\u00e1 na pr\u00f3xima semana, de 11 a 14 de mar\u00e7o, reuni\u00f5es de planejamento de suas a\u00e7\u00f5es e atividades atuais e das programadas para o ano de 2014. Os encontros ser\u00e3o realizados no turno matutino, das 8 \u00e0s 12 horas, no Audit\u00f3rio do Minist\u00e9rio da&hellip;","_links":{"self":[{"href":"https:\/\/goias.gov.br\/fapeg\/wp-json\/wp\/v2\/posts\/11420","targetHints":{"allow":["GET"]}}],"collection":[{"href":"https:\/\/goias.gov.br\/fapeg\/wp-json\/wp\/v2\/posts"}],"about":[{"href":"https:\/\/goias.gov.br\/fapeg\/wp-json\/wp\/v2\/types\/post"}],"author":[{"embeddable":true,"href":"https:\/\/goias.gov.br\/fapeg\/wp-json\/wp\/v2\/users\/22"}],"replies":[{"embeddable":true,"href":"https:\/\/goias.gov.br\/fapeg\/wp-json\/wp\/v2\/comments?post=11420"}],"version-history":[{"count":1,"href":"https:\/\/goias.gov.br\/fapeg\/wp-json\/wp\/v2\/posts\/11420\/revisions"}],"predecessor-version":[{"id":11421,"href":"https:\/\/goias.gov.br\/fapeg\/wp-json\/wp\/v2\/posts\/11420\/revisions\/11421"}],"wp:attachment":[{"href":"https:\/\/goias.gov.br\/fapeg\/wp-json\/wp\/v2\/media?parent=11420"}],"wp:term":[{"taxonomy":"category","embeddable":true,"href":"https:\/\/goias.gov.br\/fapeg\/wp-json\/wp\/v2\/categories?post=11420"},{"taxonomy":"post_tag","embeddable":true,"href":"https:\/\/goias.gov.br\/fapeg\/wp-json\/wp\/v2\/tags?post=11420"}],"curies":[{"name":"wp","href":"https:\/\/api.w.org\/{rel}","templated":true}]}}