

{"id":11366,"date":"2013-11-11T09:19:11","date_gmt":"2013-11-11T11:19:11","guid":{"rendered":"http:\/\/www.fapeg.go.gov.br\/?p=11366"},"modified":"2018-10-08T11:42:13","modified_gmt":"2018-10-08T14:42:13","slug":"fapeg-altera-cronograma-de-edital","status":"publish","type":"post","link":"https:\/\/goias.gov.br\/fapeg\/fapeg-altera-cronograma-de-edital\/","title":{"rendered":"Fapeg altera cronograma de edital"},"content":{"rendered":"<p>A Funda\u00e7\u00e3o de Amparo \u00e0 Pesquisa do Estado de Goi\u00e1s (Fapeg) divulgou a retifica\u00e7\u00e3o da Chamada P\u00fablica n\u00ba 13\/2013, de apoio a projetos do Programa Redes Digitais da Cidadania, que altera o cronograma no que se refere \u00e0s datas para disponibiliza\u00e7\u00e3o do formul\u00e1rio e de limite para submiss\u00e3o das propostas no Sistema FapeGestor.<\/p>\n<p>De acordo com o novo cronograma, a disponibiliza\u00e7\u00e3o do formul\u00e1rio, que estava prevista para esta segunda-feira, dia 11, ser\u00e1 feita no dia 25 deste m\u00eas. A data limite para submiss\u00e3o eletr\u00f4nica das propostas passou de 4 de dezembro para 6 de janeiro de 2014. A Chamada P\u00fablica n\u00ba 13\/2013 \u00e9 destinada ao apoio a projetos de ensino, pesquisa e extens\u00e3o e de desenvolvimento institucional, cient\u00edfico e tecnol\u00f3gico de pesquisadores de institui\u00e7\u00f5es p\u00fablicas e privadas para uma melhor qualifica\u00e7\u00e3o do uso da internet e a amplia\u00e7\u00e3o das capacidades no uso das Tecnologias da Informa\u00e7\u00e3o e Comunica\u00e7\u00e3o (TICs).<\/p>\n<p>Nesse edital, que tem a parceria do Minist\u00e9rio das Comunica\u00e7\u00f5es, ser\u00e3o investidos R$ 3 milh\u00f5es, sendo R$ 2,7 milh\u00f5es do minist\u00e9rio para a concess\u00e3o de bolsas e R$ 300 mil da Fapeg para o fomento \u00e0 pesquisa. Os projetos receber\u00e3o uma bolsa de extens\u00e3o no pa\u00eds no valor de R$ 4 mil mensais para o coordenador do projeto; nove bolsas de extens\u00e3o no pa\u00eds no valor de R$ 1,1 mil mensais para alunos de p\u00f3s-gradua\u00e7\u00e3o; e 13 bolsas de inicia\u00e7\u00e3o ao extensionismo no valor de R$ 360 mensais para os alunos de n\u00edvel superior. Os recursos da Fapeg financiar\u00e3o, na propor\u00e7\u00e3o de 50%, itens de custeio e de material permanente para as pesquisas.<\/p>\n<p>Mais informa\u00e7\u00f5es: (62) 3201-8081<\/p>\n","protected":false},"excerpt":{"rendered":"<p>A Funda\u00e7\u00e3o de Amparo \u00e0 Pesquisa do Estado de Goi\u00e1s (Fapeg) divulgou a retifica\u00e7\u00e3o da Chamada P\u00fablica n\u00ba 13\/2013, de apoio a projetos do Programa Redes Digitais da Cidadania, que altera o cronograma no que se refere \u00e0s datas para disponibiliza\u00e7\u00e3o do formul\u00e1rio e de limite para submiss\u00e3o das propostas no Sistema FapeGestor. De acordo [&hellip;]<\/p>\n","protected":false},"author":23,"featured_media":0,"comment_status":"closed","ping_status":"closed","sticky":false,"template":"","format":"standard","meta":{"footnotes":""},"categories":[4,8],"tags":[],"class_list":["post-11366","post","type-post","status-publish","format-standard","hentry","category-noticias","category-fapeg"],"rttpg_featured_image_url":null,"rttpg_author":{"display_name":"claudiacury","author_link":"https:\/\/goias.gov.br\/fapeg\/author\/claudiacury\/"},"rttpg_comment":0,"rttpg_category":"<a href=\"https:\/\/goias.gov.br\/fapeg\/categoria\/noticias\/\" rel=\"category tag\">Not\u00edcias<\/a> <a href=\"https:\/\/goias.gov.br\/fapeg\/categoria\/noticias\/fapeg\/\" rel=\"category tag\">Not\u00edcias FAPEG<\/a>","rttpg_excerpt":"A Funda\u00e7\u00e3o de Amparo \u00e0 Pesquisa do Estado de Goi\u00e1s (Fapeg) divulgou a retifica\u00e7\u00e3o da Chamada P\u00fablica n\u00ba 13\/2013, de apoio a projetos do Programa Redes Digitais da Cidadania, que altera o cronograma no que se refere \u00e0s datas para disponibiliza\u00e7\u00e3o do formul\u00e1rio e de limite para submiss\u00e3o das propostas no Sistema FapeGestor. De acordo&hellip;","_links":{"self":[{"href":"https:\/\/goias.gov.br\/fapeg\/wp-json\/wp\/v2\/posts\/11366","targetHints":{"allow":["GET"]}}],"collection":[{"href":"https:\/\/goias.gov.br\/fapeg\/wp-json\/wp\/v2\/posts"}],"about":[{"href":"https:\/\/goias.gov.br\/fapeg\/wp-json\/wp\/v2\/types\/post"}],"author":[{"embeddable":true,"href":"https:\/\/goias.gov.br\/fapeg\/wp-json\/wp\/v2\/users\/23"}],"replies":[{"embeddable":true,"href":"https:\/\/goias.gov.br\/fapeg\/wp-json\/wp\/v2\/comments?post=11366"}],"version-history":[{"count":1,"href":"https:\/\/goias.gov.br\/fapeg\/wp-json\/wp\/v2\/posts\/11366\/revisions"}],"predecessor-version":[{"id":11367,"href":"https:\/\/goias.gov.br\/fapeg\/wp-json\/wp\/v2\/posts\/11366\/revisions\/11367"}],"wp:attachment":[{"href":"https:\/\/goias.gov.br\/fapeg\/wp-json\/wp\/v2\/media?parent=11366"}],"wp:term":[{"taxonomy":"category","embeddable":true,"href":"https:\/\/goias.gov.br\/fapeg\/wp-json\/wp\/v2\/categories?post=11366"},{"taxonomy":"post_tag","embeddable":true,"href":"https:\/\/goias.gov.br\/fapeg\/wp-json\/wp\/v2\/tags?post=11366"}],"curies":[{"name":"wp","href":"https:\/\/api.w.org\/{rel}","templated":true}]}}