

{"id":11360,"date":"2013-11-05T09:14:22","date_gmt":"2013-11-05T11:14:22","guid":{"rendered":"http:\/\/www.fapeg.go.gov.br\/?p=11360"},"modified":"2018-10-08T11:42:13","modified_gmt":"2018-10-08T14:42:13","slug":"sectec-e-fapeg-lancam-edital-na-ueg-de-anapolis","status":"publish","type":"post","link":"https:\/\/goias.gov.br\/fapeg\/sectec-e-fapeg-lancam-edital-na-ueg-de-anapolis\/","title":{"rendered":"Sectec e Fapeg lan\u00e7am edital na UEG de An\u00e1polis"},"content":{"rendered":"<p>A Secretaria de Ci\u00eancia e Tecnologia (Sectec) e a Funda\u00e7\u00e3o de Amparo \u00e0 Pesquisa no Estado de Goi\u00e1s (Fapeg) divulgam \u00e0s 15 horas desta ter\u00e7a-feira, dia 5, o edital de apoio a Projetos do Programa Redes Digitais de Cidadania no Audit\u00f3rio Sebasti\u00e3o Fran\u00e7a, da UEG de Ci\u00eancias Socioecon\u00f4micas e Humanas de An\u00e1polis.<\/p>\n<p>A chamada p\u00fablica n\u00ba 13\/2013 vai disponibilizar R$ 3 milh\u00f5es para projetos. Ser\u00e3o selecionados cerca de 20 projetos e cada um ter\u00e1 direito \u00e0 bolsa de R$ 4 mil para o coordenador, nove bolsas de R$ 1,1 mil para p\u00f3s-graduandos e 13 bolsas de R$ 360 para alunos de gradua\u00e7\u00e3o.<\/p>\n<p>O edital ser\u00e1 apresentado por representantes dos dois \u00f3rg\u00e3os de apoio e fomento \u00e0 pesquisa e \u00e9 voltado para pesquisadores que tenham projetos que visem contribuir para a qualifica\u00e7\u00e3o do uso da internet e para a amplia\u00e7\u00e3o do uso de tecnologias da informa\u00e7\u00e3o e da comunica\u00e7\u00e3o em seis linhas de pesquisa.<\/p>\n<p>Mais informa\u00e7\u00f5es: (62) 3328-1403<\/p>\n","protected":false},"excerpt":{"rendered":"<p>A Secretaria de Ci\u00eancia e Tecnologia (Sectec) e a Funda\u00e7\u00e3o de Amparo \u00e0 Pesquisa no Estado de Goi\u00e1s (Fapeg) divulgam \u00e0s 15 horas desta ter\u00e7a-feira, dia 5, o edital de apoio a Projetos do Programa Redes Digitais de Cidadania no Audit\u00f3rio Sebasti\u00e3o Fran\u00e7a, da UEG de Ci\u00eancias Socioecon\u00f4micas e Humanas de An\u00e1polis. A chamada p\u00fablica [&hellip;]<\/p>\n","protected":false},"author":23,"featured_media":0,"comment_status":"closed","ping_status":"closed","sticky":false,"template":"","format":"standard","meta":{"footnotes":""},"categories":[4,8],"tags":[],"class_list":["post-11360","post","type-post","status-publish","format-standard","hentry","category-noticias","category-fapeg"],"rttpg_featured_image_url":null,"rttpg_author":{"display_name":"claudiacury","author_link":"https:\/\/goias.gov.br\/fapeg\/author\/claudiacury\/"},"rttpg_comment":0,"rttpg_category":"<a href=\"https:\/\/goias.gov.br\/fapeg\/categoria\/noticias\/\" rel=\"category tag\">Not\u00edcias<\/a> <a href=\"https:\/\/goias.gov.br\/fapeg\/categoria\/noticias\/fapeg\/\" rel=\"category tag\">Not\u00edcias FAPEG<\/a>","rttpg_excerpt":"A Secretaria de Ci\u00eancia e Tecnologia (Sectec) e a Funda\u00e7\u00e3o de Amparo \u00e0 Pesquisa no Estado de Goi\u00e1s (Fapeg) divulgam \u00e0s 15 horas desta ter\u00e7a-feira, dia 5, o edital de apoio a Projetos do Programa Redes Digitais de Cidadania no Audit\u00f3rio Sebasti\u00e3o Fran\u00e7a, da UEG de Ci\u00eancias Socioecon\u00f4micas e Humanas de An\u00e1polis. A chamada p\u00fablica&hellip;","_links":{"self":[{"href":"https:\/\/goias.gov.br\/fapeg\/wp-json\/wp\/v2\/posts\/11360","targetHints":{"allow":["GET"]}}],"collection":[{"href":"https:\/\/goias.gov.br\/fapeg\/wp-json\/wp\/v2\/posts"}],"about":[{"href":"https:\/\/goias.gov.br\/fapeg\/wp-json\/wp\/v2\/types\/post"}],"author":[{"embeddable":true,"href":"https:\/\/goias.gov.br\/fapeg\/wp-json\/wp\/v2\/users\/23"}],"replies":[{"embeddable":true,"href":"https:\/\/goias.gov.br\/fapeg\/wp-json\/wp\/v2\/comments?post=11360"}],"version-history":[{"count":1,"href":"https:\/\/goias.gov.br\/fapeg\/wp-json\/wp\/v2\/posts\/11360\/revisions"}],"predecessor-version":[{"id":11361,"href":"https:\/\/goias.gov.br\/fapeg\/wp-json\/wp\/v2\/posts\/11360\/revisions\/11361"}],"wp:attachment":[{"href":"https:\/\/goias.gov.br\/fapeg\/wp-json\/wp\/v2\/media?parent=11360"}],"wp:term":[{"taxonomy":"category","embeddable":true,"href":"https:\/\/goias.gov.br\/fapeg\/wp-json\/wp\/v2\/categories?post=11360"},{"taxonomy":"post_tag","embeddable":true,"href":"https:\/\/goias.gov.br\/fapeg\/wp-json\/wp\/v2\/tags?post=11360"}],"curies":[{"name":"wp","href":"https:\/\/api.w.org\/{rel}","templated":true}]}}