

{"id":11211,"date":"2013-05-07T10:38:43","date_gmt":"2013-05-07T13:38:43","guid":{"rendered":"http:\/\/www.fapeg.go.gov.br\/?p=11211"},"modified":"2018-10-08T11:42:17","modified_gmt":"2018-10-08T14:42:17","slug":"fapeg-retifica-cronograma-de-chamada-publica","status":"publish","type":"post","link":"https:\/\/goias.gov.br\/fapeg\/fapeg-retifica-cronograma-de-chamada-publica\/","title":{"rendered":"Fapeg retifica cronograma de chamada p\u00fablica"},"content":{"rendered":"<p>A Funda\u00e7\u00e3o de Amparo \u00e0 Pesquisa do Estado de Goi\u00e1s (Fapeg) publicou a retifica\u00e7\u00e3o do cronograma da Chamada P\u00fablica n\u00ba 12\/2012, de Apoio a Projetos de Pesquisa para o Fortalecimento dos Programas de P\u00f3s-Gradua\u00e7\u00e3o Stricto Sensu. De acordo com o novo cronograma, o resultado preliminar dever\u00e1 ser publicado na p\u00e1gina da Fapeg no dia 3 de junho pr\u00f3ximo. O prazo foi estendido em fun\u00e7\u00e3o do grande n\u00famero de propostas submetidas, que foi de 453.<\/p>\n<p>Ap\u00f3s a publica\u00e7\u00e3o do resultado preliminar, os interessados ter\u00e3o at\u00e9 o dia 10 de junho para apresentarem recursos \u00e0 Funda\u00e7\u00e3o. O resultado final ser\u00e1, conforme o cronograma, publicado na p\u00e1gina da Funda\u00e7\u00e3o e no Di\u00e1rio Oficial do Estado no dia 17 do mesmo m\u00eas. O in\u00edcio da implementa\u00e7\u00e3o dos recursos est\u00e1 marcado para o dia 20, condicionado \u00e0 entrega da documenta\u00e7\u00e3o \u00e0 Fapeg, o que poder\u00e1 ser feito at\u00e9 o dia 8 de julho.<\/p>\n<p>Mais informa\u00e7\u00f5es: (62) 3201-8081<\/p>\n","protected":false},"excerpt":{"rendered":"<p>A Funda\u00e7\u00e3o de Amparo \u00e0 Pesquisa do Estado de Goi\u00e1s (Fapeg) publicou a retifica\u00e7\u00e3o do cronograma da Chamada P\u00fablica n\u00ba 12\/2012, de Apoio a Projetos de Pesquisa para o Fortalecimento dos Programas de P\u00f3s-Gradua\u00e7\u00e3o Stricto Sensu. De acordo com o novo cronograma, o resultado preliminar dever\u00e1 ser publicado na p\u00e1gina da Fapeg no dia 3 [&hellip;]<\/p>\n","protected":false},"author":23,"featured_media":0,"comment_status":"closed","ping_status":"closed","sticky":false,"template":"","format":"standard","meta":{"footnotes":""},"categories":[4,8],"tags":[],"class_list":["post-11211","post","type-post","status-publish","format-standard","hentry","category-noticias","category-fapeg"],"rttpg_featured_image_url":null,"rttpg_author":{"display_name":"claudiacury","author_link":"https:\/\/goias.gov.br\/fapeg\/author\/claudiacury\/"},"rttpg_comment":0,"rttpg_category":"<a href=\"https:\/\/goias.gov.br\/fapeg\/categoria\/noticias\/\" rel=\"category tag\">Not\u00edcias<\/a> <a href=\"https:\/\/goias.gov.br\/fapeg\/categoria\/noticias\/fapeg\/\" rel=\"category tag\">Not\u00edcias FAPEG<\/a>","rttpg_excerpt":"A Funda\u00e7\u00e3o de Amparo \u00e0 Pesquisa do Estado de Goi\u00e1s (Fapeg) publicou a retifica\u00e7\u00e3o do cronograma da Chamada P\u00fablica n\u00ba 12\/2012, de Apoio a Projetos de Pesquisa para o Fortalecimento dos Programas de P\u00f3s-Gradua\u00e7\u00e3o Stricto Sensu. De acordo com o novo cronograma, o resultado preliminar dever\u00e1 ser publicado na p\u00e1gina da Fapeg no dia 3&hellip;","_links":{"self":[{"href":"https:\/\/goias.gov.br\/fapeg\/wp-json\/wp\/v2\/posts\/11211","targetHints":{"allow":["GET"]}}],"collection":[{"href":"https:\/\/goias.gov.br\/fapeg\/wp-json\/wp\/v2\/posts"}],"about":[{"href":"https:\/\/goias.gov.br\/fapeg\/wp-json\/wp\/v2\/types\/post"}],"author":[{"embeddable":true,"href":"https:\/\/goias.gov.br\/fapeg\/wp-json\/wp\/v2\/users\/23"}],"replies":[{"embeddable":true,"href":"https:\/\/goias.gov.br\/fapeg\/wp-json\/wp\/v2\/comments?post=11211"}],"version-history":[{"count":1,"href":"https:\/\/goias.gov.br\/fapeg\/wp-json\/wp\/v2\/posts\/11211\/revisions"}],"predecessor-version":[{"id":11212,"href":"https:\/\/goias.gov.br\/fapeg\/wp-json\/wp\/v2\/posts\/11211\/revisions\/11212"}],"wp:attachment":[{"href":"https:\/\/goias.gov.br\/fapeg\/wp-json\/wp\/v2\/media?parent=11211"}],"wp:term":[{"taxonomy":"category","embeddable":true,"href":"https:\/\/goias.gov.br\/fapeg\/wp-json\/wp\/v2\/categories?post=11211"},{"taxonomy":"post_tag","embeddable":true,"href":"https:\/\/goias.gov.br\/fapeg\/wp-json\/wp\/v2\/tags?post=11211"}],"curies":[{"name":"wp","href":"https:\/\/api.w.org\/{rel}","templated":true}]}}