

{"id":11102,"date":"2017-11-23T09:38:56","date_gmt":"2017-11-23T11:38:56","guid":{"rendered":"http:\/\/www.fapeg.go.gov.br\/?p=11102"},"modified":"2018-10-08T11:37:17","modified_gmt":"2018-10-08T14:37:17","slug":"celina-turchi-e-homenageada-em-conferencia-na-ufg","status":"publish","type":"post","link":"https:\/\/goias.gov.br\/fapeg\/celina-turchi-e-homenageada-em-conferencia-na-ufg\/","title":{"rendered":"Celina Turchi \u00e9 homenageada em confer\u00eancia na UFG"},"content":{"rendered":"<figure id=\"attachment_11103\" aria-describedby=\"caption-attachment-11103\" style=\"width: 300px\" class=\"wp-caption alignleft\"><a href=\"https:\/\/goias.gov.br\/fapeg\/wp-content\/uploads\/sites\/5\/2017\/11\/DSC0185.jpg\"><img fetchpriority=\"high\" decoding=\"async\" class=\"wp-image-11103 size-medium\" src=\"https:\/\/goias.gov.br\/fapeg\/wp-content\/uploads\/sites\/5\/2017\/11\/DSC0185-300x200.jpg\" alt=\"Celina Turchi recebe homenagem\" width=\"300\" height=\"200\" srcset=\"https:\/\/goias.gov.br\/fapeg\/wp-content\/uploads\/sites\/5\/2017\/11\/DSC0185-300x200.jpg 300w, https:\/\/goias.gov.br\/fapeg\/wp-content\/uploads\/sites\/5\/2017\/11\/DSC0185-768x512.jpg 768w, https:\/\/goias.gov.br\/fapeg\/wp-content\/uploads\/sites\/5\/2017\/11\/DSC0185-272x182.jpg 272w, https:\/\/goias.gov.br\/fapeg\/wp-content\/uploads\/sites\/5\/2017\/11\/DSC0185.jpg 1000w\" sizes=\"(max-width: 300px) 100vw, 300px\" \/><\/a><figcaption id=\"caption-attachment-11103\" class=\"wp-caption-text\">Foto: Carlos Siqueira<\/figcaption><\/figure>\n<p>Eleita como uma das cem pessoas mais influentes do mundo pela revista Time, a cientista goiana Celina Maria Turchi Martelli foi homenageada durante confer\u00eancia realizada no Instituto de Patologia Tropical e Sa\u00fade P\u00fablica da UFG (IPTSP). Como reconhecimento \u00e0 sua importante trajet\u00f3ria de ensino e pesquisa na \u00e1rea de infectologia e epidemiologia, a institui\u00e7\u00e3o deu in\u00edcio ao processo de concess\u00e3o do t\u00edtulo de professora em\u00e9rita da Universidade. A cerim\u00f4nia teve a presen\u00e7a do vice-reitor, Manoel Rodrigues Chaves e aconteceu ap\u00f3s confer\u00eancia ministrada pela pesquisadora na tarde desta ter\u00e7a-feira (21\/11), no audit\u00f3rio do IPTSP.<\/p>\n<p>Durante o ato, Celina Turchi se emocionou com o agraciamento e honrou toda a sua trajet\u00f3ria na institui\u00e7\u00e3o. Filha do professor Eg\u00eddio Turchi, Celina \u00e9 graduada em Medicina pela UFG e possui mestrado em epidemiologia pela <em>London School of Hygiene &amp; Tropical Medicine<\/em>, al\u00e9m de doutorado pelo Departamento de Medicina Preventiva da USP. Professora titular aposentada do IPTSP, Turchi \u00e9, atualmente, pesquisadora no Centro de Pesquisa Aggeu Magalh\u00e3es \u2013 Fiocruz\/Pernambuco, onde coordena o Grupo de Pesquisa da Epidemia de Microcefalia (Merg), que desenvolve o primeiro estudo caso-controle que relaciona o v\u00edrus Zyka ao achado cl\u00ednico.<\/p>\n<figure id=\"attachment_11105\" aria-describedby=\"caption-attachment-11105\" style=\"width: 300px\" class=\"wp-caption alignleft\"><a href=\"https:\/\/goias.gov.br\/fapeg\/wp-content\/uploads\/sites\/5\/2017\/11\/DSC0210.jpg\"><img decoding=\"async\" class=\"size-medium wp-image-11105\" src=\"https:\/\/goias.gov.br\/fapeg\/wp-content\/uploads\/sites\/5\/2017\/11\/DSC0210-300x200.jpg\" alt=\"Homenagem \u00e0 Celina Turchi\" width=\"300\" height=\"200\" srcset=\"https:\/\/goias.gov.br\/fapeg\/wp-content\/uploads\/sites\/5\/2017\/11\/DSC0210-300x200.jpg 300w, https:\/\/goias.gov.br\/fapeg\/wp-content\/uploads\/sites\/5\/2017\/11\/DSC0210-768x512.jpg 768w, https:\/\/goias.gov.br\/fapeg\/wp-content\/uploads\/sites\/5\/2017\/11\/DSC0210-272x182.jpg 272w, https:\/\/goias.gov.br\/fapeg\/wp-content\/uploads\/sites\/5\/2017\/11\/DSC0210.jpg 1000w\" sizes=\"(max-width: 300px) 100vw, 300px\" \/><\/a><figcaption id=\"caption-attachment-11105\" class=\"wp-caption-text\">Foto: Carlos Siqueira<\/figcaption><\/figure>\n<p>Antecedendo a homenagem, a cientista proferiu palestra tendo como assunto o objeto alvo de sua pesquisa, o Zyka V\u00edrus. Celina iniciou a fala fazendo um retrospecto do v\u00edrus no Brasil, tra\u00e7ando o contexto epidemiol\u00f3gico de 2015, quando houve o surto da doen\u00e7a no pa\u00eds, levando \u00e0 declara\u00e7\u00e3o de Emerg\u00eancia em Sa\u00fade P\u00fablica de Import\u00e2ncia Nacional (ESPIN). Turchi, inclusive, mencionou o qu\u00e3o fundamental foi o reconhecimento do Zyka como situa\u00e7\u00e3o de emerg\u00eancia, tendo em vista que, desse modo, as a\u00e7\u00f5es relacionadas ao controle, tratamento e pesquisas foram tidas como priorit\u00e1rias. A doen\u00e7a que, at\u00e9 2007, tinha 14 casos registrados, teve crescimento assustador h\u00e1 dois anos, especialmente na regi\u00e3o Nordeste.<\/p>\n<p>Turchi, tamb\u00e9m, discorreu sobre as pesquisas que relacionaram o v\u00edrus \u00e0 ocorr\u00eancia dos casos de microcefalia e S\u00edndrome de Guillain-Barr\u00e9 (SGB), doen\u00e7a caracterizada pela inflama\u00e7\u00e3o aguda dos nervos perif\u00e9ricos. Detalhando os estudos promovidos pela Fiocruz, a pesquisadora esclareceu a correla\u00e7\u00e3o entre o Zyka e as anormalidades detectadas em rec\u00e9m-nascidos no estado de Pernambuco, analisando tomografias (nas quais eram sinalizadas calcifica\u00e7\u00f5es cerebrais) e espectros fenot\u00edpicos (cr\u00e2nio acentuado). A cientista chamou a aten\u00e7\u00e3o para o fato de que, ao longo do estudo caso-controle de autoria do Merg, concluiu-se que grande maioria dos casos de microcefalia identificados eram provenientes de regi\u00f5es pobres do estado.<\/p>\n<p><strong>Comemora\u00e7\u00f5es 50 anos IPTSP<\/strong><\/p>\n<figure id=\"attachment_11104\" aria-describedby=\"caption-attachment-11104\" style=\"width: 300px\" class=\"wp-caption alignleft\"><a href=\"https:\/\/goias.gov.br\/fapeg\/wp-content\/uploads\/sites\/5\/2017\/11\/DSC0343.jpg\"><img decoding=\"async\" class=\"size-medium wp-image-11104\" src=\"https:\/\/goias.gov.br\/fapeg\/wp-content\/uploads\/sites\/5\/2017\/11\/DSC0343-300x200.jpg\" alt=\"Celina Turchi recebe homenagem 2\" width=\"300\" height=\"200\" srcset=\"https:\/\/goias.gov.br\/fapeg\/wp-content\/uploads\/sites\/5\/2017\/11\/DSC0343-300x200.jpg 300w, https:\/\/goias.gov.br\/fapeg\/wp-content\/uploads\/sites\/5\/2017\/11\/DSC0343-768x512.jpg 768w, https:\/\/goias.gov.br\/fapeg\/wp-content\/uploads\/sites\/5\/2017\/11\/DSC0343-272x182.jpg 272w, https:\/\/goias.gov.br\/fapeg\/wp-content\/uploads\/sites\/5\/2017\/11\/DSC0343.jpg 1000w\" sizes=\"(max-width: 300px) 100vw, 300px\" \/><\/a><figcaption id=\"caption-attachment-11104\" class=\"wp-caption-text\">Foto: Carlos Siqueira<\/figcaption><\/figure>\n<p>A confer\u00eancia ministrada por Celina Turchi faz parte da programa\u00e7\u00e3o cient\u00edfica do XV Semin\u00e1rio de Patologia Tropical e Sa\u00fade P\u00fablica e da VIII Semana de Biotecnologia, atividades que comp\u00f5em as comemora\u00e7\u00f5es dos 50 anos do IPTSP. Entre os dias 20 e 24 de novembro, o Instituto recebe minicursos, mesas-redondas, palestras, discuss\u00f5es e apresenta\u00e7\u00f5es de p\u00f4steres tratando de doen\u00e7as infecciosas e epidemiologia. A programa\u00e7\u00e3o completa encontra-se dispon\u00edvel <a href=\"http:\/\/eventos.ufg.br\/SIEC\/portalproec\/sites\/gerar_site.php?ID_SITE=12661\" target=\"_blank\" rel=\"noopener\">aqui<\/a>.<\/p>\n<p>Fonte :<em><a href=\"https:\/\/www.ufg.br\/n\/102182-celina-turchi-e-homenageada-em-conferencia-na-ufg\" target=\"_blank\" rel=\"noopener\"> Ascom UFG<\/a> (Texto: Luciana Gomides)<\/em><\/p>\n","protected":false},"excerpt":{"rendered":"<p>Ap\u00f3s discorrer sobre a epidemia do Zyka V\u00edrus no Brasil, Turchi foi condecorada com o andamento do processo de professora em\u00e9rita da universidade.<\/p>\n","protected":false},"author":23,"featured_media":11106,"comment_status":"closed","ping_status":"closed","sticky":false,"template":"","format":"standard","meta":{"footnotes":""},"categories":[4,9],"tags":[],"class_list":["post-11102","post","type-post","status-publish","format-standard","has-post-thumbnail","hentry","category-noticias","category-cti"],"rttpg_featured_image_url":{"full":["https:\/\/goias.gov.br\/fapeg\/wp-content\/uploads\/sites\/5\/2017\/11\/turchi.png",400,182,false],"landscape":["https:\/\/goias.gov.br\/fapeg\/wp-content\/uploads\/sites\/5\/2017\/11\/turchi.png",400,182,false],"portraits":["https:\/\/goias.gov.br\/fapeg\/wp-content\/uploads\/sites\/5\/2017\/11\/turchi.png",400,182,false],"thumbnail":["https:\/\/goias.gov.br\/fapeg\/wp-content\/uploads\/sites\/5\/2017\/11\/turchi-150x150.png",150,150,true],"medium":["https:\/\/goias.gov.br\/fapeg\/wp-content\/uploads\/sites\/5\/2017\/11\/turchi-300x137.png",300,137,true],"large":["https:\/\/goias.gov.br\/fapeg\/wp-content\/uploads\/sites\/5\/2017\/11\/turchi.png",400,182,false],"1536x1536":["https:\/\/goias.gov.br\/fapeg\/wp-content\/uploads\/sites\/5\/2017\/11\/turchi.png",400,182,false],"2048x2048":["https:\/\/goias.gov.br\/fapeg\/wp-content\/uploads\/sites\/5\/2017\/11\/turchi.png",400,182,false]},"rttpg_author":{"display_name":"claudiacury","author_link":"https:\/\/goias.gov.br\/fapeg\/author\/claudiacury\/"},"rttpg_comment":0,"rttpg_category":"<a href=\"https:\/\/goias.gov.br\/fapeg\/categoria\/noticias\/\" rel=\"category tag\">Not\u00edcias<\/a> <a href=\"https:\/\/goias.gov.br\/fapeg\/categoria\/cti\/\" rel=\"category tag\">Not\u00edcias CT&amp;I<\/a>","rttpg_excerpt":"Ap\u00f3s discorrer sobre a epidemia do Zyka V\u00edrus no Brasil, Turchi foi condecorada com o andamento do processo de professora em\u00e9rita da universidade.","_links":{"self":[{"href":"https:\/\/goias.gov.br\/fapeg\/wp-json\/wp\/v2\/posts\/11102","targetHints":{"allow":["GET"]}}],"collection":[{"href":"https:\/\/goias.gov.br\/fapeg\/wp-json\/wp\/v2\/posts"}],"about":[{"href":"https:\/\/goias.gov.br\/fapeg\/wp-json\/wp\/v2\/types\/post"}],"author":[{"embeddable":true,"href":"https:\/\/goias.gov.br\/fapeg\/wp-json\/wp\/v2\/users\/23"}],"replies":[{"embeddable":true,"href":"https:\/\/goias.gov.br\/fapeg\/wp-json\/wp\/v2\/comments?post=11102"}],"version-history":[{"count":1,"href":"https:\/\/goias.gov.br\/fapeg\/wp-json\/wp\/v2\/posts\/11102\/revisions"}],"predecessor-version":[{"id":11107,"href":"https:\/\/goias.gov.br\/fapeg\/wp-json\/wp\/v2\/posts\/11102\/revisions\/11107"}],"wp:featuredmedia":[{"embeddable":true,"href":"https:\/\/goias.gov.br\/fapeg\/wp-json\/wp\/v2\/media\/11106"}],"wp:attachment":[{"href":"https:\/\/goias.gov.br\/fapeg\/wp-json\/wp\/v2\/media?parent=11102"}],"wp:term":[{"taxonomy":"category","embeddable":true,"href":"https:\/\/goias.gov.br\/fapeg\/wp-json\/wp\/v2\/categories?post=11102"},{"taxonomy":"post_tag","embeddable":true,"href":"https:\/\/goias.gov.br\/fapeg\/wp-json\/wp\/v2\/tags?post=11102"}],"curies":[{"name":"wp","href":"https:\/\/api.w.org\/{rel}","templated":true}]}}