

{"id":71081,"date":"2026-03-24T13:59:18","date_gmt":"2026-03-24T16:59:18","guid":{"rendered":"https:\/\/goias.gov.br\/esporte\/?p=71081"},"modified":"2026-03-24T13:59:18","modified_gmt":"2026-03-24T16:59:18","slug":"victor-luise-conquista-medalha-de-bronze-em-etapa-da-copa-do-mundo-de-paraciclismo","status":"publish","type":"post","link":"https:\/\/goias.gov.br\/esporte\/victor-luise-conquista-medalha-de-bronze-em-etapa-da-copa-do-mundo-de-paraciclismo\/","title":{"rendered":"Victor Luise conquista medalha de bronze em etapa da Copa do Mundo de Paraciclismo"},"content":{"rendered":"\n<p><em>Bolsista do Pr\u00f3-Goi\u00e1s Atleta na categoria Internacional, goiano se prepara para mais duas etapas da competi\u00e7\u00e3o, que ser\u00e3o disputadas na B\u00e9lgica e It\u00e1lia<\/em><\/p>\n\n\n\n<figure class=\"wp-block-image size-large\"><img fetchpriority=\"high\" decoding=\"async\" width=\"1024\" height=\"683\" src=\"https:\/\/goias.gov.br\/esporte\/wp-content\/uploads\/sites\/53\/2026\/03\/Victor-Luise-1024x683.jpg\" alt=\"\" class=\"wp-image-71107\" srcset=\"https:\/\/goias.gov.br\/esporte\/wp-content\/uploads\/sites\/53\/2026\/03\/Victor-Luise-1024x683.jpg 1024w, https:\/\/goias.gov.br\/esporte\/wp-content\/uploads\/sites\/53\/2026\/03\/Victor-Luise-300x200.jpg 300w, https:\/\/goias.gov.br\/esporte\/wp-content\/uploads\/sites\/53\/2026\/03\/Victor-Luise-768x512.jpg 768w, https:\/\/goias.gov.br\/esporte\/wp-content\/uploads\/sites\/53\/2026\/03\/Victor-Luise.jpg 1280w\" sizes=\"(max-width: 1024px) 100vw, 1024px\" \/><figcaption class=\"wp-element-caption\">Paraciclista goiano completou a prova no contrarrel\u00f3gio, com o tempo de 26min37s69<\/figcaption><\/figure>\n\n\n\n<p>O paraciclista Victor Luise Herling conquistou no \u00faltimo fim de semana a medalha de bronze na primeira etapa da Copa do Mundo de Paraciclismo de Estrada, disputada em Chiang Mai, na Tail\u00e2ndia. O goiano conseguiu o resultado de terceiro lugar na prova contrarrel\u00f3gio, com o tempo de 26min37s69.<\/p>\n\n\n\n<p>Victor tamb\u00e9m participou da prova de resist\u00eancia, alcan\u00e7ando o quarto lugar. Bolsista do Pr\u00f3-Goi\u00e1s Atleta, Victor est\u00e1 contemplado na rec\u00e9m-criada categoria Internacional, e conta com o apoio do programa de fomento do Governo de Goi\u00e1s para viabilizar a sua participa\u00e7\u00e3o em competi\u00e7\u00f5es pelo mundo afora.<\/p>\n\n\n\n<p>O paraciclista goiano se prepara agora para as duas pr\u00f3ximas etapas da Copa do Mundo, que ser\u00e3o realizadas em abril e maio, na B\u00e9lgica e na It\u00e1lia, onde vai pedalar para buscar mais medalhas para o Estado de Goi\u00e1s.<\/p>\n","protected":false},"excerpt":{"rendered":"<p>Bolsista do Pr\u00f3-Goi\u00e1s Atleta na categoria Internacional, goiano se prepara para mais duas etapas da competi\u00e7\u00e3o, que ser\u00e3o disputadas na B\u00e9lgica e It\u00e1lia O paraciclista Victor Luise Herling conquistou no \u00faltimo fim de semana a medalha de bronze na primeira etapa da Copa do Mundo de Paraciclismo de Estrada, disputada em Chiang Mai, na Tail\u00e2ndia. [&hellip;]<\/p>\n","protected":false},"author":423,"featured_media":71107,"comment_status":"closed","ping_status":"open","sticky":false,"template":"","format":"standard","meta":{"footnotes":""},"categories":[3],"tags":[],"class_list":["post-71081","post","type-post","status-publish","format-standard","has-post-thumbnail","hentry","category-noticias"],"rttpg_featured_image_url":{"full":["https:\/\/goias.gov.br\/esporte\/wp-content\/uploads\/sites\/53\/2026\/03\/Victor-Luise.jpg",1280,854,false],"landscape":["https:\/\/goias.gov.br\/esporte\/wp-content\/uploads\/sites\/53\/2026\/03\/Victor-Luise.jpg",1280,854,false],"portraits":["https:\/\/goias.gov.br\/esporte\/wp-content\/uploads\/sites\/53\/2026\/03\/Victor-Luise.jpg",1280,854,false],"thumbnail":["https:\/\/goias.gov.br\/esporte\/wp-content\/uploads\/sites\/53\/2026\/03\/Victor-Luise-150x150.jpg",150,150,true],"medium":["https:\/\/goias.gov.br\/esporte\/wp-content\/uploads\/sites\/53\/2026\/03\/Victor-Luise-300x200.jpg",300,200,true],"large":["https:\/\/goias.gov.br\/esporte\/wp-content\/uploads\/sites\/53\/2026\/03\/Victor-Luise-1024x683.jpg",1024,683,true],"1536x1536":["https:\/\/goias.gov.br\/esporte\/wp-content\/uploads\/sites\/53\/2026\/03\/Victor-Luise.jpg",1280,854,false],"2048x2048":["https:\/\/goias.gov.br\/esporte\/wp-content\/uploads\/sites\/53\/2026\/03\/Victor-Luise.jpg",1280,854,false]},"rttpg_author":{"display_name":"igorpereira","author_link":"https:\/\/goias.gov.br\/esporte\/author\/igorpereira\/"},"rttpg_comment":0,"rttpg_category":"<a href=\"https:\/\/goias.gov.br\/esporte\/categoria\/noticias\/\" rel=\"category tag\">Not\u00edcias<\/a>","rttpg_excerpt":"Bolsista do Pr\u00f3-Goi\u00e1s Atleta na categoria Internacional, goiano se prepara para mais duas etapas da competi\u00e7\u00e3o, que ser\u00e3o disputadas na B\u00e9lgica e It\u00e1lia O paraciclista Victor Luise Herling conquistou no \u00faltimo fim de semana a medalha de bronze na primeira etapa da Copa do Mundo de Paraciclismo de Estrada, disputada em Chiang Mai, na Tail\u00e2ndia.&hellip;","_links":{"self":[{"href":"https:\/\/goias.gov.br\/esporte\/wp-json\/wp\/v2\/posts\/71081","targetHints":{"allow":["GET"]}}],"collection":[{"href":"https:\/\/goias.gov.br\/esporte\/wp-json\/wp\/v2\/posts"}],"about":[{"href":"https:\/\/goias.gov.br\/esporte\/wp-json\/wp\/v2\/types\/post"}],"author":[{"embeddable":true,"href":"https:\/\/goias.gov.br\/esporte\/wp-json\/wp\/v2\/users\/423"}],"replies":[{"embeddable":true,"href":"https:\/\/goias.gov.br\/esporte\/wp-json\/wp\/v2\/comments?post=71081"}],"version-history":[{"count":1,"href":"https:\/\/goias.gov.br\/esporte\/wp-json\/wp\/v2\/posts\/71081\/revisions"}],"predecessor-version":[{"id":71120,"href":"https:\/\/goias.gov.br\/esporte\/wp-json\/wp\/v2\/posts\/71081\/revisions\/71120"}],"wp:featuredmedia":[{"embeddable":true,"href":"https:\/\/goias.gov.br\/esporte\/wp-json\/wp\/v2\/media\/71107"}],"wp:attachment":[{"href":"https:\/\/goias.gov.br\/esporte\/wp-json\/wp\/v2\/media?parent=71081"}],"wp:term":[{"taxonomy":"category","embeddable":true,"href":"https:\/\/goias.gov.br\/esporte\/wp-json\/wp\/v2\/categories?post=71081"},{"taxonomy":"post_tag","embeddable":true,"href":"https:\/\/goias.gov.br\/esporte\/wp-json\/wp\/v2\/tags?post=71081"}],"curies":[{"name":"wp","href":"https:\/\/api.w.org\/{rel}","templated":true}]}}