

{"id":317,"date":"2019-11-05T11:15:19","date_gmt":"2019-11-05T14:15:19","guid":{"rendered":"https:\/\/siteshom.goias.gov.br\/esporte\/equipe-da-seel-se-reune-com-secretario-nacional-do-esporte-para-implantacao-do-projeto-segundo-tempo\/"},"modified":"2019-11-05T11:15:19","modified_gmt":"2019-11-05T14:15:19","slug":"equipe-da-seel-se-reune-com-secretario-nacional-do-esporte-para-implantacao-do-projeto-segundo-tempo","status":"publish","type":"post","link":"https:\/\/goias.gov.br\/esporte\/equipe-da-seel-se-reune-com-secretario-nacional-do-esporte-para-implantacao-do-projeto-segundo-tempo\/","title":{"rendered":"Equipe da Seel se re\u00fane com Secret\u00e1rio Nacional do Esporte para implanta\u00e7\u00e3o do projeto Segundo Tempo"},"content":{"rendered":"<p>Uma comitiva da Secretaria de Estado de Esporte e Lazer (Seel)&nbsp;esteve no Minist&eacute;rio da Cidadania, em Bras&iacute;lia, na &uacute;ltima segunda-feira (4), para angariar recursos e parcerias para o esporte goiano. A equipe da Seel se reuniu com o Secret&aacute;rio Nacional de Esporte, Lazer e Inclus&atilde;o Social, Washington Stecanela, ex-jogador de futebol, com passagens por Ponte Preta, Athletico-PR, Fluminense, S&atilde;o Paulo, entre outros, al&eacute;m de convoca&ccedil;&otilde;es para a sele&ccedil;&atilde;o brasileira.<\/p>\n<p>Na ocasi&atilde;o, foi apresentado o projeto de implanta&ccedil;&atilde;o de 32 n&uacute;cleos em Goi&aacute;s para o programa Segundo Tempo, do Governo Federal, que oferece turmas&nbsp;de inicia&ccedil;&atilde;o esportiva em escolas e espa&ccedil;os p&uacute;blicos, sempre no contraturno escolar, e que poder&aacute; atender cerca de quatro mil crian&ccedil;as e adolescentes da rede p&uacute;blica de ensino de todo o Estado.<\/p>\n<p>De acordo com o projeto apresentado, a atua&ccedil;&atilde;o maior dos n&uacute;cleos vai se concentrar nas regi&otilde;es Nordeste e Noroeste de Goi&aacute;s, al&eacute;m do Entorno do Distrito Federal, por serem regi&otilde;es com maior vulnerabilidade social. &ldquo;Desde que a Secretaria de Esportes foi recriada pelo governador Ronaldo Caiado, o discurso do secret&aacute;rio Rafael Rahif &eacute; de descentralizar os servi&ccedil;os da Regi&atilde;o Metropolitana de Goi&acirc;nia para todas as regi&otilde;es do estado. Nosso projeto foi muito bem aceito no Minist&eacute;rio da Cidadania e estamos ansiosos para podermos atender essa demanda, que h&aacute; muito tempo se faz necess&aacute;ria&rdquo;, destacou Jonas Godinho, Superintendente de Paradesporto e Fomento Esportivo.<\/p>\n<p>A equipe da Seel tamb&eacute;m se reuniu com Maria Yvel&ocirc;nia Barbosa, diretora de Prote&ccedil;&atilde;o Social da Secretaria Nacional de Assist&ecirc;ncia Social, que vai acompanhar de perto a estrutura&ccedil;&atilde;o dos n&uacute;cleos. A comitiva da Seel contou ainda com Adriano Sullivan, Gerente de Incentivo &agrave;s Pr&aacute;ticas Saud&aacute;veis e Bernardo Alc&acirc;ntara, Gerente de Apoio a Capta&ccedil;&atilde;o de Recursos.<\/p>\n","protected":false},"excerpt":{"rendered":"<p>Uma comitiva da Secretaria de Estado de Esporte e Lazer (Seel)&nbsp;esteve no Minist&eacute;rio da Cidadania, em Bras&iacute;lia, na &uacute;ltima segunda-feira (4), para angariar recursos e parcerias para o esporte goiano. A equipe da Seel se reuniu com o Secret&aacute;rio Nacional de Esporte, Lazer e Inclus&atilde;o Social, Washington Stecanela, ex-jogador de futebol, com passagens por Ponte [&hellip;]<\/p>\n","protected":false},"author":1369,"featured_media":316,"comment_status":"closed","ping_status":"open","sticky":false,"template":"","format":"standard","meta":{"footnotes":""},"categories":[3],"tags":[],"class_list":["post-317","post","type-post","status-publish","format-standard","has-post-thumbnail","hentry","category-noticias"],"rttpg_featured_image_url":{"full":["https:\/\/goias.gov.br\/esporte\/wp-content\/uploads\/sites\/53\/2019\/11\/Washington-63a.jpg",1024,768,false],"landscape":["https:\/\/goias.gov.br\/esporte\/wp-content\/uploads\/sites\/53\/2019\/11\/Washington-63a.jpg",1024,768,false],"portraits":["https:\/\/goias.gov.br\/esporte\/wp-content\/uploads\/sites\/53\/2019\/11\/Washington-63a.jpg",1024,768,false],"thumbnail":["https:\/\/goias.gov.br\/esporte\/wp-content\/uploads\/sites\/53\/2019\/11\/Washington-63a-150x150.jpg",150,150,true],"medium":["https:\/\/goias.gov.br\/esporte\/wp-content\/uploads\/sites\/53\/2019\/11\/Washington-63a-300x225.jpg",300,225,true],"large":["https:\/\/goias.gov.br\/esporte\/wp-content\/uploads\/sites\/53\/2019\/11\/Washington-63a.jpg",1024,768,false],"1536x1536":["https:\/\/goias.gov.br\/esporte\/wp-content\/uploads\/sites\/53\/2019\/11\/Washington-63a.jpg",1024,768,false],"2048x2048":["https:\/\/goias.gov.br\/esporte\/wp-content\/uploads\/sites\/53\/2019\/11\/Washington-63a.jpg",1024,768,false]},"rttpg_author":{"display_name":"","author_link":"https:\/\/goias.gov.br\/esporte\/author\/"},"rttpg_comment":0,"rttpg_category":"<a href=\"https:\/\/goias.gov.br\/esporte\/categoria\/noticias\/\" rel=\"category tag\">Not\u00edcias<\/a>","rttpg_excerpt":"Uma comitiva da Secretaria de Estado de Esporte e Lazer (Seel)&nbsp;esteve no Minist&eacute;rio da Cidadania, em Bras&iacute;lia, na &uacute;ltima segunda-feira (4), para angariar recursos e parcerias para o esporte goiano. A equipe da Seel se reuniu com o Secret&aacute;rio Nacional de Esporte, Lazer e Inclus&atilde;o Social, Washington Stecanela, ex-jogador de futebol, com passagens por Ponte&hellip;","_links":{"self":[{"href":"https:\/\/goias.gov.br\/esporte\/wp-json\/wp\/v2\/posts\/317","targetHints":{"allow":["GET"]}}],"collection":[{"href":"https:\/\/goias.gov.br\/esporte\/wp-json\/wp\/v2\/posts"}],"about":[{"href":"https:\/\/goias.gov.br\/esporte\/wp-json\/wp\/v2\/types\/post"}],"author":[{"embeddable":true,"href":"https:\/\/goias.gov.br\/esporte\/wp-json\/wp\/v2\/users\/1369"}],"replies":[{"embeddable":true,"href":"https:\/\/goias.gov.br\/esporte\/wp-json\/wp\/v2\/comments?post=317"}],"version-history":[{"count":0,"href":"https:\/\/goias.gov.br\/esporte\/wp-json\/wp\/v2\/posts\/317\/revisions"}],"wp:featuredmedia":[{"embeddable":true,"href":"https:\/\/goias.gov.br\/esporte\/wp-json\/wp\/v2\/media\/316"}],"wp:attachment":[{"href":"https:\/\/goias.gov.br\/esporte\/wp-json\/wp\/v2\/media?parent=317"}],"wp:term":[{"taxonomy":"category","embeddable":true,"href":"https:\/\/goias.gov.br\/esporte\/wp-json\/wp\/v2\/categories?post=317"},{"taxonomy":"post_tag","embeddable":true,"href":"https:\/\/goias.gov.br\/esporte\/wp-json\/wp\/v2\/tags?post=317"}],"curies":[{"name":"wp","href":"https:\/\/api.w.org\/{rel}","templated":true}]}}