
{"id":9392,"date":"2017-03-31T13:03:11","date_gmt":"2017-03-31T16:03:11","guid":{"rendered":"https:\/\/siteshom.goias.gov.br\/saude\/chamada-publica-no-013-2017-sest-sus-ses-go-curso-basico-de-vigilancia-sanitaria-ambiental-e-saude-do-trabalhador\/"},"modified":"2024-09-02T10:36:17","modified_gmt":"2024-09-02T13:36:17","slug":"chamada-publica-no-013-2017-sest-sus-ses-go-curso-basico-de-vigilancia-sanitaria-ambiental-e-saude-do-trabalhador","status":"publish","type":"post","link":"https:\/\/goias.gov.br\/escoladesaude\/chamada-publica-no-013-2017-sest-sus-ses-go-curso-basico-de-vigilancia-sanitaria-ambiental-e-saude-do-trabalhador\/","title":{"rendered":"CHAMADA P\u00daBLICA N\u00ba 013\/2017 \u0096 SEST-SUS\/SES-GO &#8211; curso  \u0093B\u00e1sico de Vigil\u00e2ncia Sanit\u00e1ria, Ambiental e Sa\u00fade do Trabalhador\u0094"},"content":{"rendered":"<p><span style=\"font-size: 12px;color: #000000\">CHAMADA P&Uacute;BLICA N&ordm; 013\/2017 &ndash; SEST-SUS\/SES-GO A Superintend&ecirc;ncia de Educa&ccedil;&atilde;o em Sa&uacute;de e Trabalho para o SUS torna p&uacute;blica a presente Chamada e CONVIDA os servidores p&uacute;blicos vinculados ao Sistema &Uacute;nico de Sa&uacute;de &#8211; SUS, podendo ser da esfera estadual e\/ou municipal; efetivos, comissionados ou contratados; que atuam em a&ccedil;&otilde;es de Vigil&acirc;ncia em Sa&uacute;de a se inscreverem para preenchimento de vagas como discentes no Curso &ldquo;B&aacute;sico de Vigil&acirc;ncia Sanit&aacute;ria, <span style=\"color: #000000\">Ambiental e Sa&uacute;de do Trabalhador&rdquo;, aprovado e regulamentado pela Comiss&atilde;o Intergestores Bipartide, (CIB) Resolu&ccedil;&atilde;o N&ordm; 154\/2016.<\/span><\/span><\/p>\n<p><span style=\"font-size: 12px;color: #000000\"><span style=\"color: #000000\"><br \/><\/span><\/span><\/p>\n<p><span style=\"background-color: #ffffff;color: #0000ff\"><strong><span style=\"font-size: 14px\"><span style=\"background-color: #ffffff\"><a href=\"https:\/\/goias.gov.br\/saude\/wp-content\/uploads\/sites\/34\/2018\/01\/edital-chamada-publica-discente-curso-basico-de-vigilancia-sanitaria-ambiental-e-saude-do-trabalhador-a71.pdf\"><span style=\"color: #0000ff\">Clique aqui e veja o edital completo<\/span><\/a><\/span><\/span><\/strong><\/span><\/p>\n<p><span style=\"background-color: #ffffff;color: #0000ff\"><strong><span style=\"font-size: 14px\"><a href=\"https:\/\/goias.gov.br\/saude\/wp-content\/uploads\/sites\/34\/2018\/01\/edital-de-retificacao-5f2.pdf\"><span style=\"background-color: #ffffff;color: #0000ff\">EDITAL DE RETIFICA&Ccedil;&Atilde;O N. 016 \/2017 SEST-SUS\/SES-GO<\/span><\/a><\/span><\/strong><\/span><\/p>\n<p><span style=\"background-color: #ffffff;color: #0000ff\"><strong><span style=\"font-size: 14px\"><a href=\"https:\/\/goias.gov.br\/saude\/wp-content\/uploads\/sites\/34\/2018\/01\/anexos-i-e-ii-discentes-1-fce.doc\"><span style=\"background-color: #ffffff;color: #0000ff\">Anexo I e II<\/span><\/a><\/span><\/strong><\/span><\/p>\n<p><span style=\"background-color: #ffffff;color: #0000ff\"><strong><span style=\"font-size: 14px\"><span style=\"background-color: #ffffff;color: #0000ff\">REABERTURA DO PRAZO DE INSCRI&Ccedil;&Otilde;ES<br \/><\/span><\/span><\/strong><\/span><strong style=\"color: #0000ff\"><span style=\"font-size: 14px\"><span><a href=\"https:\/\/goias.gov.br\/saude\/wp-content\/uploads\/sites\/34\/2018\/01\/reabertura-de-inscricoes-a64.pdf\">CLIQUE AQUI E VEJA<\/a><\/span><\/span><\/strong><\/p>\n","protected":false},"excerpt":{"rendered":"<p>CHAMADA P&Uacute;BLICA N&ordm; 013\/2017 &ndash; SEST-SUS\/SES-GO A Superintend&ecirc;ncia de Educa&ccedil;&atilde;o em Sa&uacute;de e Trabalho para o SUS torna p&uacute;blica a presente Chamada e CONVIDA os servidores p&uacute;blicos vinculados ao Sistema &Uacute;nico de Sa&uacute;de &#8211; SUS, podendo ser da esfera estadual e\/ou municipal; efetivos, comissionados ou contratados; que atuam em a&ccedil;&otilde;es de Vigil&acirc;ncia em Sa&uacute;de a [&hellip;]<\/p>\n","protected":false},"author":1,"featured_media":0,"comment_status":"closed","ping_status":"open","sticky":false,"template":"","format":"standard","meta":{"footnotes":"","_links_to":"","_links_to_target":""},"categories":[3],"tags":[],"class_list":["post-9392","post","type-post","status-publish","format-standard","hentry","category-noticias"],"rttpg_featured_image_url":null,"rttpg_author":{"display_name":"wagner.viana","author_link":"https:\/\/goias.gov.br\/escoladesaude\/author\/wagner-viana\/"},"rttpg_comment":0,"rttpg_category":"<a href=\"https:\/\/goias.gov.br\/escoladesaude\/categoria\/noticias\/\" rel=\"category tag\">Not\u00edcias<\/a>","rttpg_excerpt":"CHAMADA P&Uacute;BLICA N&ordm; 013\/2017 &ndash; SEST-SUS\/SES-GO A Superintend&ecirc;ncia de Educa&ccedil;&atilde;o em Sa&uacute;de e Trabalho para o SUS torna p&uacute;blica a presente Chamada e CONVIDA os servidores p&uacute;blicos vinculados ao Sistema &Uacute;nico de Sa&uacute;de &#8211; SUS, podendo ser da esfera estadual e\/ou municipal; efetivos, comissionados ou contratados; que atuam em a&ccedil;&otilde;es de Vigil&acirc;ncia em Sa&uacute;de a&hellip;","_links":{"self":[{"href":"https:\/\/goias.gov.br\/escoladesaude\/wp-json\/wp\/v2\/posts\/9392","targetHints":{"allow":["GET"]}}],"collection":[{"href":"https:\/\/goias.gov.br\/escoladesaude\/wp-json\/wp\/v2\/posts"}],"about":[{"href":"https:\/\/goias.gov.br\/escoladesaude\/wp-json\/wp\/v2\/types\/post"}],"author":[{"embeddable":true,"href":"https:\/\/goias.gov.br\/escoladesaude\/wp-json\/wp\/v2\/users\/1"}],"replies":[{"embeddable":true,"href":"https:\/\/goias.gov.br\/escoladesaude\/wp-json\/wp\/v2\/comments?post=9392"}],"version-history":[{"count":1,"href":"https:\/\/goias.gov.br\/escoladesaude\/wp-json\/wp\/v2\/posts\/9392\/revisions"}],"predecessor-version":[{"id":200633,"href":"https:\/\/goias.gov.br\/escoladesaude\/wp-json\/wp\/v2\/posts\/9392\/revisions\/200633"}],"wp:attachment":[{"href":"https:\/\/goias.gov.br\/escoladesaude\/wp-json\/wp\/v2\/media?parent=9392"}],"wp:term":[{"taxonomy":"category","embeddable":true,"href":"https:\/\/goias.gov.br\/escoladesaude\/wp-json\/wp\/v2\/categories?post=9392"},{"taxonomy":"post_tag","embeddable":true,"href":"https:\/\/goias.gov.br\/escoladesaude\/wp-json\/wp\/v2\/tags?post=9392"}],"curies":[{"name":"wp","href":"https:\/\/api.w.org\/{rel}","templated":true}]}}