
{"id":9334,"date":"2018-08-17T06:08:06","date_gmt":"2018-08-17T09:08:06","guid":{"rendered":"https:\/\/siteshom.goias.gov.br\/saude\/profissionais-de-saude-finalizam-primeira-etapa-do-curso-de-capacitacao-pedagogica-em-uruacu\/"},"modified":"2024-09-02T10:36:03","modified_gmt":"2024-09-02T13:36:03","slug":"profissionais-de-saude-finalizam-primeira-etapa-do-curso-de-capacitacao-pedagogica-em-uruacu","status":"publish","type":"post","link":"https:\/\/goias.gov.br\/escoladesaude\/profissionais-de-saude-finalizam-primeira-etapa-do-curso-de-capacitacao-pedagogica-em-uruacu\/","title":{"rendered":"Profissionais de sa\u00fade finalizam primeira etapa do Curso de Capacita\u00e7\u00e3o Pedag\u00f3gica em Urua\u00e7u"},"content":{"rendered":"<p><img fetchpriority=\"high\" decoding=\"async\" class=\" size-full wp-image-9333\" src=\"https:\/\/goias.gov.br\/saude\/wp-content\/uploads\/sites\/34\/2018\/08\/foto-curso-de-capacitacao-pedagogica-uruacu-agosto-2018-ae7-scaled.jpg\" alt=\"\" width=\"2560\" height=\"1438\" \/><\/p>\n<p>Termina hoje (17 de agosto) a primeira etapa do Curso de Capacita&ccedil;&atilde;o Pedag&oacute;gica na cidade de Urua&ccedil;u. O curso teve in&iacute;cio no dia 15 e qualificou 18 profissionais da &aacute;rea da sa&uacute;de das regi&otilde;es Norte, Serra da Mesa e S&atilde;o Patr&iacute;cio I e II.. A segunda etapa do curso acontecer&aacute; nos dias 05 e 06 de setembro de 2018, em Urua&ccedil;u\/GO. Os participantes devem atuar como facilitadores nas a&ccedil;&otilde;es de educa&ccedil;&atilde;o permanente em sa&uacute;de.&nbsp;&nbsp;<\/p>\n<p>A capacita&ccedil;&atilde;o &eacute; oferecida pela Superintend&ecirc;ncia de Educa&ccedil;&atilde;o em Sa&uacute;de e Trabalho para o SUS &ndash; SEST-SUS e tem como objetivo avan&ccedil;ar em a&ccedil;&otilde;es educacionais qualificadas e adequadas ao cuidado integral dos usu&aacute;rios do SUS. A ideia &eacute; alinhar a condu&ccedil;&atilde;o das atividades pedag&oacute;gicas dos facilitadores\/docentes das Regi&otilde;es de Sa&uacute;de e Secretarias Municipais de Sa&uacute;de &agrave;s metodologias ativas, visando desenvolver o pensamento cr&iacute;tico, reflexivo e criativo dos profissionais.&nbsp;<\/p>\n","protected":false},"excerpt":{"rendered":"<p>Termina hoje (17 de agosto) a primeira etapa do Curso de Capacita&ccedil;&atilde;o Pedag&oacute;gica na cidade de Urua&ccedil;u. O curso teve in&iacute;cio no dia 15 e qualificou 18 profissionais da &aacute;rea da sa&uacute;de das regi&otilde;es Norte, Serra da Mesa e S&atilde;o Patr&iacute;cio I e II.. A segunda etapa do curso acontecer&aacute; nos dias 05 e 06 [&hellip;]<\/p>\n","protected":false},"author":1,"featured_media":9333,"comment_status":"closed","ping_status":"open","sticky":false,"template":"","format":"standard","meta":{"footnotes":"","_links_to":"","_links_to_target":""},"categories":[3],"tags":[],"class_list":["post-9334","post","type-post","status-publish","format-standard","has-post-thumbnail","hentry","category-noticias"],"rttpg_featured_image_url":null,"rttpg_author":{"display_name":"wagner.viana","author_link":"https:\/\/goias.gov.br\/escoladesaude\/author\/wagner-viana\/"},"rttpg_comment":0,"rttpg_category":"<a href=\"https:\/\/goias.gov.br\/escoladesaude\/categoria\/noticias\/\" rel=\"category tag\">Not\u00edcias<\/a>","rttpg_excerpt":"Termina hoje (17 de agosto) a primeira etapa do Curso de Capacita&ccedil;&atilde;o Pedag&oacute;gica na cidade de Urua&ccedil;u. O curso teve in&iacute;cio no dia 15 e qualificou 18 profissionais da &aacute;rea da sa&uacute;de das regi&otilde;es Norte, Serra da Mesa e S&atilde;o Patr&iacute;cio I e II.. A segunda etapa do curso acontecer&aacute; nos dias 05 e 06&hellip;","_links":{"self":[{"href":"https:\/\/goias.gov.br\/escoladesaude\/wp-json\/wp\/v2\/posts\/9334","targetHints":{"allow":["GET"]}}],"collection":[{"href":"https:\/\/goias.gov.br\/escoladesaude\/wp-json\/wp\/v2\/posts"}],"about":[{"href":"https:\/\/goias.gov.br\/escoladesaude\/wp-json\/wp\/v2\/types\/post"}],"author":[{"embeddable":true,"href":"https:\/\/goias.gov.br\/escoladesaude\/wp-json\/wp\/v2\/users\/1"}],"replies":[{"embeddable":true,"href":"https:\/\/goias.gov.br\/escoladesaude\/wp-json\/wp\/v2\/comments?post=9334"}],"version-history":[{"count":1,"href":"https:\/\/goias.gov.br\/escoladesaude\/wp-json\/wp\/v2\/posts\/9334\/revisions"}],"predecessor-version":[{"id":200549,"href":"https:\/\/goias.gov.br\/escoladesaude\/wp-json\/wp\/v2\/posts\/9334\/revisions\/200549"}],"wp:featuredmedia":[{"embeddable":true,"href":"https:\/\/goias.gov.br\/escoladesaude\/wp-json\/"}],"wp:attachment":[{"href":"https:\/\/goias.gov.br\/escoladesaude\/wp-json\/wp\/v2\/media?parent=9334"}],"wp:term":[{"taxonomy":"category","embeddable":true,"href":"https:\/\/goias.gov.br\/escoladesaude\/wp-json\/wp\/v2\/categories?post=9334"},{"taxonomy":"post_tag","embeddable":true,"href":"https:\/\/goias.gov.br\/escoladesaude\/wp-json\/wp\/v2\/tags?post=9334"}],"curies":[{"name":"wp","href":"https:\/\/api.w.org\/{rel}","templated":true}]}}