
{"id":7744,"date":"2017-01-06T14:01:32","date_gmt":"2017-01-06T16:01:32","guid":{"rendered":"https:\/\/siteshom.goias.gov.br\/saude\/especializacao-de-atencao-basica-aborda-assistencia-a-casos-de-zika\/"},"modified":"2017-01-06T14:01:32","modified_gmt":"2017-01-06T16:01:32","slug":"especializacao-de-atencao-basica-aborda-assistencia-a-casos-de-zika","status":"publish","type":"post","link":"https:\/\/goias.gov.br\/escoladesaude\/especializacao-de-atencao-basica-aborda-assistencia-a-casos-de-zika\/","title":{"rendered":"Especializa\u00e7\u00e3o de aten\u00e7\u00e3o b\u00e1sica aborda assist\u00eancia a casos de Zika"},"content":{"rendered":"<p><img fetchpriority=\"high\" decoding=\"async\" class=\" size-full wp-image-7743\" src=\"https:\/\/goias.gov.br\/saude\/wp-content\/uploads\/sites\/34\/2017\/01\/img-20170106-wa0118-89c.jpg\" alt=\"Marlene Arvelos\" width=\"1280\" height=\"720\" \/><\/p>\n<div><span style=\"font-size: 14px\">A Superintendente de Educa&ccedil;&atilde;o em Sa&uacute;de e Trabalho para o SUS, Irani Ribeiro, participou nesta quinta-feira, 05 de janeiro, da apresenta&ccedil;&atilde;o da Dra. Adriana Melo, primeira m&eacute;dica e pesquisadora brasileira a fazer a associa&ccedil;&atilde;o do Zika com a microcefalia. A m&eacute;dica veio a Goi&aacute;s acompanhada do Ministro do Desenvolvimento Social e Agr&aacute;rio, Osmar Terra, e sua equipe em visita ao Centro de Informa&ccedil;&otilde;es e Decis&otilde;es Estrat&eacute;gicas em Sa&uacute;de (Concecta SUS).<\/span><\/div>\n<div>\n<p><span style=\"font-size: 14px\">Adriana Melo apresentou seu trabalho ao Comit&ecirc; T&eacute;cnico Estadual para Investiga&ccedil;&atilde;o dos Casos e &Oacute;bitos por Microcefalia e Casos de Microcefalia possivelmente associados ao Zika V&iacute;rus em Goi&aacute;s. Ela tamb&eacute;m conheceu o acompanhamento feito pela Secretaria de Estado da Sa&uacute;de de Goi&aacute;s, das gestantes com Zika georreferenciadas, e o sistema que est&aacute; sendo constru&iacute;do para acompanhamento de crian&ccedil;as com microcefalia, georreferenciada.<\/span><\/p>\n<p><span style=\"font-size: 14px\">Atualmente a m&eacute;dica &eacute; respons&aacute;vel pela cria&ccedil;&atilde;o de um centro de acompanhamento e suporte &agrave;s fam&iacute;lias e crian&ccedil;as com microcefalia e reabilita&ccedil;&atilde;o em Campina Grande, na Para&iacute;ba, com apoio dos Minist&eacute;rios da Sa&uacute;de e do Desenvolvimento Social. A pesquisadora disse que a tecnologia j&aacute; utilizada pelo Conecta SUS pode ser usada para controlar as situa&ccedil;&otilde;es das doen&ccedil;as provocadas pelo Zika V&iacute;rus no Brasil, visto que v&aacute;rios estados est&atilde;o estudando a incid&ecirc;ncia e evolu&ccedil;&atilde;o das enfermidades.<\/span><\/p>\n<p><span style=\"font-size: 14px\">Em Goi&aacute;s, al&eacute;m do Comit&ecirc; T&eacute;cnico que acompanha diretamente os casos da doen&ccedil;a a Superintend&ecirc;ncia de Educa&ccedil;&atilde;o em Sa&uacute;de e Trabalho para o SUS est&aacute; realizando, atrav&eacute;s da Escola de Sa&uacute;de P&uacute;blica C&acirc;ndido Santiago, um Curso de Especializa&ccedil;&atilde;o em Aten&ccedil;&atilde;o Prim&aacute;ria &agrave; Sa&uacute;de para 800 profissionais que aborda tamb&eacute;m a assist&ecirc;ncias aos pacientes de com Zika V&iacute;rus atendidos na aten&ccedil;&atilde;o b&aacute;sica.&nbsp;<\/span><\/p>\n<\/div>\n","protected":false},"excerpt":{"rendered":"<p>A Superintendente de Educa&ccedil;&atilde;o em Sa&uacute;de e Trabalho para o SUS, Irani Ribeiro, participou nesta quinta-feira, 05 de janeiro, da apresenta&ccedil;&atilde;o da Dra. Adriana Melo, primeira m&eacute;dica e pesquisadora brasileira a fazer a associa&ccedil;&atilde;o do Zika com a microcefalia. A m&eacute;dica veio a Goi&aacute;s acompanhada do Ministro do Desenvolvimento Social e Agr&aacute;rio, Osmar Terra, e [&hellip;]<\/p>\n","protected":false},"author":1,"featured_media":7743,"comment_status":"closed","ping_status":"open","sticky":false,"template":"","format":"standard","meta":{"footnotes":"","_links_to":"","_links_to_target":""},"categories":[10],"tags":[],"class_list":["post-7744","post","type-post","status-publish","format-standard","has-post-thumbnail","hentry","category-escola-de-saude"],"rttpg_featured_image_url":null,"rttpg_author":{"display_name":"wagner.viana","author_link":"https:\/\/goias.gov.br\/escoladesaude\/author\/wagner-viana\/"},"rttpg_comment":0,"rttpg_category":"<a href=\"https:\/\/goias.gov.br\/escoladesaude\/categoria\/escola-de-saude\/\" rel=\"category tag\">Escola de Sa\u00fade<\/a>","rttpg_excerpt":"A Superintendente de Educa&ccedil;&atilde;o em Sa&uacute;de e Trabalho para o SUS, Irani Ribeiro, participou nesta quinta-feira, 05 de janeiro, da apresenta&ccedil;&atilde;o da Dra. Adriana Melo, primeira m&eacute;dica e pesquisadora brasileira a fazer a associa&ccedil;&atilde;o do Zika com a microcefalia. A m&eacute;dica veio a Goi&aacute;s acompanhada do Ministro do Desenvolvimento Social e Agr&aacute;rio, Osmar Terra, e&hellip;","_links":{"self":[{"href":"https:\/\/goias.gov.br\/escoladesaude\/wp-json\/wp\/v2\/posts\/7744","targetHints":{"allow":["GET"]}}],"collection":[{"href":"https:\/\/goias.gov.br\/escoladesaude\/wp-json\/wp\/v2\/posts"}],"about":[{"href":"https:\/\/goias.gov.br\/escoladesaude\/wp-json\/wp\/v2\/types\/post"}],"author":[{"embeddable":true,"href":"https:\/\/goias.gov.br\/escoladesaude\/wp-json\/wp\/v2\/users\/1"}],"replies":[{"embeddable":true,"href":"https:\/\/goias.gov.br\/escoladesaude\/wp-json\/wp\/v2\/comments?post=7744"}],"version-history":[{"count":0,"href":"https:\/\/goias.gov.br\/escoladesaude\/wp-json\/wp\/v2\/posts\/7744\/revisions"}],"wp:featuredmedia":[{"embeddable":true,"href":"https:\/\/goias.gov.br\/escoladesaude\/wp-json\/"}],"wp:attachment":[{"href":"https:\/\/goias.gov.br\/escoladesaude\/wp-json\/wp\/v2\/media?parent=7744"}],"wp:term":[{"taxonomy":"category","embeddable":true,"href":"https:\/\/goias.gov.br\/escoladesaude\/wp-json\/wp\/v2\/categories?post=7744"},{"taxonomy":"post_tag","embeddable":true,"href":"https:\/\/goias.gov.br\/escoladesaude\/wp-json\/wp\/v2\/tags?post=7744"}],"curies":[{"name":"wp","href":"https:\/\/api.w.org\/{rel}","templated":true}]}}