
{"id":7482,"date":"2016-10-26T07:28:30","date_gmt":"2016-10-26T09:28:30","guid":{"rendered":"https:\/\/siteshom.goias.gov.br\/saude\/a-secretaria-2\/"},"modified":"2016-10-26T07:28:30","modified_gmt":"2016-10-26T09:28:30","slug":"a-secretaria-2","status":"publish","type":"post","link":"https:\/\/goias.gov.br\/escoladesaude\/a-secretaria-2\/","title":{"rendered":"A Secretaria de Estado da Sa\u00fade de Goi\u00e1s"},"content":{"rendered":"<p>[card_secretario title_card_sec=&#8221;O Secret\u00e1rio&#8221; nome_card_sec=&#8221;Ismael Alexandrino J\u00fanior&#8221; tel_card_sec=&#8221;(62) 62 3201-3701&#8243; ][acordiao][acordiao_item title_section_acordiao=&#8221;Curr\u00edculo&#8221;]M\u00e9dico formado pela Faculdade de Ci\u00eancias M\u00e9dicas da Universidade Estadual de Pernambuco com Fellow em Terapia Intensiva pela Universidade de Mil\u00e3o e Bolonha, Ismael Alexandrino at\u00e9 dezembro de 2018 ocupava o cargo de diretor-presidente do Instituto Hospital Base e tamb\u00e9m conselheiro titular do Colegiado Gestor da Sa\u00fade do Distrito Federal. Tem MBA em Gest\u00e3o da Sa\u00fade pela Funda\u00e7\u00e3o Get\u00falio Vargas, foi da diretoria M\u00e9dica Executiva da DASA, chefe da UTI do Hospital Regional do Gama, Diretor Geral do Hospital de Base do Distrito Federal, superintendente de Sa\u00fade da Regi\u00e3o Sul do DF e secret\u00e1rio Adjunto de Gest\u00e3o da Sa\u00fade do Distrito Federal.[\/acordiao_item][\/acordiao][\/card_secretario][card_default title_card=&#8221;Chefe de Gabinete&#8221; icon_card=&#8221;fa fa-user&#8221;][card_info phone_card_list=&#8221;(62) 3201-3701&#8243;][\/card_info][\/card_default][card_default title_card=&#8221;Organograma&#8221; icon_card=&#8221;fa fa-users&#8221;][btn btn_texto=&#8221;Clique aqui&#8221; btn_icon=&#8221;Link Externo&#8221; btn_link=&#8221;url:https%3A%2F%2Fextranetp.saude.go.gov.br%2Forganograma%2F%23%2F||target:%20_blank|&#8221;][\/card_default][card_default title_card=&#8221;Cadeia de Valor da SES&#8221; icon_card=&#8221;fa fa-user&#8221;][btn btn_texto=&#8221;Saiba mais&#8221; btn_icon=&#8221;Link Externo&#8221; btn_link=&#8221;url:http%3A%2F%2Fwww.saude.go.gov.br%2Fcadeia-de-valor%2Findex.html||target:%20_blank|&#8221;][\/card_default]Segundo a Constitui\u00e7\u00e3o da Organiza\u00e7\u00e3o Mundial da Sa\u00fade (OMS), a sa\u00fade \u00e9 definida como \u201cestado de completo bem-estar f\u00edsico, mental e social e n\u00e3o consistindo somente da aus\u00eancia de uma doen\u00e7a ou enfermidade\u201d. Desde o in\u00edcio de nosso Pa\u00eds at\u00e9 agora o tema Sa\u00fade \u00e9 recorrente em constitui\u00e7\u00f5es e decretos, tamanha sua import\u00e2ncia.[ height=&#8221;25px&#8221;][titulo title=&#8221;Miss\u00e3o&#8221;]Coordenar a forma\u00e7\u00e3o da Pol\u00edtica Estadual de Sa\u00fade, promover a sua implementa\u00e7\u00e3o e permanente avalia\u00e7\u00e3o, de modo a garantir o desenvolvimento de a\u00e7\u00f5es e servi\u00e7os que respeitem os princ\u00edpios do SUS, com a participa\u00e7\u00e3o de seus usu\u00e1rios e que contribuam para a melhoria da qualidade de vida da popula\u00e7\u00e3o no Estado de Goi\u00e1s.[ height=&#8221;25px&#8221;][titulo title=&#8221;Vis\u00e3o&#8221;]Ser uma institui\u00e7\u00e3o p\u00fablica de excel\u00eancia, gestora efetiva e democr\u00e1tica do Sistema Estadual de Sa\u00fade, dotada de infra-estrutura e processos de trabalho eficientes e eficazes.[ height=&#8221;25px&#8221;][titulo title=&#8221;Logotipos Oficiais, Apresenta\u00e7\u00f5es e Manuais&#8221;][ height=&#8221;25px&#8221;][default_list default_list_icon=&#8221;Download&#8221;]<\/p>\n<ul>\n<li><a href=\"https:\/\/goias.gov.br\/saude\/wp-content\/uploads\/sites\/34\/2016\/10\/logo-secretaria-de-estado-da-saude-72-294.png\" target=\"_blank\" rel=\"noopener noreferrer\">Logotipo Padr\u00e3o &#8211; Governo e SES-GO<\/a><\/li>\n<li>Papel Timbrado &#8211;\u00a0 <a href=\"https:\/\/goias.gov.br\/saude\/wp-content\/uploads\/sites\/34\/2016\/10\/timbrado-marca-do-governo-selocora-fd3.docx\" target=\"_blank\" rel=\"noopener noreferrer\">Vers\u00e3o Governo e SES<\/a> (Selo Cora Coralina)\/\u00a0 <a href=\"https:\/\/goias.gov.br\/saude\/wp-content\/uploads\/sites\/34\/2016\/10\/timbrado-brasao-selocora2019-c23.docx\" target=\"_blank\" rel=\"noopener noreferrer\">Vers\u00e3o Bras\u00e3o e SES<\/a>\u00a0 (Selo Cora Coralina)<\/li>\n<li><a href=\"https:\/\/goias.gov.br\/saude\/wp-content\/uploads\/sites\/34\/2016\/10\/manual-marca-goias-governo-1.0-2019-661.pdf\">Manual de aplica\u00e7\u00e3o da marca do Governo de Goi\u00e1s<\/a><\/li>\n<li><strong><a href=\"https:\/\/goias.gov.br\/saude\/wp-content\/uploads\/sites\/34\/2016\/10\/apresentacao_pradronizada2019-0fb.pptx\">Apresenta\u00e7\u00e3o Padronizada 2019<\/a><\/strong><\/li>\n<\/ul>\n<p>[\/default_list]<\/p>\n","protected":false},"excerpt":{"rendered":"<p>[card_secretario title_card_sec=&#8221;O Secret\u00e1rio&#8221; nome_card_sec=&#8221;Ismael Alexandrino J\u00fanior&#8221; tel_card_sec=&#8221;(62) 62 3201-3701&#8243; ][acordiao][acordiao_item title_section_acordiao=&#8221;Curr\u00edculo&#8221;]M\u00e9dico formado pela Faculdade de Ci\u00eancias M\u00e9dicas da Universidade Estadual de Pernambuco com Fellow em Terapia Intensiva pela Universidade de Mil\u00e3o e Bolonha, Ismael Alexandrino at\u00e9 dezembro de 2018 ocupava o cargo de diretor-presidente do Instituto Hospital Base e tamb\u00e9m conselheiro titular do Colegiado Gestor [&hellip;]<\/p>\n","protected":false},"author":1,"featured_media":0,"comment_status":"closed","ping_status":"open","sticky":false,"template":"","format":"standard","meta":{"footnotes":"","_links_to":"","_links_to_target":""},"categories":[20],"tags":[],"class_list":["post-7482","post","type-post","status-publish","format-standard","hentry","category-page"],"rttpg_featured_image_url":null,"rttpg_author":{"display_name":"wagner.viana","author_link":"https:\/\/goias.gov.br\/escoladesaude\/author\/wagner-viana\/"},"rttpg_comment":0,"rttpg_category":"<a href=\"https:\/\/goias.gov.br\/escoladesaude\/categoria\/page\/\" rel=\"category tag\">Outras p\u00e1ginas<\/a>","rttpg_excerpt":"[card_secretario title_card_sec=&#8221;O Secret\u00e1rio&#8221; nome_card_sec=&#8221;Ismael Alexandrino J\u00fanior&#8221; tel_card_sec=&#8221;(62) 62 3201-3701&#8243; ][acordiao][acordiao_item title_section_acordiao=&#8221;Curr\u00edculo&#8221;]M\u00e9dico formado pela Faculdade de Ci\u00eancias M\u00e9dicas da Universidade Estadual de Pernambuco com Fellow em Terapia Intensiva pela Universidade de Mil\u00e3o e Bolonha, Ismael Alexandrino at\u00e9 dezembro de 2018 ocupava o cargo de diretor-presidente do Instituto Hospital Base e tamb\u00e9m conselheiro titular do Colegiado Gestor&hellip;","_links":{"self":[{"href":"https:\/\/goias.gov.br\/escoladesaude\/wp-json\/wp\/v2\/posts\/7482","targetHints":{"allow":["GET"]}}],"collection":[{"href":"https:\/\/goias.gov.br\/escoladesaude\/wp-json\/wp\/v2\/posts"}],"about":[{"href":"https:\/\/goias.gov.br\/escoladesaude\/wp-json\/wp\/v2\/types\/post"}],"author":[{"embeddable":true,"href":"https:\/\/goias.gov.br\/escoladesaude\/wp-json\/wp\/v2\/users\/1"}],"replies":[{"embeddable":true,"href":"https:\/\/goias.gov.br\/escoladesaude\/wp-json\/wp\/v2\/comments?post=7482"}],"version-history":[{"count":0,"href":"https:\/\/goias.gov.br\/escoladesaude\/wp-json\/wp\/v2\/posts\/7482\/revisions"}],"wp:attachment":[{"href":"https:\/\/goias.gov.br\/escoladesaude\/wp-json\/wp\/v2\/media?parent=7482"}],"wp:term":[{"taxonomy":"category","embeddable":true,"href":"https:\/\/goias.gov.br\/escoladesaude\/wp-json\/wp\/v2\/categories?post=7482"},{"taxonomy":"post_tag","embeddable":true,"href":"https:\/\/goias.gov.br\/escoladesaude\/wp-json\/wp\/v2\/tags?post=7482"}],"curies":[{"name":"wp","href":"https:\/\/api.w.org\/{rel}","templated":true}]}}