
{"id":6926,"date":"2017-10-18T10:34:24","date_gmt":"2017-10-18T12:34:24","guid":{"rendered":"https:\/\/siteshom.goias.gov.br\/saude\/sala-de-situacao-2016-regional-de-saude-sudoeste-1\/"},"modified":"2017-10-18T10:34:24","modified_gmt":"2017-10-18T12:34:24","slug":"sala-de-situacao-2016-regional-de-saude-sudoeste-1","status":"publish","type":"post","link":"https:\/\/goias.gov.br\/escoladesaude\/sala-de-situacao-2016-regional-de-saude-sudoeste-1\/","title":{"rendered":"Sala de Situa\u00e7\u00e3o 2016 &#8211; Regional de Sa\u00fade Sudoeste 1"},"content":{"rendered":"<p>[acordiao title_acordeao=&#8221;SALA DE SITUA\u00c7\u00c3O REGIONAL SUDOESTE 1&#8243;][acordiao_item title_section_acordiao=&#8221;Janeiro&#8221;]<a href=\"https:\/\/goias.gov.br\/saude\/wp-content\/uploads\/sites\/34\/2017\/10\/atencao-primaria-a-saude-programas-01.2016-81b.pdf\" target=\"_blank\" rel=\"noopener noreferrer\">Aten\u00e7\u00e3o Prim\u00e1ria \u00e0 Sa\u00fade &#8211; Programas<\/a><\/p>\n<p><a href=\"https:\/\/goias.gov.br\/saude\/wp-content\/uploads\/sites\/34\/2017\/10\/atencao-primaria-a-saude-saude-bucal-01.2016-293.pdf\" target=\"_blank\" rel=\"noopener noreferrer\">Aten\u00e7\u00e3o Prim\u00e1ria \u00e0 Sa\u00fade &#8211; Sa\u00fade Bucal<\/a><\/p>\n<p><a href=\"https:\/\/goias.gov.br\/saude\/wp-content\/uploads\/sites\/34\/2017\/10\/atencao-primaria-a-saude-servicos-01.2016-4f1.pdf\" target=\"_blank\" rel=\"noopener noreferrer\">Aten\u00e7\u00e3o Prim\u00e1ria \u00e0 Sa\u00fade &#8211; Servi\u00e7os<\/a><\/p>\n<p><a href=\"https:\/\/goias.gov.br\/saude\/wp-content\/uploads\/sites\/34\/2017\/10\/controle-e-avaliacao-01.2016-bf8.pdf\" target=\"_blank\" rel=\"noopener noreferrer\">Controle e Avalia\u00e7\u00e3o<\/a><\/p>\n<p><a href=\"https:\/\/goias.gov.br\/saude\/wp-content\/uploads\/sites\/34\/2017\/10\/vigilancia-em-saude-dengue-01.2016-878.pdf\" target=\"_blank\" rel=\"noopener noreferrer\">Vigil\u00e2ncia em Sa\u00fade &#8211; Dengue<\/a><\/p>\n<p><a href=\"https:\/\/goias.gov.br\/saude\/wp-content\/uploads\/sites\/34\/2017\/10\/vigilancia-em-saude-dengue-vd-01.2016-a75.pdf\" target=\"_blank\" rel=\"noopener noreferrer\">Vigil\u00e2ncia em Sa\u00fade &#8211; Dengue VD<\/a><\/p>\n<p><a href=\"https:\/\/goias.gov.br\/saude\/wp-content\/uploads\/sites\/34\/2017\/10\/vigilancia-em-saude-hanseniase-01.2016-7f6.pdf\" target=\"_blank\" rel=\"noopener noreferrer\">Vigil\u00e2ncia em Sa\u00fade &#8211; Hansen\u00edase <\/a><\/p>\n<p><a href=\"https:\/\/goias.gov.br\/saude\/wp-content\/uploads\/sites\/34\/2017\/10\/vigilancia-em-saude-investigacao-de-obito-01.2016-721.pdf\" target=\"_blank\" rel=\"noopener noreferrer\">Vigil\u00e2ncia em Sa\u00fade &#8211; Investiga\u00e7\u00e3o de \u00d3bito<\/a><\/p>\n<p><a href=\"https:\/\/goias.gov.br\/saude\/wp-content\/uploads\/sites\/34\/2017\/10\/vigilancia-em-saude-leishmaniose-01.2016-aaf.pdf\" target=\"_blank\" rel=\"noopener noreferrer\">Vigil\u00e2ncia em Sa\u00fade &#8211; Leishmaniose<\/a><\/p>\n<p><a href=\"https:\/\/goias.gov.br\/saude\/wp-content\/uploads\/sites\/34\/2017\/10\/vigilancia-em-saude-tuberculose-01.2016-b28.pdf\" target=\"_blank\" rel=\"noopener noreferrer\">Vigil\u00e2ncia em Sa\u00fade &#8211; Tuberculose<\/a>[\/acordiao_item][acordiao_item title_section_acordiao=&#8221;Fevereiro&#8221;]<a href=\"https:\/\/goias.gov.br\/saude\/wp-content\/uploads\/sites\/34\/2017\/10\/atencao-primaria-a-saude-sist.-informacao-02.2016-85f.pdf\" target=\"_blank\" rel=\"noopener noreferrer\">Aten\u00e7\u00e3o Prim\u00e1ria \u00e0 Sa\u00fade &#8211; Sist. Informa\u00e7\u00f5es<\/a><\/p>\n<p><a href=\"https:\/\/goias.gov.br\/saude\/wp-content\/uploads\/sites\/34\/2017\/10\/controle-e-avaliacao-02.2016-54b.pdf\" target=\"_blank\" rel=\"noopener noreferrer\">Controle e Avalia\u00e7\u00e3o<\/a><\/p>\n<p><a href=\"https:\/\/goias.gov.br\/saude\/wp-content\/uploads\/sites\/34\/2017\/10\/vigilancia-em-saude-hanseniase-02.2016-945.pdf\" target=\"_blank\" rel=\"noopener noreferrer\">Vigil\u00e2ncia em Sa\u00fade &#8211; Hansen\u00edase <\/a><\/p>\n<p><a href=\"https:\/\/goias.gov.br\/saude\/wp-content\/uploads\/sites\/34\/2017\/10\/vigilancia-em-saude-leishmaniose-02.2016-41c.pdf\" target=\"_blank\" rel=\"noopener noreferrer\">Vigil\u00e2ncia em Sa\u00fade &#8211; Leishmaniose <\/a><\/p>\n<p><a href=\"https:\/\/goias.gov.br\/saude\/wp-content\/uploads\/sites\/34\/2017\/10\/vigilancia-em-saude-tuberculose-02.2016-59b.pdf\" target=\"_blank\" rel=\"noopener noreferrer\">Vigil\u00e2ncia em Sa\u00fade &#8211; Tuberculose<\/a>[\/acordiao_item][acordiao_item title_section_acordiao=&#8221;Mar\u00e7o&#8221;]<a href=\"https:\/\/goias.gov.br\/saude\/wp-content\/uploads\/sites\/34\/2017\/10\/assistencia-farmaceutica-03.2016-5c9.pdf\" target=\"_blank\" rel=\"noopener noreferrer\">Assist\u00eancia Farmac\u00eautica <\/a><\/p>\n<p><a href=\"https:\/\/goias.gov.br\/saude\/wp-content\/uploads\/sites\/34\/2017\/10\/atencao-primaria-a-saude-programas-03.2016-854.pdf\" target=\"_blank\" rel=\"noopener noreferrer\">Aten\u00e7\u00e3o Prim\u00e1ria \u00e0 Sa\u00fade &#8211; Programas<\/a><\/p>\n<p><a href=\"https:\/\/goias.gov.br\/saude\/wp-content\/uploads\/sites\/34\/2017\/10\/atencao-primaria-a-saude-servicos-03.2016-4be.pdf\" target=\"_blank\" rel=\"noopener noreferrer\">Aten\u00e7\u00e3o Prim\u00e1ria \u00e0 Sa\u00fade &#8211; Servi\u00e7os<\/a><\/p>\n<p><a href=\"https:\/\/goias.gov.br\/saude\/wp-content\/uploads\/sites\/34\/2017\/10\/controle-e-avaliacao-03.2016-bb7.pdf\" target=\"_blank\" rel=\"noopener noreferrer\">Controle e Avalia\u00e7\u00e3o<\/a><\/p>\n<p><a href=\"https:\/\/goias.gov.br\/saude\/wp-content\/uploads\/sites\/34\/2017\/10\/vigilancia-em-saude-hanseniase-03.2016-7b9.pdf\" target=\"_blank\" rel=\"noopener noreferrer\">Vigil\u00e2ncia em Sa\u00fade &#8211; Hansen\u00edase <\/a><\/p>\n<p><a href=\"https:\/\/goias.gov.br\/saude\/wp-content\/uploads\/sites\/34\/2017\/10\/vigilancia-em-saude-leishmaniose-03.2016-ae0.pdf\" target=\"_blank\" rel=\"noopener noreferrer\">Vigil\u00e2ncia em Sa\u00fade &#8211; Leishmaniose<\/a><\/p>\n<p><a href=\"https:\/\/goias.gov.br\/saude\/wp-content\/uploads\/sites\/34\/2017\/10\/vigilancia-em-saude-tuberculose-03.2016-b67.pdf\" target=\"_blank\" rel=\"noopener noreferrer\">Vigil\u00e2ncia em Sa\u00fade &#8211; Tuberculose <\/a>[\/acordiao_item][acordiao_item title_section_acordiao=&#8221;Abril&#8221;]<a href=\"https:\/\/goias.gov.br\/saude\/wp-content\/uploads\/sites\/34\/2017\/10\/assistencia-farmaceutica-04.2016-be4.pdf\" target=\"_blank\" rel=\"noopener noreferrer\">Assist\u00eancia Farmac\u00eautica <\/a><\/p>\n<p><a href=\"https:\/\/goias.gov.br\/saude\/wp-content\/uploads\/sites\/34\/2017\/10\/atencao-primaria-a-saude-programas-04.2016-679.pdf\" target=\"_blank\" rel=\"noopener noreferrer\">Aten\u00e7\u00e3o Prim\u00e1ria \u00e0 Sa\u00fade &#8211; Programas<\/a><\/p>\n<p><a href=\"https:\/\/goias.gov.br\/saude\/wp-content\/uploads\/sites\/34\/2017\/10\/atencao-primaria-a-saude-servicos-04.2016-a93.pdf\" target=\"_blank\" rel=\"noopener noreferrer\">Aten\u00e7\u00e3o Prim\u00e1ria \u00e0 Sa\u00fade &#8211; Servi\u00e7os<\/a><\/p>\n<p><a href=\"https:\/\/goias.gov.br\/saude\/wp-content\/uploads\/sites\/34\/2017\/10\/cies-04.2016-326.pdf\" target=\"_blank\" rel=\"noopener noreferrer\">CIES <\/a><\/p>\n<p><a href=\"https:\/\/goias.gov.br\/saude\/wp-content\/uploads\/sites\/34\/2017\/10\/controle-e-avaliacao-04.2016-59a.pdf\" target=\"_blank\" rel=\"noopener noreferrer\">Controle e Avalia\u00e7\u00e3o <\/a><\/p>\n<p><a href=\"https:\/\/goias.gov.br\/saude\/wp-content\/uploads\/sites\/34\/2017\/10\/vigilancia-em-saude-hanseniase-04.2016-994.pdf\" target=\"_blank\" rel=\"noopener noreferrer\">Vigil\u00e2ncia em Sa\u00fade &#8211; Hansen\u00edase <\/a><\/p>\n<p><a href=\"https:\/\/goias.gov.br\/saude\/wp-content\/uploads\/sites\/34\/2017\/10\/vigilancia-em-saude-investigacao-de-obito-04.2016-943.pdf\" target=\"_blank\" rel=\"noopener noreferrer\">Vigil\u00e2ncia em Sa\u00fade &#8211; Investiga\u00e7\u00e3o de \u00d3bito<\/a><\/p>\n<p><a href=\"https:\/\/goias.gov.br\/saude\/wp-content\/uploads\/sites\/34\/2017\/10\/vigilancia-em-saude-leishmaniose-04.2016-4cd.pdf\" target=\"_blank\" rel=\"noopener noreferrer\">Vigil\u00e2ncia em Sa\u00fade &#8211; Leishmaniose<\/a><\/p>\n<p><a href=\"https:\/\/goias.gov.br\/saude\/wp-content\/uploads\/sites\/34\/2017\/10\/vigilancia-em-saude-tuberculose-04.2016-54a.pdf\" target=\"_blank\" rel=\"noopener noreferrer\">Vigil\u00e2ncia em Sa\u00fade &#8211; Tuberculose<\/a>[\/acordiao_item][acordiao_item title_section_acordiao=&#8221;Maio&#8221;]<a href=\"https:\/\/goias.gov.br\/saude\/wp-content\/uploads\/sites\/34\/2017\/10\/assistencia-farmaceutica-05.2016-518.pdf\" target=\"_blank\" rel=\"noopener noreferrer\">Assist\u00eancia Farmac\u00eautica <\/a><\/p>\n<p><a href=\"https:\/\/goias.gov.br\/saude\/wp-content\/uploads\/sites\/34\/2017\/10\/cies-05.2016-dda.pdf\" target=\"_blank\" rel=\"noopener noreferrer\">CIES <\/a><\/p>\n<p><a href=\"https:\/\/goias.gov.br\/saude\/wp-content\/uploads\/sites\/34\/2017\/10\/controle-e-avaliacao-05.2016-b66.pdf\" target=\"_blank\" rel=\"noopener noreferrer\">Controle e Avalia\u00e7\u00e3o <\/a><\/p>\n<p><a href=\"https:\/\/goias.gov.br\/saude\/wp-content\/uploads\/sites\/34\/2017\/10\/planejamento-e-gestao-05.2016-308.pdf\" target=\"_blank\" rel=\"noopener noreferrer\">Planejamento e Gest\u00e3o <\/a><\/p>\n<p><a href=\"https:\/\/goias.gov.br\/saude\/wp-content\/uploads\/sites\/34\/2017\/10\/vigilancia-em-saude-dengue-05.2016-8e6.pdf\" target=\"_blank\" rel=\"noopener noreferrer\">Vigil\u00e2ncia em Sa\u00fade &#8211; Dengue<\/a><\/p>\n<p><a href=\"https:\/\/goias.gov.br\/saude\/wp-content\/uploads\/sites\/34\/2017\/10\/vigilancia-em-saude-hanseniase-05.2016-768.pdf\" target=\"_blank\" rel=\"noopener noreferrer\">Vigil\u00e2ncia em Sa\u00fade &#8211; Hansen\u00edase <\/a><\/p>\n<p><a href=\"https:\/\/goias.gov.br\/saude\/wp-content\/uploads\/sites\/34\/2017\/10\/vigilancia-em-saude-investigacao-de-obito-05.2016-7bf.pdf\" target=\"_blank\" rel=\"noopener noreferrer\">Vigil\u00e2ncia em Sa\u00fade &#8211; Investiga\u00e7\u00e3o de \u00d3bito<\/a><\/p>\n<p><a href=\"https:\/\/goias.gov.br\/saude\/wp-content\/uploads\/sites\/34\/2017\/10\/vigilancia-em-saude-leishmaniose-05.2016-a31.pdf\" target=\"_blank\" rel=\"noopener noreferrer\">Vigil\u00e2ncia em Sa\u00fade &#8211; Leishmaniose<\/a><\/p>\n<p><a href=\"https:\/\/goias.gov.br\/saude\/wp-content\/uploads\/sites\/34\/2017\/10\/vigilancia-em-saude-tuberculose-05.2016-bb6.pdf\" target=\"_blank\" rel=\"noopener noreferrer\">Vigil\u00e2ncia em Sa\u00fade &#8211; Tuberculose<\/a>[\/acordiao_item][acordiao_item title_section_acordiao=&#8221;Junho&#8221;]<a href=\"https:\/\/goias.gov.br\/saude\/wp-content\/uploads\/sites\/34\/2017\/10\/cies-06.2016-369.pdf\" target=\"_blank\" rel=\"noopener noreferrer\">CIES<\/a><\/p>\n<p><a href=\"https:\/\/goias.gov.br\/saude\/wp-content\/uploads\/sites\/34\/2017\/10\/controle-e-avaliacao-06.2016-5d5.pdf\" target=\"_blank\" rel=\"noopener noreferrer\">Controle e Avalia\u00e7\u00e3o <\/a><\/p>\n<p><a href=\"https:\/\/goias.gov.br\/saude\/wp-content\/uploads\/sites\/34\/2017\/10\/vigilancia-em-saude-dengue-06.2016-655.pdf\" target=\"_blank\" rel=\"noopener noreferrer\">Vigil\u00e2ncia em Sa\u00fade &#8211; Dengue<\/a><\/p>\n<p><a href=\"https:\/\/goias.gov.br\/saude\/wp-content\/uploads\/sites\/34\/2017\/10\/vigilancia-em-saude-investigacao-de-obito-06.2016-90c.pdf\" target=\"_blank\" rel=\"noopener noreferrer\">Vigil\u00e2ncia em Sa\u00fade &#8211; Investiga\u00e7\u00e3o de \u00d3bito<\/a>[\/acordiao_item][acordiao_item title_section_acordiao=&#8221;Julho&#8221;]<a href=\"https:\/\/goias.gov.br\/saude\/wp-content\/uploads\/sites\/34\/2017\/10\/cies-07.2016-d95.pdf\" target=\"_blank\" rel=\"noopener noreferrer\">CIES<\/a><\/p>\n<p><a href=\"https:\/\/goias.gov.br\/saude\/wp-content\/uploads\/sites\/34\/2017\/10\/controle-e-avaliacao-07.2016-b29.pdf\" target=\"_blank\" rel=\"noopener noreferrer\">Controle e Avalia\u00e7\u00e3o<\/a><\/p>\n<p><a href=\"https:\/\/goias.gov.br\/saude\/wp-content\/uploads\/sites\/34\/2017\/10\/vigilancia-em-saude-hanseniase-07.2016-727.pdf\" target=\"_blank\" rel=\"noopener noreferrer\">Vigil\u00e2ncia em Sa\u00fade &#8211; Hansen\u00edase <\/a><\/p>\n<p><a href=\"https:\/\/goias.gov.br\/saude\/wp-content\/uploads\/sites\/34\/2017\/10\/vigilancia-em-saude-leishmaniose-07.2016-a7e.pdf\" target=\"_blank\" rel=\"noopener noreferrer\">Vigil\u00e2ncia em Sa\u00fade &#8211; Leishmaniose<\/a><\/p>\n<p><a href=\"https:\/\/goias.gov.br\/saude\/wp-content\/uploads\/sites\/34\/2017\/10\/vigilancia-em-saude-tuberculose-07.2016-bf9.pdf\" target=\"_blank\" rel=\"noopener noreferrer\">Vigil\u00e2ncia em Sa\u00fade &#8211; Tuberculose <\/a>[\/acordiao_item][acordiao_item title_section_acordiao=&#8221;Agosto&#8221;]<a href=\"https:\/\/goias.gov.br\/saude\/wp-content\/uploads\/sites\/34\/2017\/10\/cies-08.2016-285.pdf\" target=\"_blank\" rel=\"noopener noreferrer\">CIES<\/a><\/p>\n<p><a href=\"https:\/\/goias.gov.br\/saude\/wp-content\/uploads\/sites\/34\/2017\/10\/vigilancia-em-saude-dengue-08.2016-7b9.pdf\" target=\"_blank\" rel=\"noopener noreferrer\">Vigil\u00e2ncia em Sa\u00fade &#8211; Dengue <\/a><\/p>\n<p><a href=\"https:\/\/goias.gov.br\/saude\/wp-content\/uploads\/sites\/34\/2017\/10\/vigilancia-em-saude-investigacao-de-obito-08.2016-8e0.pdf\" target=\"_blank\" rel=\"noopener noreferrer\">Vigil\u00e2ncia em Sa\u00fade &#8211; Investiga\u00e7\u00e3o de \u00d3bito<\/a>[\/acordiao_item][acordiao_item title_section_acordiao=&#8221;Setembro&#8221;]<a href=\"https:\/\/goias.gov.br\/saude\/wp-content\/uploads\/sites\/34\/2017\/10\/atencao-primaria-a-saude-programas-09.2016-926.pdf\" target=\"_blank\" rel=\"noopener noreferrer\">Aten\u00e7\u00e3o Prim\u00e1ria \u00e0 Sa\u00fade &#8211; Programas<\/a><\/p>\n<p><a href=\"https:\/\/goias.gov.br\/saude\/wp-content\/uploads\/sites\/34\/2017\/10\/atencao-primaria-a-saude-servicos-09.2016-5cc.pdf\" target=\"_blank\" rel=\"noopener noreferrer\">Aten\u00e7\u00e3o Prim\u00e1ria \u00e0 Sa\u00fade &#8211; Servi\u00e7os<\/a><\/p>\n<p><a href=\"https:\/\/goias.gov.br\/saude\/wp-content\/uploads\/sites\/34\/2017\/10\/cies-09.2016-c79.pdf\" target=\"_blank\" rel=\"noopener noreferrer\">CIES<\/a><\/p>\n<p><a href=\"https:\/\/goias.gov.br\/saude\/wp-content\/uploads\/sites\/34\/2017\/10\/vigilancia-em-saude-dengue-09.2016-945.pdf\" target=\"_blank\" rel=\"noopener noreferrer\">Vigil\u00e2ncia em Sa\u00fade &#8211; Dengue <\/a><\/p>\n<p><a href=\"https:\/\/goias.gov.br\/saude\/wp-content\/uploads\/sites\/34\/2017\/10\/vigilancia-em-saude-hanseniase-09.2016-6cb.pdf\" target=\"_blank\" rel=\"noopener noreferrer\">Vigil\u00e2ncia em Sa\u00fade &#8211; Hansen\u00edase <\/a><\/p>\n<p><a href=\"https:\/\/goias.gov.br\/saude\/wp-content\/uploads\/sites\/34\/2017\/10\/vigilancia-em-saude-investigacao-de-obito-09.2016-61c.pdf\" target=\"_blank\" rel=\"noopener noreferrer\">Vigil\u00e2ncia em Sa\u00fade &#8211; Investiga\u00e7\u00e3o de \u00d3bito <\/a><\/p>\n<p><a href=\"https:\/\/goias.gov.br\/saude\/wp-content\/uploads\/sites\/34\/2017\/10\/vigilancia-em-saude-leishmaniose-09.2016-b92.pdf\" target=\"_blank\" rel=\"noopener noreferrer\">Vigil\u00e2ncia em Sa\u00fade &#8211; Leishmaniose<\/a><\/p>\n<p><a href=\"https:\/\/goias.gov.br\/saude\/wp-content\/uploads\/sites\/34\/2017\/10\/vigilancia-em-saude-tuberculose-09.2016-a15.pdf\" target=\"_blank\" rel=\"noopener noreferrer\">Vigil\u00e2ncia em Sa\u00fade &#8211; Tuberculose <\/a>[\/acordiao_item][acordiao_item title_section_acordiao=&#8221;Outubro&#8221;]<a href=\"https:\/\/goias.gov.br\/saude\/wp-content\/uploads\/sites\/34\/2017\/10\/atencao-primaria-a-saude-programas-10.2016-aff.pdf\" target=\"_blank\" rel=\"noopener noreferrer\">Aten\u00e7\u00e3o Prim\u00e1ria \u00e0 Sa\u00fade &#8211; Programas<\/a><\/p>\n<p><a href=\"https:\/\/goias.gov.br\/saude\/wp-content\/uploads\/sites\/34\/2017\/10\/atencao-primaria-a-saude-servicos-10.2016-615.pdf\" target=\"_blank\" rel=\"noopener noreferrer\">Aten\u00e7\u00e3o Prim\u00e1ria \u00e0 Sa\u00fade &#8211; Servi\u00e7os<\/a><\/p>\n<p><a href=\"https:\/\/goias.gov.br\/saude\/wp-content\/uploads\/sites\/34\/2017\/10\/cies-10.2016-fa0.pdf\" target=\"_blank\" rel=\"noopener noreferrer\">CIES<\/a><\/p>\n<p><a href=\"https:\/\/goias.gov.br\/saude\/wp-content\/uploads\/sites\/34\/2017\/10\/planejamento-e-gestao-10.2016-172.pdf\" target=\"_blank\" rel=\"noopener noreferrer\">Planejamento e Gest\u00e3o<\/a><\/p>\n<p><a href=\"https:\/\/goias.gov.br\/saude\/wp-content\/uploads\/sites\/34\/2017\/10\/vigilancia-em-saude-dengue-10.2016-a9c.pdf\" target=\"_blank\" rel=\"noopener noreferrer\">Vigil\u00e2ncia em Sa\u00fade &#8211; Dengue <\/a><\/p>\n<p><a href=\"https:\/\/goias.gov.br\/saude\/wp-content\/uploads\/sites\/34\/2017\/10\/vigilancia-em-saude-investigacao-de-obito-10.2016-5c5.pdf\" target=\"_blank\" rel=\"noopener noreferrer\">Vigil\u00e2ncia em Sa\u00fade &#8211; Investiga\u00e7\u00e3o de \u00d3bito<\/a><\/p>\n<p><a href=\"https:\/\/goias.gov.br\/saude\/wp-content\/uploads\/sites\/34\/2017\/10\/vigilancia-em-saude-tuberculose-10.2016-9cc.pdf\" target=\"_blank\" rel=\"noopener noreferrer\">Vigil\u00e2ncia em Sa\u00fade &#8211; Tuberculose <\/a>[\/acordiao_item][acordiao_item title_section_acordiao=&#8221;Novembro&#8221;]<a href=\"https:\/\/goias.gov.br\/saude\/wp-content\/uploads\/sites\/34\/2017\/10\/assistencia-farmaceutica-11.2016-99e.pdf\" target=\"_blank\" rel=\"noopener noreferrer\">Assist\u00eancia Farmac\u00eautica <\/a><\/p>\n<p><a href=\"https:\/\/goias.gov.br\/saude\/wp-content\/uploads\/sites\/34\/2017\/10\/cies-11.2016-15c.pdf\" target=\"_blank\" rel=\"noopener noreferrer\">CIES <\/a><\/p>\n<p><a href=\"https:\/\/goias.gov.br\/saude\/wp-content\/uploads\/sites\/34\/2017\/10\/vigilancia-em-saude-dengue-11.2016-460.pdf\" target=\"_blank\" rel=\"noopener noreferrer\">Vigil\u00e2ncia em Sa\u00fade &#8211; Dengue <\/a><\/p>\n<p><a href=\"https:\/\/goias.gov.br\/saude\/wp-content\/uploads\/sites\/34\/2017\/10\/vigilancia-em-saude-hanseniase-11.2016-bee.pdf\" target=\"_blank\" rel=\"noopener noreferrer\">Vigil\u00e2ncia em Sa\u00fade &#8211; Hansen\u00edase <\/a><\/p>\n<p><a href=\"https:\/\/goias.gov.br\/saude\/wp-content\/uploads\/sites\/34\/2017\/10\/vigilancia-em-saude-investigacao-de-obito-11.2016-b39.pdf\" target=\"_blank\" rel=\"noopener noreferrer\">Vigil\u00e2ncia em Sa\u00fade &#8211; Investiga\u00e7\u00e3o de \u00d3bito<\/a><\/p>\n<p><a href=\"https:\/\/goias.gov.br\/saude\/wp-content\/uploads\/sites\/34\/2017\/10\/vigilancia-em-saude-leishmaniose-11.2016-6b7.pdf\" target=\"_blank\" rel=\"noopener noreferrer\">Vigil\u00e2ncia em Sa\u00fade &#8211; Leishmaniose <\/a><\/p>\n<p><a href=\"https:\/\/goias.gov.br\/saude\/wp-content\/uploads\/sites\/34\/2017\/10\/vigilancia-em-saude-tuberculose-11.2016-730.pdf\" target=\"_blank\" rel=\"noopener noreferrer\">Vigil\u00e2ncia em Sa\u00fade &#8211; Tuberculose <\/a>[\/acordiao_item][acordiao_item title_section_acordiao=&#8221;Dezembro&#8221;]<a href=\"https:\/\/goias.gov.br\/saude\/wp-content\/uploads\/sites\/34\/2017\/10\/cies-12.2016-fef.pdf\" target=\"_blank\" rel=\"noopener noreferrer\">CIES<\/a><\/p>\n<p><a href=\"https:\/\/goias.gov.br\/saude\/wp-content\/uploads\/sites\/34\/2017\/10\/vigilancia-em-saude-dengue-vd-12.2016-8de.pdf\" target=\"_blank\" rel=\"noopener noreferrer\">Vigil\u00e2ncia em Sa\u00fade &#8211; Dengue VD <\/a>[\/acordiao_item][\/acordiao]<\/p>\n","protected":false},"excerpt":{"rendered":"<p>[acordiao title_acordeao=&#8221;SALA DE SITUA\u00c7\u00c3O REGIONAL SUDOESTE 1&#8243;][acordiao_item title_section_acordiao=&#8221;Janeiro&#8221;]Aten\u00e7\u00e3o Prim\u00e1ria \u00e0 Sa\u00fade &#8211; Programas Aten\u00e7\u00e3o Prim\u00e1ria \u00e0 Sa\u00fade &#8211; Sa\u00fade Bucal Aten\u00e7\u00e3o Prim\u00e1ria \u00e0 Sa\u00fade &#8211; Servi\u00e7os Controle e Avalia\u00e7\u00e3o Vigil\u00e2ncia em Sa\u00fade &#8211; Dengue Vigil\u00e2ncia em Sa\u00fade &#8211; Dengue VD Vigil\u00e2ncia em Sa\u00fade &#8211; Hansen\u00edase Vigil\u00e2ncia em Sa\u00fade &#8211; Investiga\u00e7\u00e3o de \u00d3bito Vigil\u00e2ncia em Sa\u00fade [&hellip;]<\/p>\n","protected":false},"author":1,"featured_media":0,"comment_status":"closed","ping_status":"open","sticky":false,"template":"","format":"standard","meta":{"footnotes":"","_links_to":"","_links_to_target":""},"categories":[20],"tags":[],"class_list":["post-6926","post","type-post","status-publish","format-standard","hentry","category-page"],"rttpg_featured_image_url":null,"rttpg_author":{"display_name":"wagner.viana","author_link":"https:\/\/goias.gov.br\/escoladesaude\/author\/wagner-viana\/"},"rttpg_comment":0,"rttpg_category":"<a href=\"https:\/\/goias.gov.br\/escoladesaude\/categoria\/page\/\" rel=\"category tag\">Outras p\u00e1ginas<\/a>","rttpg_excerpt":"[acordiao title_acordeao=&#8221;SALA DE SITUA\u00c7\u00c3O REGIONAL SUDOESTE 1&#8243;][acordiao_item title_section_acordiao=&#8221;Janeiro&#8221;]Aten\u00e7\u00e3o Prim\u00e1ria \u00e0 Sa\u00fade &#8211; Programas Aten\u00e7\u00e3o Prim\u00e1ria \u00e0 Sa\u00fade &#8211; Sa\u00fade Bucal Aten\u00e7\u00e3o Prim\u00e1ria \u00e0 Sa\u00fade &#8211; Servi\u00e7os Controle e Avalia\u00e7\u00e3o Vigil\u00e2ncia em Sa\u00fade &#8211; Dengue Vigil\u00e2ncia em Sa\u00fade &#8211; Dengue VD Vigil\u00e2ncia em Sa\u00fade &#8211; Hansen\u00edase Vigil\u00e2ncia em Sa\u00fade &#8211; Investiga\u00e7\u00e3o de \u00d3bito Vigil\u00e2ncia em Sa\u00fade&hellip;","_links":{"self":[{"href":"https:\/\/goias.gov.br\/escoladesaude\/wp-json\/wp\/v2\/posts\/6926","targetHints":{"allow":["GET"]}}],"collection":[{"href":"https:\/\/goias.gov.br\/escoladesaude\/wp-json\/wp\/v2\/posts"}],"about":[{"href":"https:\/\/goias.gov.br\/escoladesaude\/wp-json\/wp\/v2\/types\/post"}],"author":[{"embeddable":true,"href":"https:\/\/goias.gov.br\/escoladesaude\/wp-json\/wp\/v2\/users\/1"}],"replies":[{"embeddable":true,"href":"https:\/\/goias.gov.br\/escoladesaude\/wp-json\/wp\/v2\/comments?post=6926"}],"version-history":[{"count":0,"href":"https:\/\/goias.gov.br\/escoladesaude\/wp-json\/wp\/v2\/posts\/6926\/revisions"}],"wp:attachment":[{"href":"https:\/\/goias.gov.br\/escoladesaude\/wp-json\/wp\/v2\/media?parent=6926"}],"wp:term":[{"taxonomy":"category","embeddable":true,"href":"https:\/\/goias.gov.br\/escoladesaude\/wp-json\/wp\/v2\/categories?post=6926"},{"taxonomy":"post_tag","embeddable":true,"href":"https:\/\/goias.gov.br\/escoladesaude\/wp-json\/wp\/v2\/tags?post=6926"}],"curies":[{"name":"wp","href":"https:\/\/api.w.org\/{rel}","templated":true}]}}