
{"id":6189,"date":"2019-05-20T07:15:24","date_gmt":"2019-05-20T10:15:24","guid":{"rendered":"https:\/\/siteshom.goias.gov.br\/saude\/clipping-18052019\/"},"modified":"2019-05-20T07:15:24","modified_gmt":"2019-05-20T10:15:24","slug":"clipping-18052019","status":"publish","type":"post","link":"https:\/\/goias.gov.br\/escoladesaude\/clipping-18052019\/","title":{"rendered":"Clipping 18\/05\/2019"},"content":{"rendered":"<p>[default_list]<\/p>\n<ul>\n<li><a href=\"https:\/\/aredacao.com.br\/vida-e-saude\/119349\/hipertensao-atinge-24-7-dos-moradores-de-capitais-brasileiras\" target=\"_blank\" rel=\"noopener noreferrer\"><strong>A Reda\u00e7\u00e3o<\/strong> &#8211;\u00a0Hipertens\u00e3o atinge 24,7% dos moradores de capitais brasileiras<\/a><\/li>\n<li><a href=\"https:\/\/revistagalileu.globo.com\/Ciencia\/noticia\/2019\/05\/manicomios-judiciarios-como-funcionam-e-quais-sao-os-problemas.html\" target=\"_blank\" rel=\"noopener noreferrer\"><strong>Revista Galileu<\/strong> &#8211;\u00a0Manic\u00f4mios judici\u00e1rios: como funcionam e quais s\u00e3o os problemas?<\/a><\/li>\n<li><a href=\"https:\/\/ohoje.com\/noticia\/cidades\/n\/164880\/t\/fiocruz-oferece-curso-gratuito-online-na-area-de-farmacia\" target=\"_blank\" rel=\"noopener noreferrer\"><strong>O Hoje<\/strong> &#8211; Fiocruz oferece curso gratuito online na \u00e1rea de Farm\u00e1cia<\/a><\/li>\n<li><a href=\"https:\/\/ohoje.com\/noticia\/cidades\/n\/164876\/t\/distribuicao-de-remedios-no-pais-esta-normalizada-afirma-ministerio\" target=\"_blank\" rel=\"noopener noreferrer\"><strong>O Hoje<\/strong> &#8211; Distribui\u00e7\u00e3o de rem\u00e9dios no pa\u00eds est\u00e1 normalizada, afirma minist\u00e9rio<\/a><\/li>\n<li><a href=\"https:\/\/www.emaisgoias.com.br\/ato-em-solidariedade-as-vitimas-do-medium-joao-de-deus-e-realizado-em-abadiania\/\" target=\"_blank\" rel=\"noopener noreferrer\"><strong>Mais Goi\u00e1s<\/strong> &#8211; Ato em solidariedade \u00e0s v\u00edtimas do m\u00e9dium Jo\u00e3o de Deus \u00e9 realizado em Abadi\u00e2nia<\/a><\/li>\n<li><a href=\"https:\/\/www.opopular.com.br\/noticias\/cidades\/em-solidariedade-%C3%A0s-v%C3%ADtimas-de-jo%C3%A3o-de-deus-pombos-s%C3%A3o-soltos-com-pedido-de-paz-em-abadi%C3%A2nia-1.1801126\" target=\"_blank\" rel=\"noopener noreferrer\"><strong>O Popular<\/strong> &#8211; Em solidariedade \u00e0s v\u00edtimas de Jo\u00e3o de Deus, pombos s\u00e3o soltos com pedido de paz em Abadi\u00e2nia<\/a><\/li>\n<\/ul>\n<p>[\/default_list]<\/p>\n","protected":false},"excerpt":{"rendered":"<p>[default_list] A Reda\u00e7\u00e3o &#8211;\u00a0Hipertens\u00e3o atinge 24,7% dos moradores de capitais brasileiras Revista Galileu &#8211;\u00a0Manic\u00f4mios judici\u00e1rios: como funcionam e quais s\u00e3o os problemas? O Hoje &#8211; Fiocruz oferece curso gratuito online na \u00e1rea de Farm\u00e1cia O Hoje &#8211; Distribui\u00e7\u00e3o de rem\u00e9dios no pa\u00eds est\u00e1 normalizada, afirma minist\u00e9rio Mais Goi\u00e1s &#8211; Ato em solidariedade \u00e0s v\u00edtimas do [&hellip;]<\/p>\n","protected":false},"author":1,"featured_media":0,"comment_status":"closed","ping_status":"open","sticky":false,"template":"","format":"standard","meta":{"footnotes":"","_links_to":"","_links_to_target":""},"categories":[20],"tags":[],"class_list":["post-6189","post","type-post","status-publish","format-standard","hentry","category-page"],"rttpg_featured_image_url":null,"rttpg_author":{"display_name":"wagner.viana","author_link":"https:\/\/goias.gov.br\/escoladesaude\/author\/wagner-viana\/"},"rttpg_comment":0,"rttpg_category":"<a href=\"https:\/\/goias.gov.br\/escoladesaude\/categoria\/page\/\" rel=\"category tag\">Outras p\u00e1ginas<\/a>","rttpg_excerpt":"[default_list] A Reda\u00e7\u00e3o &#8211;\u00a0Hipertens\u00e3o atinge 24,7% dos moradores de capitais brasileiras Revista Galileu &#8211;\u00a0Manic\u00f4mios judici\u00e1rios: como funcionam e quais s\u00e3o os problemas? O Hoje &#8211; Fiocruz oferece curso gratuito online na \u00e1rea de Farm\u00e1cia O Hoje &#8211; Distribui\u00e7\u00e3o de rem\u00e9dios no pa\u00eds est\u00e1 normalizada, afirma minist\u00e9rio Mais Goi\u00e1s &#8211; Ato em solidariedade \u00e0s v\u00edtimas do&hellip;","_links":{"self":[{"href":"https:\/\/goias.gov.br\/escoladesaude\/wp-json\/wp\/v2\/posts\/6189","targetHints":{"allow":["GET"]}}],"collection":[{"href":"https:\/\/goias.gov.br\/escoladesaude\/wp-json\/wp\/v2\/posts"}],"about":[{"href":"https:\/\/goias.gov.br\/escoladesaude\/wp-json\/wp\/v2\/types\/post"}],"author":[{"embeddable":true,"href":"https:\/\/goias.gov.br\/escoladesaude\/wp-json\/wp\/v2\/users\/1"}],"replies":[{"embeddable":true,"href":"https:\/\/goias.gov.br\/escoladesaude\/wp-json\/wp\/v2\/comments?post=6189"}],"version-history":[{"count":0,"href":"https:\/\/goias.gov.br\/escoladesaude\/wp-json\/wp\/v2\/posts\/6189\/revisions"}],"wp:attachment":[{"href":"https:\/\/goias.gov.br\/escoladesaude\/wp-json\/wp\/v2\/media?parent=6189"}],"wp:term":[{"taxonomy":"category","embeddable":true,"href":"https:\/\/goias.gov.br\/escoladesaude\/wp-json\/wp\/v2\/categories?post=6189"},{"taxonomy":"post_tag","embeddable":true,"href":"https:\/\/goias.gov.br\/escoladesaude\/wp-json\/wp\/v2\/tags?post=6189"}],"curies":[{"name":"wp","href":"https:\/\/api.w.org\/{rel}","templated":true}]}}