
{"id":6185,"date":"2019-05-23T05:13:01","date_gmt":"2019-05-23T08:13:01","guid":{"rendered":"https:\/\/siteshom.goias.gov.br\/saude\/clipping-23052019\/"},"modified":"2019-05-23T05:13:01","modified_gmt":"2019-05-23T08:13:01","slug":"clipping-23052019","status":"publish","type":"post","link":"https:\/\/goias.gov.br\/escoladesaude\/clipping-23052019\/","title":{"rendered":"Clipping 23\/05\/2019"},"content":{"rendered":"<p>[default_list]<\/p>\n<ul>\n<li><strong>O Popular<\/strong> &#8211; <a href=\"https:\/\/www.opopular.com.br\/noticias\/opiniao\/editorial-1.145048\/desafios-da-sa%C3%BAde-p%C3%BAblica-1.1804110\" target=\"_blank\" rel=\"noopener noreferrer\">Desafios da sa\u00fade p\u00fablica<\/a><\/p>\n<p><a href=\"\/saude\/wp-content\/uploads\/sites\/34\/images\/imagens_migradas\/2019\/05\/screenshot_23.png\" target=\"_blank\" rel=\"noopener noreferrer\">Clique aqui<\/a> para ver a imagem<\/li>\n<\/p>\n<li><strong>O Popular<\/strong> &#8211; <a href=\"https:\/\/www.opopular.com.br\" target=\"_blank\" rel=\"noopener noreferrer\">STF restringe fornecimento de rem\u00e9dios de alto custo<\/a><\/p>\n<p><a href=\"\/saude\/wp-content\/uploads\/sites\/34\/images\/imagens_migradas\/2019\/05\/screenshot_22.png\" target=\"_blank\" rel=\"noopener noreferrer\">Clique aqui<\/a> para ver a imagem<\/li>\n<\/p>\n<li><strong>Jornal Op\u00e7\u00e3o<\/strong> &#8211; <a href=\"https:\/\/www.jornalopcao.com.br\/ultimas-noticias\/114-servidores-do-crer-ja-aderiram-ao-plano-de-demissao-voluntaria-185881\/\" target=\"_blank\" rel=\"noopener noreferrer\">114 servidores do Crer j\u00e1 aderiram ao Plano de Demiss\u00e3o Volunt\u00e1ria<\/a><\/li>\n<li><strong>A Reda\u00e7\u00e3o<\/strong> &#8211; <a href=\"https:\/\/aredacao.com.br\/noticias\/119533\/goiania-tera-postos-de-vacinacao-contra-a-gripe-durante-feriado\" target=\"_blank\" rel=\"noopener noreferrer\">Goi\u00e2nia ter\u00e1 postos de vacina\u00e7\u00e3o contra a gripe durante feriado<\/a><\/li>\n<li><strong>A Reda\u00e7\u00e3o<\/strong> &#8211; <a href=\"https:\/\/aredacao.com.br\/noticias\/119540\/governo-muda-estrutura-de-combate-a-aids\" target=\"_blank\" rel=\"noopener noreferrer\">Governo uda estrutura de combate a Aids<\/a><\/li>\n<li><strong>Mais Goi\u00e1s<\/strong> &#8211; <a href=\"https:\/\/www.emaisgoias.com.br\/stf-forma-maioria-por-restringir-provisao-de-remedio-de-alto-custo-sem-registro\/\" target=\"_blank\" rel=\"noopener noreferrer\">STF forma maioria por restringir provis\u00e3o de rem\u00e9dio de alto custo sem registro<\/a><\/li>\n<li><strong>Mais Goi\u00e1s<\/strong> &#8211; <a href=\"https:\/\/www.emaisgoias.com.br\/duvidas-sobre-vacinas-se-espalham-diz-executivo\/\" target=\"_blank\" rel=\"noopener noreferrer\">D\u00favidas sobre vacinas se espalham diz executivo<\/a><\/li>\n<li><strong>Goi\u00e1s Agora<\/strong> &#8211; <a href=\"https:\/\/www.goias.gov.br\/noticias\/35-sa%C3%BAde\/65317-profissionais-destacam-import%C3%A2ncia-da-profiss%C3%A3o-durante-4%C2%AA-semana-de-enfermagem-do-hugol.html\" target=\"_blank\" rel=\"noopener noreferrer\">Profissionais destacam a import\u00e2ncia da profiss\u00e3o durante 4\u00aa semana de enfermagem do Hugol<\/a><\/li>\n<li><strong>Minist\u00e9rio P\u00fablico<\/strong> &#8211; <a href=\"https:\/\/www.mpgo.mp.br\/portal\/noticia\/evento-sobre-saude-mental-no-mp-go-aborda-riscos-de-retrocesso-em-normativas-referente-ao-tema#.XOZ-bPlKiUk\" target=\"_blank\" rel=\"noopener noreferrer\">Evento sobre sa\u00fade mental no MP-GO aborda riscos de retrocesso em normativas referente ao tema<\/a><\/li>\n<li><strong>Minist\u00e9rio P\u00fablico<\/strong> &#8211; <a href=\"https:\/\/www.mpgo.mp.br\/portal\/noticia\/abordagens-sobre-instituicoes-de-internacao-abrem-o-evento-saude-mental-na-contemporaneidade-no-mp#.XOZ-tvlKiUk\" target=\"_blank\" rel=\"noopener noreferrer\">Abordagens sobre institui\u00e7\u00f5es de interna\u00e7\u00e3o abrem o evento \u201cSa\u00fade Mental na Contemporaneidade\u201d no MP<\/a><\/li>\n<li><strong>Portal Sagres<\/strong> &#8211; <a href=\"https:\/\/sagresonline.com.br\/noticias\/saude-e-ciencias\/92617-stf-abre-excecoes-para-fornecimento-pelo-sus-de-remedio-sem-registrovvvv\" target=\"_blank\" rel=\"noopener noreferrer\">STF abre exce\u00e7\u00f5es para fornecimento pelo SUS de rem\u00e9dio sem registro<\/a><\/li>\n<\/ul>\n<p>[\/default_list]<\/p>\n","protected":false},"excerpt":{"rendered":"<p>[default_list] O Popular &#8211; Desafios da sa\u00fade p\u00fablica Clique aqui para ver a imagem O Popular &#8211; STF restringe fornecimento de rem\u00e9dios de alto custo Clique aqui para ver a imagem Jornal Op\u00e7\u00e3o &#8211; 114 servidores do Crer j\u00e1 aderiram ao Plano de Demiss\u00e3o Volunt\u00e1ria A Reda\u00e7\u00e3o &#8211; Goi\u00e2nia ter\u00e1 postos de vacina\u00e7\u00e3o contra a [&hellip;]<\/p>\n","protected":false},"author":1,"featured_media":0,"comment_status":"closed","ping_status":"open","sticky":false,"template":"","format":"standard","meta":{"footnotes":"","_links_to":"","_links_to_target":""},"categories":[20],"tags":[],"class_list":["post-6185","post","type-post","status-publish","format-standard","hentry","category-page"],"rttpg_featured_image_url":null,"rttpg_author":{"display_name":"wagner.viana","author_link":"https:\/\/goias.gov.br\/escoladesaude\/author\/wagner-viana\/"},"rttpg_comment":0,"rttpg_category":"<a href=\"https:\/\/goias.gov.br\/escoladesaude\/categoria\/page\/\" rel=\"category tag\">Outras p\u00e1ginas<\/a>","rttpg_excerpt":"[default_list] O Popular &#8211; Desafios da sa\u00fade p\u00fablica Clique aqui para ver a imagem O Popular &#8211; STF restringe fornecimento de rem\u00e9dios de alto custo Clique aqui para ver a imagem Jornal Op\u00e7\u00e3o &#8211; 114 servidores do Crer j\u00e1 aderiram ao Plano de Demiss\u00e3o Volunt\u00e1ria A Reda\u00e7\u00e3o &#8211; Goi\u00e2nia ter\u00e1 postos de vacina\u00e7\u00e3o contra a&hellip;","_links":{"self":[{"href":"https:\/\/goias.gov.br\/escoladesaude\/wp-json\/wp\/v2\/posts\/6185","targetHints":{"allow":["GET"]}}],"collection":[{"href":"https:\/\/goias.gov.br\/escoladesaude\/wp-json\/wp\/v2\/posts"}],"about":[{"href":"https:\/\/goias.gov.br\/escoladesaude\/wp-json\/wp\/v2\/types\/post"}],"author":[{"embeddable":true,"href":"https:\/\/goias.gov.br\/escoladesaude\/wp-json\/wp\/v2\/users\/1"}],"replies":[{"embeddable":true,"href":"https:\/\/goias.gov.br\/escoladesaude\/wp-json\/wp\/v2\/comments?post=6185"}],"version-history":[{"count":0,"href":"https:\/\/goias.gov.br\/escoladesaude\/wp-json\/wp\/v2\/posts\/6185\/revisions"}],"wp:attachment":[{"href":"https:\/\/goias.gov.br\/escoladesaude\/wp-json\/wp\/v2\/media?parent=6185"}],"wp:term":[{"taxonomy":"category","embeddable":true,"href":"https:\/\/goias.gov.br\/escoladesaude\/wp-json\/wp\/v2\/categories?post=6185"},{"taxonomy":"post_tag","embeddable":true,"href":"https:\/\/goias.gov.br\/escoladesaude\/wp-json\/wp\/v2\/tags?post=6185"}],"curies":[{"name":"wp","href":"https:\/\/api.w.org\/{rel}","templated":true}]}}