
{"id":6183,"date":"2019-05-26T19:30:49","date_gmt":"2019-05-26T22:30:49","guid":{"rendered":"https:\/\/siteshom.goias.gov.br\/saude\/clipping-26052019\/"},"modified":"2019-05-26T19:30:49","modified_gmt":"2019-05-26T22:30:49","slug":"clipping-26052019","status":"publish","type":"post","link":"https:\/\/goias.gov.br\/escoladesaude\/clipping-26052019\/","title":{"rendered":"Clipping 26\/05\/2019"},"content":{"rendered":"<p>[default_list]<\/p>\n<ul>\n<li><strong>O Popular\u00a0<\/strong> &#8211; <a href=\"https:\/\/www.opopular.com.br\/noticias\/cidades\/trabalhadores-rurais-t%C3%AAm-dna-atingido-por-efeitos-de-agrot%C3%B3xicos-1.1806189\" target=\"_blank\" rel=\"noopener noreferrer\">Trabalhadores rurais t\u00eam DNA atingido por efeitos de agrot\u00f3xicos<\/a><\/p>\n<p><strong><a href=\"\/saude\/wp-content\/uploads\/sites\/34\/images\/imagens_migradas\/2019\/05\/pop.png\" target=\"_blank\" rel=\"noopener noreferrer\">Clique aqui<\/a> <\/strong>para ver a imagem<\/li>\n<\/p>\n<li><strong>G1<\/strong>\u00a0<strong>Goi\u00e1s\u00a0<\/strong>&#8211;\u00a0<a href=\"https:\/\/g1.globo.com\/go\/goias\/noticia\/2019\/05\/25\/filha-de-idosa-que-morreu-apos-ser-atendida-por-estudante-disse-que-acreditou-que-ele-era-medico-ela-acordou-gritando.ghtml\" target=\"_blank\" rel=\"noopener noreferrer\">Filha de idosa que morreu ap\u00f3s ser atendida por estudante disse que acreditou que ele era m\u00e9dico<\/a><\/li>\n<li><strong><strong>Jornal Op\u00e7\u00e3o &#8211;\u00a0<\/strong><\/strong><a href=\"https:\/\/www.jornalopcao.com.br\/ultimas-noticias\/rn-que-trata-sobre-portabilidade-de-carencias-de-planos-de-saude-vigora-em-junho-186403\/\" target=\"_blank\" rel=\"noopener noreferrer\">RN que trata sobre portabilidade de car\u00eancias de planos de sa\u00fade vigora em junho<\/a><\/li>\n<li><strong>Jornal Op\u00e7\u00e3o<\/strong> &#8211; <a href=\"https:\/\/www.jornalopcao.com.br\/reportagens\/educacao-e-saude-representam-60-de-contas-reprovadas-pelo-tcm-186063\/\" target=\"_blank\" rel=\"noopener noreferrer\">Educa\u00e7\u00e3o e Sa\u00fade representam 60% de contas reprovadas pelo TCM<\/a><\/li>\n<li><b><b>Dia On Line &#8211;\u00a0<\/b><\/b><a href=\"https:\/\/diaonline.r7.com\/2019\/05\/25\/proximo-ao-fim-da-campanha-saude-de-goias-alerta-para-vacinacao-contra-gripe\/\" target=\"_blank\" rel=\"noopener noreferrer\">Pr\u00f3ximo ao fim da campanha, Sa\u00fade de Goi\u00e1s alerta para vacina\u00e7\u00e3o\u00a0contra gripe<\/a><\/li>\n<li><strong>A Reda\u00e7\u00e3o<\/strong> &#8211; <a href=\"https:\/\/aredacao.com.br\/vida-e-saude\/119671\/campanha-de-vacinacao-contra-influenza-segue-ate-31-de-maio-em-goias\" target=\"_blank\" rel=\"noopener noreferrer\">Campanha de vacina\u00e7\u00e3o contra Influenza segue at\u00e9 31 de maio em Goi\u00e1s<\/a><\/li>\n<li><strong><strong>Mais Goi\u00e1s &#8211;\u00a0<\/strong><\/strong><a href=\"https:\/\/www.emaisgoias.com.br\/ufg-cria-tecnica-que-identifica-uso-de-agrotoxicos-em-frutas\/\" target=\"_blank\" rel=\"noopener noreferrer\">UFG cria t\u00e9cnica que identifica uso de agrot\u00f3xicos em frutas<\/a><\/li>\n<li><strong>Gazeta do Estado<\/strong> &#8211; <a href=\"https:\/\/gazetadoestado.com.br\/artigo\/doenca-silenciosa-que-leva-a-cegueira-glaucoma-deve-afetar-80-milhoes-ate-2020\" target=\"_blank\" rel=\"noopener noreferrer\">Doen\u00e7a silenciosa que leva \u00e0 cegueira, glaucoma deve afetar 80 milh\u00f5es at\u00e9 2020<\/a><\/li>\n<li><strong>Gazeta do Estado<\/strong> &#8211; <a href=\"https:\/\/gazetadoestado.s3-eu-west-1.amazonaws.com\/uploads\/arquivos\/2019\/05\/3898-2006.pdf\" target=\"_blank\" rel=\"noopener noreferrer\">Vacina\u00e7\u00e3o contra Influenza tem cobertura de 74% em Goi\u00e1s<\/a><\/li>\n<li><strong>Di\u00e1rio de Goi\u00e1s<\/strong> &#8211;\u00a0<a href=\"https:\/\/diariodegoias.com.br\/cidades\/119522-odontoapneia-e-uma-das-opcoes-para-o-tratamento-do-ronco-diz-medico\" target=\"_blank\" rel=\"noopener noreferrer\">OdontoApneia \u00e9 uma das op\u00e7\u00f5es para o tratamento do ronco, diz m\u00e9dico<\/a><\/li>\n<li><strong>Di\u00e1rio de Goi\u00e1s<\/strong> &#8211;\u00a0<a href=\"https:\/\/diariodegoias.com.br\/brasil\/119525-ufg-desenvolve-tecnica-que-identifica-uso-de-agrotoxicos-em-frutas\" target=\"_blank\" rel=\"noopener noreferrer\">UFG desenvolve t\u00e9cnica que identifica uso de agrot\u00f3xicos em frutas<\/a><\/li>\n<li><strong>Sagres 730<\/strong> &#8211;\u00a0<a href=\"https:\/\/sagresonline.com.br\/noticias\/saude-e-ciencias\/92714-doenca-que-afeta-visao-periferica-ja-atinge-1-milhao-de-brasileiros\" target=\"_blank\" rel=\"noopener noreferrer\">Doen\u00e7a que afeta vis\u00e3o perif\u00e9rica j\u00e1 atinge 1 milh\u00e3o de brasileiros<\/a><\/li>\n<li><strong>Sagres 730 &#8211;\u00a0<\/strong><a href=\"https:\/\/sagresonline.com.br\/noticias\/saude-e-ciencias\/92716-ufg-cria-tecnica-que-identifica-uso-de-agrotoxicos-em-frutas\" target=\"_blank\" rel=\"noopener noreferrer\">UFG cria t\u00e9cnica que identifica uso de agrot\u00f3xicos em frutas<\/a><\/li>\n<li><strong>CBN Goi\u00e2nia<\/strong> &#8211; <a href=\"https:\/\/www.cbngoiania.com.br\/programas\/cbn-goiania\/cbn-goi%C3%A2nia-1.213644\/dire%C3%A7%C3%A3o-afirma-que-demanda-do-interior-do-estado-colabora-com-superlota%C3%A7%C3%A3o-1.1806045\" target=\"_blank\" rel=\"noopener noreferrer\"><em>Maternidade Dona Iris<\/em> &#8211; Dire\u00e7\u00e3o afirma que demanda do interior do estado colabora com superlota\u00e7\u00e3o\u00a0<\/a><\/li>\n<li><strong>Bras\u00edlia in foco<\/strong> &#8211; <a href=\"https:\/\/brasiliainfoconews.com.br\/a-vacinacao-e-a-mais-eficaz-maneira-de-evitar-a-influenza\/\" target=\"_blank\" rel=\"noopener noreferrer\">A vacina\u00e7\u00e3o \u00e9 a mais eficaz maneira de evitar a influenza<\/a><\/li>\n<\/ul>\n<p>[\/default_list]<\/p>\n","protected":false},"excerpt":{"rendered":"<p>[default_list] O Popular\u00a0 &#8211; Trabalhadores rurais t\u00eam DNA atingido por efeitos de agrot\u00f3xicos Clique aqui para ver a imagem G1\u00a0Goi\u00e1s\u00a0&#8211;\u00a0Filha de idosa que morreu ap\u00f3s ser atendida por estudante disse que acreditou que ele era m\u00e9dico Jornal Op\u00e7\u00e3o &#8211;\u00a0RN que trata sobre portabilidade de car\u00eancias de planos de sa\u00fade vigora em junho Jornal Op\u00e7\u00e3o &#8211; [&hellip;]<\/p>\n","protected":false},"author":1,"featured_media":0,"comment_status":"closed","ping_status":"open","sticky":false,"template":"","format":"standard","meta":{"footnotes":"","_links_to":"","_links_to_target":""},"categories":[20],"tags":[],"class_list":["post-6183","post","type-post","status-publish","format-standard","hentry","category-page"],"rttpg_featured_image_url":null,"rttpg_author":{"display_name":"wagner.viana","author_link":"https:\/\/goias.gov.br\/escoladesaude\/author\/wagner-viana\/"},"rttpg_comment":0,"rttpg_category":"<a href=\"https:\/\/goias.gov.br\/escoladesaude\/categoria\/page\/\" rel=\"category tag\">Outras p\u00e1ginas<\/a>","rttpg_excerpt":"[default_list] O Popular\u00a0 &#8211; Trabalhadores rurais t\u00eam DNA atingido por efeitos de agrot\u00f3xicos Clique aqui para ver a imagem G1\u00a0Goi\u00e1s\u00a0&#8211;\u00a0Filha de idosa que morreu ap\u00f3s ser atendida por estudante disse que acreditou que ele era m\u00e9dico Jornal Op\u00e7\u00e3o &#8211;\u00a0RN que trata sobre portabilidade de car\u00eancias de planos de sa\u00fade vigora em junho Jornal Op\u00e7\u00e3o &#8211;&hellip;","_links":{"self":[{"href":"https:\/\/goias.gov.br\/escoladesaude\/wp-json\/wp\/v2\/posts\/6183","targetHints":{"allow":["GET"]}}],"collection":[{"href":"https:\/\/goias.gov.br\/escoladesaude\/wp-json\/wp\/v2\/posts"}],"about":[{"href":"https:\/\/goias.gov.br\/escoladesaude\/wp-json\/wp\/v2\/types\/post"}],"author":[{"embeddable":true,"href":"https:\/\/goias.gov.br\/escoladesaude\/wp-json\/wp\/v2\/users\/1"}],"replies":[{"embeddable":true,"href":"https:\/\/goias.gov.br\/escoladesaude\/wp-json\/wp\/v2\/comments?post=6183"}],"version-history":[{"count":0,"href":"https:\/\/goias.gov.br\/escoladesaude\/wp-json\/wp\/v2\/posts\/6183\/revisions"}],"wp:attachment":[{"href":"https:\/\/goias.gov.br\/escoladesaude\/wp-json\/wp\/v2\/media?parent=6183"}],"wp:term":[{"taxonomy":"category","embeddable":true,"href":"https:\/\/goias.gov.br\/escoladesaude\/wp-json\/wp\/v2\/categories?post=6183"},{"taxonomy":"post_tag","embeddable":true,"href":"https:\/\/goias.gov.br\/escoladesaude\/wp-json\/wp\/v2\/tags?post=6183"}],"curies":[{"name":"wp","href":"https:\/\/api.w.org\/{rel}","templated":true}]}}