
{"id":6181,"date":"2019-05-27T04:44:24","date_gmt":"2019-05-27T07:44:24","guid":{"rendered":"https:\/\/siteshom.goias.gov.br\/saude\/clipping-27052019\/"},"modified":"2019-05-27T04:44:24","modified_gmt":"2019-05-27T07:44:24","slug":"clipping-27052019","status":"publish","type":"post","link":"https:\/\/goias.gov.br\/escoladesaude\/clipping-27052019\/","title":{"rendered":"Clipping 27\/05\/2019"},"content":{"rendered":"<p>[default_list]<\/p>\n<ul>\n<li><strong>O Popular\u00a0<\/strong> &#8211;\u00a0<a href=\"https:\/\/www.opopular.com.br\/noticias\/opiniao\/cartas-dos-leitores-1.145041\/confira-a-opini%C3%A3o-dos-nossos-leitores-1.1806612\"><strong><b>Sa\u00fade regionalizada<\/b><\/strong><\/a><\/p>\n<p><a href=\"\/saude\/wp-content\/uploads\/sites\/34\/images\/imagens_migradas\/2019\/05\/pop1-3.png\"><strong>Clique aqui <\/strong><\/a>para ver a imagem<\/li>\n<\/p>\n<li><strong>Di\u00e1rio da Manh\u00e3<\/strong> &#8211;\u00a0<a href=\"https:\/\/impresso.dm.com.br\/edicao\/20190527\/pagina\/4\">Leite materno dos primeiros sete dias ajuda a determinar microrganismo dos beb\u00eas<\/p>\n<p><\/a><strong><a href=\"\/saude\/wp-content\/uploads\/sites\/34\/images\/imagens_migradas\/2019\/05\/dm-2.png\">Clique aqui<\/a><\/strong> para ver a imagem<\/li>\n<\/p>\n<li><b>O Hoje &#8211; <\/b><a href=\"https:\/\/flip.ohoje.com\/public\/impresso\/4580\/arquivos\/#_4580\/page\/8-9\">Estudo permite atestar uso de agroqu\u00edmicos<\/a><b><\/p>\n<p><a href=\"\/saude\/wp-content\/uploads\/sites\/34\/images\/imagens_migradas\/2019\/05\/o-hoje2.png\">Clique aqui <\/a><\/b>para ver a imagem<\/li>\n<\/p>\n<li><strong>O Hoje<\/strong> &#8211; <a href=\"https:\/\/flip.ohoje.com\/public\/impresso\/4580\/arquivos\/#_4580\/page\/8-9\">Hipertens\u00e3o atinge 24,7% dos moradores de capitais brasileiras<\/a><\/p>\n<p><a href=\"\/saude\/wp-content\/uploads\/sites\/34\/images\/imagens_migradas\/2019\/05\/hoje1-4.png\"><strong>Clique aqui<\/strong><\/a> para ver a imagem<\/li>\n<\/p>\n<li><strong>Di\u00e1rio de Aparecida<\/strong> &#8211;\u00a0<a href=\"https:\/\/view.publitas.com\/jornal-online\/jornal-diario-de-aparecida-2181\/page\/2-3\">26 de maio \u00a0&#8211; Dia Nacional de Combate ao Glaucoma<\/p>\n<p><\/a><a href=\"\/saude\/wp-content\/uploads\/sites\/34\/images\/imagens_migradas\/2019\/05\/da1.png\"><strong>Clique aqui<\/strong>\u00a0<\/a> para ver a imagem<\/li>\n<\/p>\n<li><strong>Di\u00e1rio de Aparecida<\/strong> &#8211;<a href=\"https:\/\/view.publitas.com\/jornal-online\/jornal-diario-de-aparecida-2181\/page\/4-5\"> Veja como evitar as doen\u00e7as respirat\u00f3rias nos pets<\/a><\/p>\n<p><strong><a href=\"https:\/\/view.publitas.com\/jornal-online\/jornal-diario-de-aparecida-2181\/page\/4-5\">Clique aqui<\/a><\/strong> para ver a imagem<\/li>\n<\/p>\n<li><strong>Alego<\/strong> &#8211;\u00a0<a href=\"https:\/\/portal.al.go.leg.br\/noticias\/ver\/id\/168240\/tipo\/gabinete\">Deputado Wagner Neto quer criar Programa de Incentivo \u00e0 Pr\u00e1tica de Atividades F\u00edsicas<\/a><\/p>\n<p><strong><a href=\"\/saude\/wp-content\/uploads\/sites\/34\/images\/imagens_migradas\/2019\/05\/alego1-2.png\">Clique aqui<\/a><\/strong><\/li>\n<\/p>\n<li><strong>Minist\u00e9rio P\u00fablico &#8211;<\/strong>\u00a0<a href=\"https:\/\/www.mpgo.mp.br\/portal\/noticia\/proposta-criacao-de-fluxo-de-encaminhamento-a-grupos-reflexivos-para-autores-de-violencia-domestica#.XOu8-vlKiUk\">Proposta cria\u00e7\u00e3o de fluxo de encaminhamento a Grupos Reflexivos para Autores de Viol\u00eancia Dom\u00e9stica<\/a><\/li>\n<li><strong>Jornal Op\u00e7\u00e3o<\/strong> &#8211; <a href=\"https:\/\/www.jornalopcao.com.br\/reportagens\/educacao-e-saude-representam-60-de-contas-reprovadas-pelo-tcm-186063\/\">Educa\u00e7\u00e3o e Sa\u00fade representam 60% de contas reprovadas pelo TCM<\/a><\/li>\n<li><strong>A Reda\u00e7\u00e3o<\/strong> &#8211;\u00a0<a href=\"https:\/\/aredacao.com.br\/vida-e-saude\/119671\/campanha-de-vacinacao-contra-influenza-segue-ate-31-de-maio-em-goias\">Campanha de vacina\u00e7\u00e3o contra Influenza segue at\u00e9 31 de maio em Goi\u00e1s<\/a><\/li>\n<li><strong>A Reda\u00e7\u00e3o<\/strong> &#8211;\u00a0<a href=\"https:\/\/aredacao.com.br\/noticias\/119686\/violencia-obstetrica-e-tema-do-15-nao-vai-ter-psiu-em-goiania\">Viol\u00eancia obst\u00e9trica \u00e9 tema do 15\u00ba &#8216;N\u00e3o Vai Ter Psiu&#8217; em Goi\u00e2nia<\/a><\/li>\n<li><strong>G1 Goi\u00e1s &#8211;\u00a0<\/strong><a href=\"https:\/\/g1.globo.com\/go\/goias\/noticia\/2019\/05\/25\/filha-de-idosa-que-morreu-apos-ser-atendida-por-estudante-disse-que-acreditou-que-ele-era-medico-ela-acordou-gritando.ghtml\">Filha de idosa que morreu ap\u00f3s ser atendida por estudante disse que acreditou que ele era m\u00e9dico<\/a><\/li>\n<li><strong>Di\u00e1rio de Goi\u00e1s &#8211;<\/strong>\u00a0<a href=\"https:\/\/diariodegoias.com.br\/goiania\/119473-saude-abre-dois-postos-de-vacinacao-no-feriado-para-populacao-se-vacinar-contra-a-gripe-em-goiania\">Sa\u00fade abre dois postos de vacina\u00e7\u00e3o no feriado para popula\u00e7\u00e3o se vacinar contra a gripe em Goi\u00e2nia<\/a><\/li>\n<\/ul>\n<p>[\/default_list]<\/p>\n","protected":false},"excerpt":{"rendered":"<p>[default_list] O Popular\u00a0 &#8211;\u00a0Sa\u00fade regionalizada Clique aqui para ver a imagem Di\u00e1rio da Manh\u00e3 &#8211;\u00a0Leite materno dos primeiros sete dias ajuda a determinar microrganismo dos beb\u00eas Clique aqui para ver a imagem O Hoje &#8211; Estudo permite atestar uso de agroqu\u00edmicos Clique aqui para ver a imagem O Hoje &#8211; Hipertens\u00e3o atinge 24,7% dos moradores [&hellip;]<\/p>\n","protected":false},"author":1,"featured_media":0,"comment_status":"closed","ping_status":"open","sticky":false,"template":"","format":"standard","meta":{"footnotes":"","_links_to":"","_links_to_target":""},"categories":[20],"tags":[],"class_list":["post-6181","post","type-post","status-publish","format-standard","hentry","category-page"],"rttpg_featured_image_url":null,"rttpg_author":{"display_name":"wagner.viana","author_link":"https:\/\/goias.gov.br\/escoladesaude\/author\/wagner-viana\/"},"rttpg_comment":0,"rttpg_category":"<a href=\"https:\/\/goias.gov.br\/escoladesaude\/categoria\/page\/\" rel=\"category tag\">Outras p\u00e1ginas<\/a>","rttpg_excerpt":"[default_list] O Popular\u00a0 &#8211;\u00a0Sa\u00fade regionalizada Clique aqui para ver a imagem Di\u00e1rio da Manh\u00e3 &#8211;\u00a0Leite materno dos primeiros sete dias ajuda a determinar microrganismo dos beb\u00eas Clique aqui para ver a imagem O Hoje &#8211; Estudo permite atestar uso de agroqu\u00edmicos Clique aqui para ver a imagem O Hoje &#8211; Hipertens\u00e3o atinge 24,7% dos moradores&hellip;","_links":{"self":[{"href":"https:\/\/goias.gov.br\/escoladesaude\/wp-json\/wp\/v2\/posts\/6181","targetHints":{"allow":["GET"]}}],"collection":[{"href":"https:\/\/goias.gov.br\/escoladesaude\/wp-json\/wp\/v2\/posts"}],"about":[{"href":"https:\/\/goias.gov.br\/escoladesaude\/wp-json\/wp\/v2\/types\/post"}],"author":[{"embeddable":true,"href":"https:\/\/goias.gov.br\/escoladesaude\/wp-json\/wp\/v2\/users\/1"}],"replies":[{"embeddable":true,"href":"https:\/\/goias.gov.br\/escoladesaude\/wp-json\/wp\/v2\/comments?post=6181"}],"version-history":[{"count":0,"href":"https:\/\/goias.gov.br\/escoladesaude\/wp-json\/wp\/v2\/posts\/6181\/revisions"}],"wp:attachment":[{"href":"https:\/\/goias.gov.br\/escoladesaude\/wp-json\/wp\/v2\/media?parent=6181"}],"wp:term":[{"taxonomy":"category","embeddable":true,"href":"https:\/\/goias.gov.br\/escoladesaude\/wp-json\/wp\/v2\/categories?post=6181"},{"taxonomy":"post_tag","embeddable":true,"href":"https:\/\/goias.gov.br\/escoladesaude\/wp-json\/wp\/v2\/tags?post=6181"}],"curies":[{"name":"wp","href":"https:\/\/api.w.org\/{rel}","templated":true}]}}