
{"id":6175,"date":"2019-06-03T04:32:26","date_gmt":"2019-06-03T07:32:26","guid":{"rendered":"https:\/\/siteshom.goias.gov.br\/saude\/clipping-01062019\/"},"modified":"2019-06-03T04:32:26","modified_gmt":"2019-06-03T07:32:26","slug":"clipping-01062019","status":"publish","type":"post","link":"https:\/\/goias.gov.br\/escoladesaude\/clipping-01062019\/","title":{"rendered":"Clipping 01\/06\/2019"},"content":{"rendered":"<p>[default_list]<\/p>\n<ul>\n<li><strong><strong><strong><strong><strong><strong>O Popular &#8211; Vacina\u00e7\u00e3o contra gripe ser\u00e1 estendida a todos<\/strong><\/strong><\/strong><\/strong><\/strong><\/strong><strong><strong><strong><strong><strong><strong><\/p>\n<p><\/strong><\/strong><\/strong><\/strong><\/strong><\/strong><a href=\"\/saude\/wp-content\/uploads\/sites\/34\/images\/imagens_migradas\/2019\/06\/image.png\">\u00a0Clique aqui<\/a> para ver a imagem<\/li>\n<\/p>\n<li><strong>Di\u00e1rio da Manh\u00e3<\/strong> &#8211;\u00a0<a href=\"https:\/\/www.dm.com.br\/saude\/2019\/05\/novo-dia-d-de-vacinacao-contra-a-gripe-ira-acontecer-em-goiania-neste-sabado.html\">Vacina\u00e7\u00e3o contra gripe ser\u00e1 estendida para toda popula\u00e7\u00e3o<\/a><\/p>\n<p><a href=\"\/saude\/wp-content\/uploads\/sites\/34\/images\/imagens_migradas\/2019\/06\/dm.png\">Clique aqui<\/a> para ver a imagem<\/li>\n<\/p>\n<li><strong>Di\u00e1rio da Manh\u00e3<\/strong> &#8211; <a href=\"https:\/\/impresso.dm.com.br\/edicao\/20190601\/pagina\/2\">Brasil reduz h\u00e1bito de fumar em 40%<\/a><\/p>\n<p><a href=\"\/saude\/wp-content\/uploads\/sites\/34\/images\/imagens_migradas\/2019\/06\/dm.png\">Clique aqui<\/a> para ver a imagem<\/li>\n<\/p>\n<li><strong>Di\u00e1rio de Aparecida<\/strong> &#8211;\u00a0 <a href=\"https:\/\/view.publitas.com\/jornal-online\/jornal-diario-de-aparecida-2185\/page\/2-3\">Per\u00edodo seco aumenta \u00edndice de doen\u00e7as respirat\u00f3rias<\/a><\/p>\n<p><a href=\"\/saude\/wp-content\/uploads\/sites\/34\/images\/imagens_migradas\/2019\/06\/da1.png\">Clique aqui<\/a> para ver a imagem<\/li>\n<\/p>\n<li><b>Di\u00e1rio do Estado<\/b>\u00a0&#8211; <a href=\"https:\/\/diariodoestadogo.com.br\/cms\/upload\/flip\/pdf\/2085.pdf\">Dia D de vacina\u00e7\u00e3o contra a gripe no Estado<\/a><\/p>\n<p><a href=\"\/saude\/wp-content\/uploads\/sites\/34\/images\/imagens_migradas\/2019\/06\/da.png\">Clique aqui<\/a> para ver a imagem<\/li>\n<\/p>\n<\/ul>\n<p>[\/default_list]<\/p>\n","protected":false},"excerpt":{"rendered":"<p>[default_list] O Popular &#8211; Vacina\u00e7\u00e3o contra gripe ser\u00e1 estendida a todos \u00a0Clique aqui para ver a imagem Di\u00e1rio da Manh\u00e3 &#8211;\u00a0Vacina\u00e7\u00e3o contra gripe ser\u00e1 estendida para toda popula\u00e7\u00e3o Clique aqui para ver a imagem Di\u00e1rio da Manh\u00e3 &#8211; Brasil reduz h\u00e1bito de fumar em 40% Clique aqui para ver a imagem Di\u00e1rio de Aparecida &#8211;\u00a0 [&hellip;]<\/p>\n","protected":false},"author":1,"featured_media":0,"comment_status":"closed","ping_status":"open","sticky":false,"template":"","format":"standard","meta":{"footnotes":"","_links_to":"","_links_to_target":""},"categories":[20],"tags":[],"class_list":["post-6175","post","type-post","status-publish","format-standard","hentry","category-page"],"rttpg_featured_image_url":null,"rttpg_author":{"display_name":"wagner.viana","author_link":"https:\/\/goias.gov.br\/escoladesaude\/author\/wagner-viana\/"},"rttpg_comment":0,"rttpg_category":"<a href=\"https:\/\/goias.gov.br\/escoladesaude\/categoria\/page\/\" rel=\"category tag\">Outras p\u00e1ginas<\/a>","rttpg_excerpt":"[default_list] O Popular &#8211; Vacina\u00e7\u00e3o contra gripe ser\u00e1 estendida a todos \u00a0Clique aqui para ver a imagem Di\u00e1rio da Manh\u00e3 &#8211;\u00a0Vacina\u00e7\u00e3o contra gripe ser\u00e1 estendida para toda popula\u00e7\u00e3o Clique aqui para ver a imagem Di\u00e1rio da Manh\u00e3 &#8211; Brasil reduz h\u00e1bito de fumar em 40% Clique aqui para ver a imagem Di\u00e1rio de Aparecida &#8211;\u00a0&hellip;","_links":{"self":[{"href":"https:\/\/goias.gov.br\/escoladesaude\/wp-json\/wp\/v2\/posts\/6175","targetHints":{"allow":["GET"]}}],"collection":[{"href":"https:\/\/goias.gov.br\/escoladesaude\/wp-json\/wp\/v2\/posts"}],"about":[{"href":"https:\/\/goias.gov.br\/escoladesaude\/wp-json\/wp\/v2\/types\/post"}],"author":[{"embeddable":true,"href":"https:\/\/goias.gov.br\/escoladesaude\/wp-json\/wp\/v2\/users\/1"}],"replies":[{"embeddable":true,"href":"https:\/\/goias.gov.br\/escoladesaude\/wp-json\/wp\/v2\/comments?post=6175"}],"version-history":[{"count":0,"href":"https:\/\/goias.gov.br\/escoladesaude\/wp-json\/wp\/v2\/posts\/6175\/revisions"}],"wp:attachment":[{"href":"https:\/\/goias.gov.br\/escoladesaude\/wp-json\/wp\/v2\/media?parent=6175"}],"wp:term":[{"taxonomy":"category","embeddable":true,"href":"https:\/\/goias.gov.br\/escoladesaude\/wp-json\/wp\/v2\/categories?post=6175"},{"taxonomy":"post_tag","embeddable":true,"href":"https:\/\/goias.gov.br\/escoladesaude\/wp-json\/wp\/v2\/tags?post=6175"}],"curies":[{"name":"wp","href":"https:\/\/api.w.org\/{rel}","templated":true}]}}