
{"id":6173,"date":"2019-06-03T05:20:25","date_gmt":"2019-06-03T08:20:25","guid":{"rendered":"https:\/\/siteshom.goias.gov.br\/saude\/clipping-02062019\/"},"modified":"2019-06-03T05:20:25","modified_gmt":"2019-06-03T08:20:25","slug":"clipping-02062019","status":"publish","type":"post","link":"https:\/\/goias.gov.br\/escoladesaude\/clipping-02062019\/","title":{"rendered":"Clipping 02\/06\/2019"},"content":{"rendered":"<p>[default_list]<\/p>\n<ul>\n<li><strong><strong><strong><strong><strong><strong>O Popular &#8211;\u00a0<\/strong><\/strong><\/strong><\/strong><\/strong><\/strong>Caso fomenta discuss\u00e3o a respeito de abusos<strong><strong><strong><strong><strong><strong><\/p>\n<p><\/strong><\/strong><\/strong><\/strong><\/strong><\/strong>\u00a0<a href=\"\/saude\/wp-content\/uploads\/sites\/34\/images\/imagens_migradas\/2019\/06\/pop1-1.png\" target=\"_blank\" rel=\"noopener noreferrer\">Clique aqui<\/a> para ver a imagem<\/li>\n<\/p>\n<li><strong>O Popular<\/strong> &#8211; Sem fiscaliza\u00e7\u00e3o<\/p>\n<p><a href=\"\/saude\/wp-content\/uploads\/sites\/34\/images\/imagens_migradas\/2019\/06\/pop2.png\" target=\"_blank\" rel=\"noopener noreferrer\">Clique aqui<\/a> para ver a imagem<\/li>\n<\/p>\n<li><strong>Jornal Op\u00e7\u00e3o<\/strong> &#8211; <a href=\"https:\/\/www.jornalopcao.com.br\/ultimas-noticias\/acidentes-de-transito-hugo-atendeu-36-mil-acidentados-de-moto-no-ano-passado-187832\/\" target=\"_blank\" rel=\"noopener noreferrer\">Hugo atende 3,6 mil acidentados de moto no ano passado<\/a><\/li>\n<li><strong>Di\u00e1rio de Aparecida<\/strong> &#8211;\u00a0 <a href=\"https:\/\/view.publitas.com\/jornal-online\/jornal-diario-de-aparecida-2185\/page\/2-3\" target=\"_blank\" rel=\"noopener noreferrer\">Per\u00edodo seco aumenta \u00edndice de doen\u00e7as respirat\u00f3rias<\/a><\/li>\n<li><strong>A Reda\u00e7\u00e3o<\/strong> &#8211; <a href=\"https:\/\/aredacao.com.br\/noticias\/119995\/liberar-venda-de-cigarro-eletronico-e-retrocesso-diz-especialista\" target=\"_blank\" rel=\"noopener noreferrer\">Dia Mundial sem Tabaco &#8211;\u00a0Liberar venda de cigarro eletr\u00f4nico \u00e9 retrocesso, diz especialista<\/a><\/li>\n<li><strong>A Reda\u00e7\u00e3o<\/strong> &#8211;\u00a0\u00a0<a href=\"https:\/\/aredacao.com.br\/vida-e-saude\/119982\/indice-de-fumantes-volta-a-cair-no-pais-em-12-anos-tabagismo-diminuiu-40\" target=\"_blank\" rel=\"noopener noreferrer\">\u00cdndice de fumantes volta a cair no Pais; em 12 anos, tabagismo diminuiu 40%<\/a><\/li>\n<li><strong>Di\u00e1rio de Goi\u00e1s<\/strong> &#8211;\u00a0<a href=\"https:\/\/diariodegoias.com.br\/goiania\/119662-em-goiania-vacinacao-contra-gripe-atendera-a-populacao-geral-a-partir-da-proxima-segunda-03-06\" target=\"_blank\" rel=\"noopener noreferrer\">Em Goi\u00e2nia, vacina\u00e7\u00e3o contra gripe atender\u00e1 a popula\u00e7\u00e3o geral a partir da pr\u00f3xima segunda-feira, 03\/06<\/a><\/li>\n<\/ul>\n<p>[\/default_list]<\/p>\n","protected":false},"excerpt":{"rendered":"<p>[default_list] O Popular &#8211;\u00a0Caso fomenta discuss\u00e3o a respeito de abusos \u00a0Clique aqui para ver a imagem O Popular &#8211; Sem fiscaliza\u00e7\u00e3o Clique aqui para ver a imagem Jornal Op\u00e7\u00e3o &#8211; Hugo atende 3,6 mil acidentados de moto no ano passado Di\u00e1rio de Aparecida &#8211;\u00a0 Per\u00edodo seco aumenta \u00edndice de doen\u00e7as respirat\u00f3rias A Reda\u00e7\u00e3o &#8211; Dia [&hellip;]<\/p>\n","protected":false},"author":1,"featured_media":0,"comment_status":"closed","ping_status":"open","sticky":false,"template":"","format":"standard","meta":{"footnotes":"","_links_to":"","_links_to_target":""},"categories":[20],"tags":[],"class_list":["post-6173","post","type-post","status-publish","format-standard","hentry","category-page"],"rttpg_featured_image_url":null,"rttpg_author":{"display_name":"wagner.viana","author_link":"https:\/\/goias.gov.br\/escoladesaude\/author\/wagner-viana\/"},"rttpg_comment":0,"rttpg_category":"<a href=\"https:\/\/goias.gov.br\/escoladesaude\/categoria\/page\/\" rel=\"category tag\">Outras p\u00e1ginas<\/a>","rttpg_excerpt":"[default_list] O Popular &#8211;\u00a0Caso fomenta discuss\u00e3o a respeito de abusos \u00a0Clique aqui para ver a imagem O Popular &#8211; Sem fiscaliza\u00e7\u00e3o Clique aqui para ver a imagem Jornal Op\u00e7\u00e3o &#8211; Hugo atende 3,6 mil acidentados de moto no ano passado Di\u00e1rio de Aparecida &#8211;\u00a0 Per\u00edodo seco aumenta \u00edndice de doen\u00e7as respirat\u00f3rias A Reda\u00e7\u00e3o &#8211; Dia&hellip;","_links":{"self":[{"href":"https:\/\/goias.gov.br\/escoladesaude\/wp-json\/wp\/v2\/posts\/6173","targetHints":{"allow":["GET"]}}],"collection":[{"href":"https:\/\/goias.gov.br\/escoladesaude\/wp-json\/wp\/v2\/posts"}],"about":[{"href":"https:\/\/goias.gov.br\/escoladesaude\/wp-json\/wp\/v2\/types\/post"}],"author":[{"embeddable":true,"href":"https:\/\/goias.gov.br\/escoladesaude\/wp-json\/wp\/v2\/users\/1"}],"replies":[{"embeddable":true,"href":"https:\/\/goias.gov.br\/escoladesaude\/wp-json\/wp\/v2\/comments?post=6173"}],"version-history":[{"count":0,"href":"https:\/\/goias.gov.br\/escoladesaude\/wp-json\/wp\/v2\/posts\/6173\/revisions"}],"wp:attachment":[{"href":"https:\/\/goias.gov.br\/escoladesaude\/wp-json\/wp\/v2\/media?parent=6173"}],"wp:term":[{"taxonomy":"category","embeddable":true,"href":"https:\/\/goias.gov.br\/escoladesaude\/wp-json\/wp\/v2\/categories?post=6173"},{"taxonomy":"post_tag","embeddable":true,"href":"https:\/\/goias.gov.br\/escoladesaude\/wp-json\/wp\/v2\/tags?post=6173"}],"curies":[{"name":"wp","href":"https:\/\/api.w.org\/{rel}","templated":true}]}}