
{"id":6172,"date":"2019-06-04T04:44:56","date_gmt":"2019-06-04T07:44:56","guid":{"rendered":"https:\/\/siteshom.goias.gov.br\/saude\/clipping-04062019\/"},"modified":"2019-06-04T04:44:56","modified_gmt":"2019-06-04T07:44:56","slug":"clipping-04062019","status":"publish","type":"post","link":"https:\/\/goias.gov.br\/escoladesaude\/clipping-04062019\/","title":{"rendered":"Clipping 04\/06\/2019"},"content":{"rendered":"<p>[default_list]<\/p>\n<ul>\n<li><strong>Di\u00e1rio da Manh\u00e3<\/strong> &#8211;\u00a0\u00a0<a href=\"https:\/\/impresso.dm.com.br\/edicao\/20190604\/pagina\/2\" target=\"_blank\" rel=\"noopener noreferrer\">Campanha Junho Vermelho destaca a import\u00e2ncia da doa\u00e7\u00e3o de sangue<\/a><\/p>\n<p><a href=\"\/saude\/wp-content\/uploads\/sites\/34\/images\/imagens_migradas\/2019\/06\/dm2-1.png\" target=\"_blank\" rel=\"noopener noreferrer\">Clique aqui <\/a>para ver a imagem<\/li>\n<\/p>\n<li><strong>Di\u00e1rio da Manh\u00e3 &#8211; <\/strong><a href=\"https:\/\/impresso.dm.com.br\/edicao\/20190604\/pagina\/2\">B<\/a><a href=\"https:\/\/impresso.dm.com.br\/edicao\/20190604\/pagina\/2\" target=\"_blank\" rel=\"noopener noreferrer\">enefici\u00e1rios de plano de sa\u00fade podem fazer portabilidade<\/a><\/p>\n<p><a href=\"\/saude\/wp-content\/uploads\/sites\/34\/images\/imagens_migradas\/2019\/06\/dm1.png\" target=\"_blank\" rel=\"noopener noreferrer\">Clique aqui<\/a> para ver a\u00a0 imagem<\/li>\n<\/p>\n<li><strong>O Hoje<\/strong> &#8211; <a href=\"https:\/\/flip.ohoje.com\/public\/impresso\/4588\/4588.pdf\" target=\"_blank\" rel=\"noopener noreferrer\">Benefici\u00e1rios dos planos de sa\u00fade coletivos pode fazer portabilidade<\/a><\/p>\n<p><a href=\"\/saude\/wp-content\/uploads\/sites\/34\/images\/imagens_migradas\/2019\/06\/ohoje.png\" target=\"_blank\" rel=\"noopener noreferrer\">Clique aqui<\/a> para ver a imagem<\/li>\n<\/p>\n<li><strong>O Hoje<\/strong> &#8211; <a href=\"https:\/\/flip.ohoje.com\/public\/impresso\/4588\/4588.pdf\" target=\"_blank\" rel=\"noopener noreferrer\">Vacina \u00e9 liberada para toda popula\u00e7\u00e3o<\/a><\/p>\n<p><a href=\"\/saude\/wp-content\/uploads\/sites\/34\/images\/imagens_migradas\/2019\/06\/ohoje2.png\" target=\"_blank\" rel=\"noopener noreferrer\">Clique aqui<\/a> para ver a imagem<\/li>\n<\/p>\n<li><strong>Di\u00e1rio de Aparecida<\/strong> &#8211;\u00a0<a href=\"https:\/\/view.publitas.com\/jornal-online\/jornal-diario-de-aparecida-2187\/page\/2-3\" target=\"_blank\" rel=\"noopener noreferrer\">Aparecida finaliza campanha contra o v\u00edrus da Influenza<\/a><\/p>\n<p><a href=\"\/saude\/wp-content\/uploads\/sites\/34\/images\/imagens_migradas\/2019\/06\/da-2.png\">Clique aqui<\/a> para ver a imagem<\/li>\n<\/p>\n<li><strong>Di\u00e1rio de Aparecida<\/strong> &#8211;\u00a0<a href=\"https:\/\/view.publitas.com\/jornal-online\/jornal-diario-de-aparecida-2187\/page\/4-5\" target=\"_blank\" rel=\"noopener noreferrer\">Pesquisa aponta que 47% dos asm\u00e1ticos n\u00e3o fazem uso regular de medicamentos<\/a><\/p>\n<p><a href=\"\/saude\/wp-content\/uploads\/sites\/34\/images\/imagens_migradas\/2019\/06\/da1-1.png\" target=\"_blank\" rel=\"noopener noreferrer\">Clique aqui<\/a> para ver a imagem<\/li>\n<\/p>\n<li><strong>Di\u00e1rio de Aparecida<\/strong> &#8211; <a href=\"https:\/\/view.publitas.com\/jornal-online\/jornal-diario-de-aparecida-2187\/page\/16\">Campanha destaca a import\u00e2ncia da doa\u00e7\u00e3o sangue<\/a><\/p>\n<p><a href=\"\/saude\/wp-content\/uploads\/sites\/34\/images\/imagens_migradas\/2019\/06\/da2.png\" target=\"_blank\" rel=\"noopener noreferrer\">Clique aqui<\/a> para ver a imagem<\/li>\n<\/p>\n<li><strong>Minist\u00e9rio P\u00fablico<\/strong> &#8211;\u00a0<a href=\"https:\/\/www.mpgo.mp.br\/portal\/noticia\/reuniao-no-mp-define-prazo-para-adequacoes-sanitarias-de-unidades-de-saude-de-nova-crixas--2#.XPZKsdy1uUk\" target=\"_blank\" rel=\"noopener noreferrer\">Reuni\u00e3o no MP define prazo para adequa\u00e7\u00f5es sanit\u00e1rias de unidades de sa\u00fade de Nova Crix\u00e1s\u00a0<\/a><\/li>\n<li><strong>A Reda\u00e7\u00e3o<\/strong> &#8211;\u00a0<a href=\"https:\/\/aredacao.com.br\/noticias\/120060\/roberto-naves-anuncia-inauguracao-de-upa-de-perfil-pediatrico-em-julho\" target=\"_blank\" rel=\"noopener noreferrer\">Roberto Naves anuncia inaugura\u00e7\u00e3o de UPA de perfil pedi\u00e1trico em julho\u00a0<\/a><\/li>\n<li><strong>Jornal Op\u00e7\u00e3o<\/strong> &#8211;\u00a0<a href=\"https:\/\/www.jornalopcao.com.br\/ultimas-noticias\/prefeito-de-anapolis-celebra-extensao-do-atendimento-na-saude-que-inspirou-ministro-mandetta-188286\/\" target=\"_blank\" rel=\"noopener noreferrer\">Prefeito de An\u00e1polis celebra extens\u00e3o do atendimento na Sa\u00fade, que inspirou ministro Mandetta<\/a><\/li>\n<li><strong>Di\u00e1rio de Goi\u00e1s<\/strong> &#8211;\u00a0<a href=\"https:\/\/diariodegoias.com.br\/goiania\/119687-com-86-6-dos-grupos-prioritarios-imunizados-vacina-contra-a-gripe-e-estendida-para-toda-a-populacao\">Com 86,6% dos grupos priorit\u00e1rios imunizados, vacina contra a gripe \u00e9 estendida para toda a popula\u00e7\u00e3o<\/a><\/li>\n<\/ul>\n<p>[\/default_list]<\/p>\n","protected":false},"excerpt":{"rendered":"<p>[default_list] Di\u00e1rio da Manh\u00e3 &#8211;\u00a0\u00a0Campanha Junho Vermelho destaca a import\u00e2ncia da doa\u00e7\u00e3o de sangue Clique aqui para ver a imagem Di\u00e1rio da Manh\u00e3 &#8211; Benefici\u00e1rios de plano de sa\u00fade podem fazer portabilidade Clique aqui para ver a\u00a0 imagem O Hoje &#8211; Benefici\u00e1rios dos planos de sa\u00fade coletivos pode fazer portabilidade Clique aqui para ver a [&hellip;]<\/p>\n","protected":false},"author":1,"featured_media":0,"comment_status":"closed","ping_status":"open","sticky":false,"template":"","format":"standard","meta":{"footnotes":"","_links_to":"","_links_to_target":""},"categories":[20],"tags":[],"class_list":["post-6172","post","type-post","status-publish","format-standard","hentry","category-page"],"rttpg_featured_image_url":null,"rttpg_author":{"display_name":"wagner.viana","author_link":"https:\/\/goias.gov.br\/escoladesaude\/author\/wagner-viana\/"},"rttpg_comment":0,"rttpg_category":"<a href=\"https:\/\/goias.gov.br\/escoladesaude\/categoria\/page\/\" rel=\"category tag\">Outras p\u00e1ginas<\/a>","rttpg_excerpt":"[default_list] Di\u00e1rio da Manh\u00e3 &#8211;\u00a0\u00a0Campanha Junho Vermelho destaca a import\u00e2ncia da doa\u00e7\u00e3o de sangue Clique aqui para ver a imagem Di\u00e1rio da Manh\u00e3 &#8211; Benefici\u00e1rios de plano de sa\u00fade podem fazer portabilidade Clique aqui para ver a\u00a0 imagem O Hoje &#8211; Benefici\u00e1rios dos planos de sa\u00fade coletivos pode fazer portabilidade Clique aqui para ver a&hellip;","_links":{"self":[{"href":"https:\/\/goias.gov.br\/escoladesaude\/wp-json\/wp\/v2\/posts\/6172","targetHints":{"allow":["GET"]}}],"collection":[{"href":"https:\/\/goias.gov.br\/escoladesaude\/wp-json\/wp\/v2\/posts"}],"about":[{"href":"https:\/\/goias.gov.br\/escoladesaude\/wp-json\/wp\/v2\/types\/post"}],"author":[{"embeddable":true,"href":"https:\/\/goias.gov.br\/escoladesaude\/wp-json\/wp\/v2\/users\/1"}],"replies":[{"embeddable":true,"href":"https:\/\/goias.gov.br\/escoladesaude\/wp-json\/wp\/v2\/comments?post=6172"}],"version-history":[{"count":0,"href":"https:\/\/goias.gov.br\/escoladesaude\/wp-json\/wp\/v2\/posts\/6172\/revisions"}],"wp:attachment":[{"href":"https:\/\/goias.gov.br\/escoladesaude\/wp-json\/wp\/v2\/media?parent=6172"}],"wp:term":[{"taxonomy":"category","embeddable":true,"href":"https:\/\/goias.gov.br\/escoladesaude\/wp-json\/wp\/v2\/categories?post=6172"},{"taxonomy":"post_tag","embeddable":true,"href":"https:\/\/goias.gov.br\/escoladesaude\/wp-json\/wp\/v2\/tags?post=6172"}],"curies":[{"name":"wp","href":"https:\/\/api.w.org\/{rel}","templated":true}]}}