
{"id":6169,"date":"2019-06-07T05:09:51","date_gmt":"2019-06-07T08:09:51","guid":{"rendered":"https:\/\/siteshom.goias.gov.br\/saude\/clipping-07062019\/"},"modified":"2019-06-07T05:09:51","modified_gmt":"2019-06-07T08:09:51","slug":"clipping-07062019","status":"publish","type":"post","link":"https:\/\/goias.gov.br\/escoladesaude\/clipping-07062019\/","title":{"rendered":"Clipping 07\/06\/2019"},"content":{"rendered":"<p>[default_list]<\/p>\n<ul>\n<li>O Popular &#8211;\u00a0<a href=\"https:\/\/www.opopular.com.br\/noticias\/cidades\/sesi-campinas-e-hemocentro-de-goi%C3%A1s-realizam-campanha-de-doa%C3%A7%C3%A3o-de-sangue-nesta-sexta-feira-7-1.1814979\" target=\"_blank\" rel=\"noopener noreferrer\">Sesi Campinas e Hemocentro de Goi\u00e1s realizam campanha de doa\u00e7\u00e3o de sangue nesta sexta-feira (7)<\/p>\n<p><\/a><\/li>\n<\/p>\n<li>O Popular &#8211; <a href=\"https:\/\/www.opopular.com.br\/noticias\/cidades\/bolsonaro-sanciona-lei-que-permite-interna%C3%A7%C3%A3o-de-dependente-qu%C3%ADmico-sem-consentimento-1.1814797\" target=\"_blank\" rel=\"noopener noreferrer\">Bolsonaro sanciona lei que permite interna\u00e7\u00e3o de dependente qu\u00edmico sem consentimento<\/a><\/p>\n<p>O Hoje &#8211;\u00a0<a href=\"https:\/\/flip.ohoje.com\/public\/impresso\/4591\/arquivos\/#_4591\/page\/10-11\" target=\"_blank\" rel=\"noopener noreferrer\">Interna\u00e7\u00e3o compuls\u00f3ria de usu\u00e1rio de droga \u00e9 permitida\u00a0<\/a><\/p>\n<p><a href=\"\/saude\/wp-content\/uploads\/sites\/34\/images\/imagens_migradas\/2019\/06\/hoje-1.png\" target=\"_blank\" rel=\"noopener noreferrer\">Clique aqui <\/a>para ver a imagem<\/li>\n<\/p>\n<li>O Hoje &#8211;\u00a0<a href=\"https:\/\/flip.ohoje.com\/public\/impresso\/4591\/arquivos\/#_4591\/page\/10-11\" target=\"_blank\" rel=\"noopener noreferrer\">Fim das cadeirinhas pode aumentar morte de crian\u00e7as<\/a><\/p>\n<p><a href=\"\/saude\/wp-content\/uploads\/sites\/34\/images\/imagens_migradas\/2019\/06\/hoje1-1.png\" target=\"_blank\" rel=\"noopener noreferrer\">Clique aqui <\/a>para ver a imagem<\/li>\n<\/p>\n<li>Di\u00e1rio da Manh\u00e3 &#8211;\u00a0<a href=\"https:\/\/impresso.dm.com.br\/edicao\/20190607\/pagina\/3\" target=\"_blank\" rel=\"noopener noreferrer\">Cadeirinhas reduzem morte de crian\u00e7a no tr\u00e2nsito em at\u00e9 60%<\/a><\/p>\n<p><a href=\"\/saude\/wp-content\/uploads\/sites\/34\/images\/imagens_migradas\/2019\/06\/dm-3.png\" target=\"_blank\" rel=\"noopener noreferrer\">Clique aqui<\/a> para ver a imagem<\/li>\n<\/p>\n<li>Di\u00e1rio da Manh\u00e3 &#8211; <a href=\"https:\/\/impresso.dm.com.br\/edicao\/20190607\/pagina\/3\">Publicada lei que trata de interna\u00e7\u00e3o involunt\u00e1ria do usu\u00e1rio de drogas<\/a><\/p>\n<p><a href=\"\/saude\/wp-content\/uploads\/sites\/34\/images\/imagens_migradas\/2019\/06\/dm1-2.png\" target=\"_blank\" rel=\"noopener noreferrer\">Clique aqui<\/a> para ver a imagem<\/li>\n<\/p>\n<li>Alego &#8211; <a href=\"https:\/\/portal.al.go.leg.br\/noticias\/ver\/id\/168786\/tipo\/geral\" target=\"_blank\" rel=\"noopener noreferrer\">Helio de Sousa diz que pol\u00edticas de combate ao suic\u00eddio precisam ser aperfei\u00e7oadas<\/a><\/p>\n<p><a href=\"\/saude\/wp-content\/uploads\/sites\/34\/images\/imagens_migradas\/2019\/06\/alego-2.png\" target=\"_blank\" rel=\"noopener noreferrer\">Clique aqui<\/a> para ver a imagem<\/li>\n<\/p>\n<li>Mais Goi\u00e1s &#8211;<a href=\"https:\/\/www.emaisgoias.com.br\/hgg-e-escolhido-para-participar-de-acreditacao-europeia-no-brasil\/\" target=\"_blank\" rel=\"noopener noreferrer\">\u00a0HGG \u00e9 escolhido para participar de Acredita\u00e7\u00e3o Europeia no Brasil<\/a><\/li>\n<li>Mais Goi\u00e1s &#8211; <a href=\"https:\/\/www.emaisgoias.com.br\/publicada-lei-que-trata-de-internacao-involuntaria-de-usuario-de-droga-2\/\" target=\"_blank\" rel=\"noopener noreferrer\">Publicada lei que trata de interna\u00e7\u00e3o involunt\u00e1ria de usu\u00e1rio de droga<\/a><\/li>\n<li>Di\u00e1rio de Goi\u00e1s &#8211;\u00a0<a href=\"https:\/\/diariodegoias.com.br\/aparecida-de-goiania\/119762-prefeitura-e-hospital-de-aparecida-fecham-parceria-para-ressocializacao-de-jovens-re-educandos\" target=\"_blank\" rel=\"noopener noreferrer\">Prefeitura e Hospital de Aparecida fecham parceria para ressocializa\u00e7\u00e3o de jovens re-educandos<\/a><\/li>\n<\/ul>\n<p>[\/default_list]<\/p>\n","protected":false},"excerpt":{"rendered":"<p>[default_list] O Popular &#8211;\u00a0Sesi Campinas e Hemocentro de Goi\u00e1s realizam campanha de doa\u00e7\u00e3o de sangue nesta sexta-feira (7) O Popular &#8211; Bolsonaro sanciona lei que permite interna\u00e7\u00e3o de dependente qu\u00edmico sem consentimento O Hoje &#8211;\u00a0Interna\u00e7\u00e3o compuls\u00f3ria de usu\u00e1rio de droga \u00e9 permitida\u00a0 Clique aqui para ver a imagem O Hoje &#8211;\u00a0Fim das cadeirinhas pode aumentar [&hellip;]<\/p>\n","protected":false},"author":1,"featured_media":0,"comment_status":"closed","ping_status":"open","sticky":false,"template":"","format":"standard","meta":{"footnotes":"","_links_to":"","_links_to_target":""},"categories":[20],"tags":[],"class_list":["post-6169","post","type-post","status-publish","format-standard","hentry","category-page"],"rttpg_featured_image_url":null,"rttpg_author":{"display_name":"wagner.viana","author_link":"https:\/\/goias.gov.br\/escoladesaude\/author\/wagner-viana\/"},"rttpg_comment":0,"rttpg_category":"<a href=\"https:\/\/goias.gov.br\/escoladesaude\/categoria\/page\/\" rel=\"category tag\">Outras p\u00e1ginas<\/a>","rttpg_excerpt":"[default_list] O Popular &#8211;\u00a0Sesi Campinas e Hemocentro de Goi\u00e1s realizam campanha de doa\u00e7\u00e3o de sangue nesta sexta-feira (7) O Popular &#8211; Bolsonaro sanciona lei que permite interna\u00e7\u00e3o de dependente qu\u00edmico sem consentimento O Hoje &#8211;\u00a0Interna\u00e7\u00e3o compuls\u00f3ria de usu\u00e1rio de droga \u00e9 permitida\u00a0 Clique aqui para ver a imagem O Hoje &#8211;\u00a0Fim das cadeirinhas pode aumentar&hellip;","_links":{"self":[{"href":"https:\/\/goias.gov.br\/escoladesaude\/wp-json\/wp\/v2\/posts\/6169","targetHints":{"allow":["GET"]}}],"collection":[{"href":"https:\/\/goias.gov.br\/escoladesaude\/wp-json\/wp\/v2\/posts"}],"about":[{"href":"https:\/\/goias.gov.br\/escoladesaude\/wp-json\/wp\/v2\/types\/post"}],"author":[{"embeddable":true,"href":"https:\/\/goias.gov.br\/escoladesaude\/wp-json\/wp\/v2\/users\/1"}],"replies":[{"embeddable":true,"href":"https:\/\/goias.gov.br\/escoladesaude\/wp-json\/wp\/v2\/comments?post=6169"}],"version-history":[{"count":0,"href":"https:\/\/goias.gov.br\/escoladesaude\/wp-json\/wp\/v2\/posts\/6169\/revisions"}],"wp:attachment":[{"href":"https:\/\/goias.gov.br\/escoladesaude\/wp-json\/wp\/v2\/media?parent=6169"}],"wp:term":[{"taxonomy":"category","embeddable":true,"href":"https:\/\/goias.gov.br\/escoladesaude\/wp-json\/wp\/v2\/categories?post=6169"},{"taxonomy":"post_tag","embeddable":true,"href":"https:\/\/goias.gov.br\/escoladesaude\/wp-json\/wp\/v2\/tags?post=6169"}],"curies":[{"name":"wp","href":"https:\/\/api.w.org\/{rel}","templated":true}]}}