
{"id":6163,"date":"2019-06-13T04:55:58","date_gmt":"2019-06-13T07:55:58","guid":{"rendered":"https:\/\/siteshom.goias.gov.br\/saude\/clipping-13062019\/"},"modified":"2019-06-13T04:55:58","modified_gmt":"2019-06-13T07:55:58","slug":"clipping-13062019","status":"publish","type":"post","link":"https:\/\/goias.gov.br\/escoladesaude\/clipping-13062019\/","title":{"rendered":"Clipping 13\/06\/2019"},"content":{"rendered":"<p>[default_list]<\/p>\n<ul>\n<li><strong>O Popular<\/strong> &#8211;\u00a0<a href=\"https:\/\/www.opopular.com.br\/noticias\/opiniao\/editorial-1.145048\/pequenos-cora%C3%A7%C3%B5es-1.1819711\" target=\"_blank\" rel=\"noopener noreferrer\">Pequenos cora\u00e7\u00f5es<\/p>\n<p><\/a><a href=\"\/saude\/wp-content\/uploads\/sites\/34\/images\/imagens_migradas\/2019\/06\/pop-1.png\" target=\"_blank\" rel=\"noopener noreferrer\">Clique aqui para ver a imagem<\/a><\/li>\n<\/p>\n<li><strong>O Popular<\/strong> &#8211;\u00a0<a href=\"https:\/\/www.opopular.com.br\/noticias\/economia\/ipasgo-vai-ampliar-rede-de-atendimento-para-crian%C3%A7as-1.1819790\" target=\"_blank\" rel=\"noopener noreferrer\">Ipasgo vai ampliar rede de atendimento para crian\u00e7as<\/a><\/li>\n<li><strong>O Popular<\/strong> &#8211;\u00a0<a href=\"https:\/\/www.opopular.com.br\/noticias\/cidades\/pais-cobram-aten%C3%A7%C3%A3o-para-diagn%C3%B3stico-de-doen%C3%A7a-do-cora%C3%A7%C3%A3o-1.1819771\" target=\"_blank\" rel=\"noopener noreferrer\">Pais cobram aten\u00e7\u00e3o para diagn\u00f3stico de doen\u00e7a do cora\u00e7\u00e3o<\/a><\/li>\n<li><strong>O Popular<\/strong> &#8211;\u00a0<a href=\"https:\/\/www.opopular.com.br\/noticias\/cidades\/pais-cobram-aten%C3%A7%C3%A3o-para-diagn%C3%B3stico-de-doen%C3%A7a-do-cora%C3%A7%C3%A3o-1.1819771\" target=\"_blank\" rel=\"noopener noreferrer\">Especialistas defendem realiza\u00e7\u00e3o de exame<\/a><\/p>\n<p><a href=\"\/saude\/wp-content\/uploads\/sites\/34\/images\/imagens_migradas\/2019\/06\/pop1-3.png\" target=\"_blank\" rel=\"noopener noreferrer\">Clique aqui<\/a> para ver a imagem<\/li>\n<\/p>\n<li><strong>O Popular<\/strong> &#8211; <a href=\"https:\/\/www.opopular.com.br\/noticias\/politica\/giro-1.145054\/assembleia-reajusta-em-13-verba-de-gabinete-para-comissionados-1.1819736\" target=\"_blank\" rel=\"noopener noreferrer\">Giro &#8211; Di\u00e1rias<\/p>\n<p><\/a><a href=\"\/saude\/wp-content\/uploads\/sites\/34\/images\/imagens_migradas\/2019\/06\/pop2-2.png\" target=\"_blank\" rel=\"noopener noreferrer\">Clique aqui<\/a> para ver a imagem<\/li>\n<\/p>\n<li><strong>Di\u00e1rio da Manh\u00e3<\/strong> &#8211; <a href=\"https:\/\/impresso.dm.com.br\/edicao\/20190613\/pagina\/7\" target=\"_blank\" rel=\"noopener noreferrer\">Caf\u00e9 da Manh\u00e3 &#8211; Zacharias Calil &#8211; M\u00e9dico da separa\u00e7\u00e3o dos siameses<\/a><\/p>\n<p><a href=\"\/saude\/wp-content\/uploads\/sites\/34\/images\/imagens_migradas\/2019\/06\/dm-6.png\" target=\"_blank\" rel=\"noopener noreferrer\">Clique aqui<\/a> para ver a imagem<\/li>\n<\/p>\n<li><strong>Di\u00e1rio da Manh\u00e3<\/strong> &#8211; <a href=\"https:\/\/impresso.dm.com.br\/edicao\/20190613\/pagina\/3\" target=\"_blank\" rel=\"noopener noreferrer\">N\u00famero de homic\u00eddios cai 23% no Brasil<\/a><\/p>\n<p><a href=\"\/saude\/wp-content\/uploads\/sites\/34\/images\/imagens_migradas\/2019\/06\/dm1-4.png\" target=\"_blank\" rel=\"noopener noreferrer\">Clique aqui<\/a> para ver a imagem<\/li>\n<\/p>\n<li><strong>O Hoje<\/strong> &#8211;\u00a0<a href=\"https:\/\/flip.ohoje.com\/public\/impresso\/4597\/arquivos\/#_4597\/page\/10-11\" target=\"_blank\" rel=\"noopener noreferrer\">Inc\u00eandio assusta pacientes de maternidade<\/a><\/p>\n<p><a href=\"\/saude\/wp-content\/uploads\/sites\/34\/images\/imagens_migradas\/2019\/06\/hoje1-2.png\" target=\"_blank\" rel=\"noopener noreferrer\">Clique aqui<\/a> para ver a imagem<\/li>\n<\/p>\n<li><strong>O Hoje<\/strong> &#8211;\u00a0<a href=\"https:\/\/flip.ohoje.com\/public\/impresso\/4597\/arquivos\/#_4597\/page\/2-3\" target=\"_blank\" rel=\"noopener noreferrer\">A interna\u00e7\u00e3o compuls\u00f3ria de dependente qu\u00edmicos: radical, mas necess\u00e1ria<\/a><\/li>\n<li><strong>Alego<\/strong> &#8211;\u00a0<a href=\"https:\/\/portal.al.go.leg.br\/noticias\/ver\/id\/168975\/tipo\/geral\" target=\"_blank\" rel=\"noopener noreferrer\">Alego promove distribui\u00e7\u00e3o de homeopatia contra sintomas da dengue<\/a><\/li>\n<li><strong>Alego<\/strong> &#8211;\u00a0<a href=\"https:\/\/portal.al.go.leg.br\/noticias\/ver\/id\/169020\/tipo\/gabinete\" target=\"_blank\" rel=\"noopener noreferrer\">Amilton Filho quer que delegacias tenham programa de aten\u00e7\u00e3o \u00e0s v\u00edtimas de estupro<\/a><\/li>\n<li><strong>Jornal Op\u00e7\u00e3o<\/strong> &#8211;\u00a0<a href=\"https:\/\/www.jornalopcao.com.br\/ultimas-noticias\/promotora-ainda-aguarda-termos-da-nova-licitacao-da-prefeitura-de-goiania-para-o-chequinho-189962\/\" target=\"_blank\" rel=\"noopener noreferrer\">Promotora ainda aguarda termos da nova licita\u00e7\u00e3o da prefeitura de Goi\u00e2nia para o chequinho<\/a><\/li>\n<li><strong>Jornal Op\u00e7\u00e3o<\/strong> &#8211;\u00a0<a href=\"https:\/\/www.jornalopcao.com.br\/ultimas-noticias\/prefeitura-de-aguas-lindas-de-goias-lanca-forca-tarefa-contra-dengue-189900\/\" target=\"_blank\" rel=\"noopener noreferrer\">Prefeitura de \u00c1guas Lindas de Goi\u00e1s lan\u00e7a for\u00e7a tarefa contra dengue<\/a><\/li>\n<li><strong>G1 Goi\u00e1s<\/strong> &#8211;\u00a0<a href=\"https:\/\/g1.globo.com\/go\/goias\/noticia\/2019\/06\/12\/medica-que-deixou-plantao-e-estudante-sao-indiciados-no-caso-da-morte-de-idosa-em-santo-antonio-da-barra.ghtml\" target=\"_blank\" rel=\"noopener noreferrer\">M\u00e9dica que deixou plant\u00e3o e estudante s\u00e3o indiciados no caso da morte de idosa, em Santo Ant\u00f4nio da Barra<\/a><\/li>\n<li><strong>Di\u00e1rio de Goi\u00e1s<\/strong> &#8211;\u00a0<a href=\"https:\/\/diariodegoias.com.br\/goiania\/119910-semas-faz-atividades-de-conscientizacao-e-prevencao-contra-violencia-a-pessoa-idosa-em-goiania\" target=\"_blank\" rel=\"noopener noreferrer\">Semas faz atividades de conscientiza\u00e7\u00e3o e preven\u00e7\u00e3o contra viol\u00eancia \u00e0 pessoa idosa em Goi\u00e2nia<\/a><\/li>\n<li><strong>Di\u00e1rio de Goi\u00e1s &#8211;\u00a0<\/strong><a href=\"https:\/\/diariodoestadogo.com.br\/autorizada-a-obra-do-hospital-publico-veterinario-57686\/\" target=\"_blank\" rel=\"noopener noreferrer\">Autorizada a obra do Hospital P\u00fablico Veterin\u00e1rio<\/a><\/li>\n<li><strong>Mais Goi\u00e1s<\/strong> &#8211;\u00a0<a href=\"https:\/\/www.emaisgoias.com.br\/prefeitura-assina-autorizacao-para-construcao-do-hospital-veterinario-publico-de-goiania\/\" target=\"_blank\" rel=\"noopener noreferrer\">Prefeitura assina autoriza\u00e7\u00e3o para constru\u00e7\u00e3o do hospital veterin\u00e1rio p\u00fablico de Goi\u00e2nia<\/a><\/li>\n<li><strong>Sindsa\u00fade<\/strong> &#8211;\u00a0<a href=\"https:\/\/www.sindsaude.com.br\/web\/estado-ses-garante-ao-sindsaude-que-ira-manter-gratificacao-de-produtividade-para-servidores\/\" target=\"_blank\" rel=\"noopener noreferrer\">SES garante ao Sindsa\u00fade que ir\u00e1 manter gratifica\u00e7\u00e3o de produtividade para servidores<\/a><\/li>\n<li><strong>Sindsa\u00fade<\/strong> &#8211;\u00a0<a href=\"https:\/\/www.sindsaude.com.br\/web\/sindsaude-convoca-servidores-para-a-assembleia-e-greve-geral\/\" target=\"_blank\" rel=\"noopener noreferrer\">Sindsa\u00fade convoca servidores para a Assembleia e Greve Geral<\/a><\/li>\n<\/ul>\n<p>[\/default_list]<\/p>\n","protected":false},"excerpt":{"rendered":"<p>[default_list] O Popular &#8211;\u00a0Pequenos cora\u00e7\u00f5es Clique aqui para ver a imagem O Popular &#8211;\u00a0Ipasgo vai ampliar rede de atendimento para crian\u00e7as O Popular &#8211;\u00a0Pais cobram aten\u00e7\u00e3o para diagn\u00f3stico de doen\u00e7a do cora\u00e7\u00e3o O Popular &#8211;\u00a0Especialistas defendem realiza\u00e7\u00e3o de exame Clique aqui para ver a imagem O Popular &#8211; Giro &#8211; Di\u00e1rias Clique aqui para ver [&hellip;]<\/p>\n","protected":false},"author":1,"featured_media":0,"comment_status":"closed","ping_status":"open","sticky":false,"template":"","format":"standard","meta":{"footnotes":"","_links_to":"","_links_to_target":""},"categories":[20],"tags":[],"class_list":["post-6163","post","type-post","status-publish","format-standard","hentry","category-page"],"rttpg_featured_image_url":null,"rttpg_author":{"display_name":"wagner.viana","author_link":"https:\/\/goias.gov.br\/escoladesaude\/author\/wagner-viana\/"},"rttpg_comment":0,"rttpg_category":"<a href=\"https:\/\/goias.gov.br\/escoladesaude\/categoria\/page\/\" rel=\"category tag\">Outras p\u00e1ginas<\/a>","rttpg_excerpt":"[default_list] O Popular &#8211;\u00a0Pequenos cora\u00e7\u00f5es Clique aqui para ver a imagem O Popular &#8211;\u00a0Ipasgo vai ampliar rede de atendimento para crian\u00e7as O Popular &#8211;\u00a0Pais cobram aten\u00e7\u00e3o para diagn\u00f3stico de doen\u00e7a do cora\u00e7\u00e3o O Popular &#8211;\u00a0Especialistas defendem realiza\u00e7\u00e3o de exame Clique aqui para ver a imagem O Popular &#8211; Giro &#8211; Di\u00e1rias Clique aqui para ver&hellip;","_links":{"self":[{"href":"https:\/\/goias.gov.br\/escoladesaude\/wp-json\/wp\/v2\/posts\/6163","targetHints":{"allow":["GET"]}}],"collection":[{"href":"https:\/\/goias.gov.br\/escoladesaude\/wp-json\/wp\/v2\/posts"}],"about":[{"href":"https:\/\/goias.gov.br\/escoladesaude\/wp-json\/wp\/v2\/types\/post"}],"author":[{"embeddable":true,"href":"https:\/\/goias.gov.br\/escoladesaude\/wp-json\/wp\/v2\/users\/1"}],"replies":[{"embeddable":true,"href":"https:\/\/goias.gov.br\/escoladesaude\/wp-json\/wp\/v2\/comments?post=6163"}],"version-history":[{"count":0,"href":"https:\/\/goias.gov.br\/escoladesaude\/wp-json\/wp\/v2\/posts\/6163\/revisions"}],"wp:attachment":[{"href":"https:\/\/goias.gov.br\/escoladesaude\/wp-json\/wp\/v2\/media?parent=6163"}],"wp:term":[{"taxonomy":"category","embeddable":true,"href":"https:\/\/goias.gov.br\/escoladesaude\/wp-json\/wp\/v2\/categories?post=6163"},{"taxonomy":"post_tag","embeddable":true,"href":"https:\/\/goias.gov.br\/escoladesaude\/wp-json\/wp\/v2\/tags?post=6163"}],"curies":[{"name":"wp","href":"https:\/\/api.w.org\/{rel}","templated":true}]}}