
{"id":6161,"date":"2019-06-17T05:02:47","date_gmt":"2019-06-17T08:02:47","guid":{"rendered":"https:\/\/siteshom.goias.gov.br\/saude\/clipping-17062019\/"},"modified":"2019-06-17T05:02:47","modified_gmt":"2019-06-17T08:02:47","slug":"clipping-17062019","status":"publish","type":"post","link":"https:\/\/goias.gov.br\/escoladesaude\/clipping-17062019\/","title":{"rendered":"Clipping 17\/06\/2019"},"content":{"rendered":"<p>[default_list]<\/p>\n<ul>\n<li><strong>O Popular<\/strong> &#8211;\u00a0<a href=\"https:\/\/www.opopular.com.br\/noticias\/cidades\/ufg-avan%C3%A7a-em-estudos-no-combate-ao-vitiligo-1.1822515\" target=\"_blank\" rel=\"noopener noreferrer\">UFG avan\u00e7a em estudos no combate ao vitiligo<\/a><\/p>\n<p><a href=\"\/saude\/wp-content\/uploads\/sites\/34\/images\/imagens_migradas\/2019\/06\/pop-3.png\" target=\"_blank\" rel=\"noopener noreferrer\">Clique aqui<\/a> para ver a imagem<\/li>\n<\/p>\n<li><strong>O Popular<\/strong> &#8211;<a href=\"https:\/\/www.opopular.com.br\/noticias\/cidades\/detento-%C3%A9-recapturado-ap%C3%B3s-fuga-de-hospital-1.1822403\" target=\"_blank\" rel=\"noopener noreferrer\"> Detento \u00e9 recapturado ap\u00f3s fuga de Hospital<\/p>\n<p><\/a><a href=\"\/saude\/wp-content\/uploads\/sites\/34\/images\/imagens_migradas\/2019\/06\/pop2-4.png\" target=\"_blank\" rel=\"noopener noreferrer\">Clique aqui<\/a> para ver a imagem<\/li>\n<\/p>\n<li><strong>O Hoje<\/strong> &#8211;\u00a0<a href=\"https:\/\/flip.ohoje.com\/public\/impresso\/4601\/arquivos\/#_4601\/page\/10-11\" target=\"_blank\" rel=\"noopener noreferrer\">Detento foge de banheiro de hospital em Aparecida (Huapa)<\/a><\/p>\n<p><a href=\"\/saude\/wp-content\/uploads\/sites\/34\/images\/imagens_migradas\/2019\/06\/hoje1-3.png\" target=\"_blank\" rel=\"noopener noreferrer\">Clique aqui<\/a> para ver a imagem<\/li>\n<\/p>\n<li><strong>Di\u00e1rio da Manh\u00e3<\/strong> &#8211;\u00a0 <a href=\"https:\/\/impresso.dm.com.br\/edicao\/20190617\/pagina\/2\" target=\"_blank\" rel=\"noopener noreferrer\">Bari\u00e1trica ajuda na redescoberta sexual<\/a><\/p>\n<p><a href=\"\/saude\/wp-content\/uploads\/sites\/34\/images\/imagens_migradas\/2019\/06\/dm-8.png\" target=\"_blank\" rel=\"noopener noreferrer\">Clique aqui<\/a> para ver a imagem<\/li>\n<\/p>\n<li><strong>Di\u00e1rio da Manh\u00e3<\/strong> &#8211;\u00a0<a href=\"https:\/\/impresso.dm.com.br\/edicao\/20190617\/pagina\/2\" target=\"_blank\" rel=\"noopener noreferrer\">MS refor\u00e7a necessidade de doa\u00e7\u00e3o de sangue no frio<\/a><\/p>\n<p><a href=\"\/saude\/wp-content\/uploads\/sites\/34\/images\/imagens_migradas\/2019\/06\/dm2-6.png\" target=\"_blank\" rel=\"noopener noreferrer\">Clique aqui<\/a> para ver a imagem<\/li>\n<\/p>\n<li><strong>Di\u00e1rio de Aparecida<\/strong> &#8211; <a href=\"https:\/\/view.publitas.com\/jornal-online\/jornal-diario-de-aparecida-2196\/page\/4-5\" target=\"_blank\" rel=\"noopener noreferrer\">Doar sangue: A\u00e7\u00e3o que salva vidas<\/a><\/p>\n<p><a href=\"\/saude\/wp-content\/uploads\/sites\/34\/images\/imagens_migradas\/2019\/06\/dm2-6.png\" target=\"_blank\" rel=\"noopener noreferrer\">Clique aqui<\/a> para ver a imagem<\/li>\n<\/p>\n<li><strong>Alego<\/strong> &#8211;\u00a0<a href=\"https:\/\/portal.al.go.leg.br\/noticias\/ver\/id\/169039\/tipo\/geral\" target=\"_blank\" rel=\"noopener noreferrer\">Homeopatia contra dengue<\/a><\/li>\n<li><strong>Jornal Op\u00e7\u00e3o<\/strong> &#8211;\u00a0<a href=\"https:\/\/www.jornalopcao.com.br\/ultimas-noticias\/no-mes-da-conscientizacao-sobre-infertilidade-especialistas-alertam-sobre-as-formas-de-prevencao-190317\/\" target=\"_blank\" rel=\"noopener noreferrer\">No m\u00eas da conscientiza\u00e7\u00e3o sobre infertilidade, especialistas alertam sobre as formas de preven\u00e7\u00e3o<\/a><\/li>\n<li><strong>A Reda\u00e7\u00e3o<\/strong> &#8211;\u00a0<a href=\"https:\/\/www.aredacao.com.br\/noticias\/120475\/governo-de-goias-inaugura-primeira-policlinica-em-posse-no-dia-1-de-julho\" target=\"_blank\" rel=\"noopener noreferrer\">Governo de Goi\u00e1s inaugura primeira policl\u00ednica em Posse no dia 1\u00ba de julho<\/a><\/li>\n<li><strong>A Reda\u00e7\u00e3o<\/strong> &#8211;\u00a0<a href=\"https:\/\/www.aredacao.com.br\/noticias\/120471\/darrot-inaugura-espaco-multifuncional-da-academia-da-saude-na-vila-redencao\" target=\"_blank\" rel=\"noopener noreferrer\">Darrot inaugura espa\u00e7o multifuncional da Academia da Sa\u00fade na Vila Reden\u00e7\u00e3o<\/a><\/li>\n<li><strong>Mais Goi\u00e1s<\/strong> &#8211;\u00a0<a href=\"https:\/\/www.emaisgoias.com.br\/hemocentro-promove-atividade-de-conscientizacao-sobre-a-doenca-falciforme-em-goiania-na-segunda-17\/\" target=\"_blank\" rel=\"noopener noreferrer\">Hemocentro promove atividade de conscientiza\u00e7\u00e3o sobre a Doen\u00e7a Falciforme em Goi\u00e2nia na segunda (17)<\/a><\/li>\n<\/ul>\n<p>[\/default_list]<\/p>\n","protected":false},"excerpt":{"rendered":"<p>[default_list] O Popular &#8211;\u00a0UFG avan\u00e7a em estudos no combate ao vitiligo Clique aqui para ver a imagem O Popular &#8211; Detento \u00e9 recapturado ap\u00f3s fuga de Hospital Clique aqui para ver a imagem O Hoje &#8211;\u00a0Detento foge de banheiro de hospital em Aparecida (Huapa) Clique aqui para ver a imagem Di\u00e1rio da Manh\u00e3 &#8211;\u00a0 Bari\u00e1trica [&hellip;]<\/p>\n","protected":false},"author":1,"featured_media":0,"comment_status":"closed","ping_status":"open","sticky":false,"template":"","format":"standard","meta":{"footnotes":"","_links_to":"","_links_to_target":""},"categories":[20],"tags":[],"class_list":["post-6161","post","type-post","status-publish","format-standard","hentry","category-page"],"rttpg_featured_image_url":null,"rttpg_author":{"display_name":"wagner.viana","author_link":"https:\/\/goias.gov.br\/escoladesaude\/author\/wagner-viana\/"},"rttpg_comment":0,"rttpg_category":"<a href=\"https:\/\/goias.gov.br\/escoladesaude\/categoria\/page\/\" rel=\"category tag\">Outras p\u00e1ginas<\/a>","rttpg_excerpt":"[default_list] O Popular &#8211;\u00a0UFG avan\u00e7a em estudos no combate ao vitiligo Clique aqui para ver a imagem O Popular &#8211; Detento \u00e9 recapturado ap\u00f3s fuga de Hospital Clique aqui para ver a imagem O Hoje &#8211;\u00a0Detento foge de banheiro de hospital em Aparecida (Huapa) Clique aqui para ver a imagem Di\u00e1rio da Manh\u00e3 &#8211;\u00a0 Bari\u00e1trica&hellip;","_links":{"self":[{"href":"https:\/\/goias.gov.br\/escoladesaude\/wp-json\/wp\/v2\/posts\/6161","targetHints":{"allow":["GET"]}}],"collection":[{"href":"https:\/\/goias.gov.br\/escoladesaude\/wp-json\/wp\/v2\/posts"}],"about":[{"href":"https:\/\/goias.gov.br\/escoladesaude\/wp-json\/wp\/v2\/types\/post"}],"author":[{"embeddable":true,"href":"https:\/\/goias.gov.br\/escoladesaude\/wp-json\/wp\/v2\/users\/1"}],"replies":[{"embeddable":true,"href":"https:\/\/goias.gov.br\/escoladesaude\/wp-json\/wp\/v2\/comments?post=6161"}],"version-history":[{"count":0,"href":"https:\/\/goias.gov.br\/escoladesaude\/wp-json\/wp\/v2\/posts\/6161\/revisions"}],"wp:attachment":[{"href":"https:\/\/goias.gov.br\/escoladesaude\/wp-json\/wp\/v2\/media?parent=6161"}],"wp:term":[{"taxonomy":"category","embeddable":true,"href":"https:\/\/goias.gov.br\/escoladesaude\/wp-json\/wp\/v2\/categories?post=6161"},{"taxonomy":"post_tag","embeddable":true,"href":"https:\/\/goias.gov.br\/escoladesaude\/wp-json\/wp\/v2\/tags?post=6161"}],"curies":[{"name":"wp","href":"https:\/\/api.w.org\/{rel}","templated":true}]}}