
{"id":6157,"date":"2019-06-19T05:23:44","date_gmt":"2019-06-19T08:23:44","guid":{"rendered":"https:\/\/siteshom.goias.gov.br\/saude\/clipping-19062019\/"},"modified":"2019-06-19T05:23:44","modified_gmt":"2019-06-19T08:23:44","slug":"clipping-19062019","status":"publish","type":"post","link":"https:\/\/goias.gov.br\/escoladesaude\/clipping-19062019\/","title":{"rendered":"Clipping 19\/06\/2019"},"content":{"rendered":"<p>[default_list]<\/p>\n<ul>\n<li><strong>O Popular<\/strong> \u2013 <a href=\"https:\/\/www.opopular.com.br\/noticias\/opiniao\/cartas-dos-leitores-1.145041\/confira-as-cartas-de-nossos-leitores-1.1824180\" target=\"_blank\" rel=\"noopener noreferrer\">Carta dos Leitores \u2013 Depress\u00e3o<\/a><\/p>\n<p><a href=\"\/saude\/wp-content\/uploads\/sites\/34\/images\/imagens_migradas\/2019\/06\/opo1.png\" target=\"_blank\" rel=\"noopener noreferrer\">Clique aqui <\/a>para ver a imagem<\/li>\n<\/p>\n<li><strong>O Popular<\/strong> &#8211; <a href=\"\/saude\/wp-content\/uploads\/sites\/34\/images\/imagens_migradas\/2019\/06\/opo2.png\" target=\"_blank\" rel=\"noopener noreferrer\">Justi\u00e7a assegura doa\u00e7\u00e3o de \u00f3rg\u00e3os de jovem<\/a><\/p>\n<p><a href=\"\/saude\/wp-content\/uploads\/sites\/34\/images\/imagens_migradas\/2019\/06\/opo2.png\" target=\"_blank\" rel=\"noopener noreferrer\">Clique aqui <\/a>para ver a imagem<\/li>\n<\/p>\n<li><strong>Di\u00e1rio da Manh\u00e3<\/strong> &#8211; <a href=\"https:\/\/impresso.dm.com.br\/edicao\/20190619\/pagina\/13\" target=\"_blank\" rel=\"noopener noreferrer\">Linha Cruzada<\/p>\n<p><\/a><a href=\"\/saude\/wp-content\/uploads\/sites\/34\/images\/imagens_migradas\/2019\/06\/dm-9.png\" target=\"_blank\" rel=\"noopener noreferrer\">Clique aqui<\/a> para ver a imagem<\/li>\n<\/p>\n<li><strong>O Hoje<\/strong> &#8211; <a href=\"https:\/\/flip.ohoje.com\/public\/impresso\/4603\/arquivos\/#_4603\/page\/14-15\" target=\"_blank\" rel=\"noopener noreferrer\">\u2018Sem Cencura\u2019 fala sobre S\u00edndrome de Bournout<\/p>\n<p><\/a><a href=\"\/saude\/wp-content\/uploads\/sites\/34\/images\/imagens_migradas\/2019\/06\/ohoje-2.png\" target=\"_blank\" rel=\"noopener noreferrer\">Clique aqui<\/a> para ver a imagem<\/li>\n<\/p>\n<li><strong>Di\u00e1rio de Aparecida<\/strong> &#8211;\u00a0<a href=\"https:\/\/view.publitas.com\/jornal-online\/jornal-diario-de-aparecida-2198\/page\/2-3\" target=\"_blank\" rel=\"noopener noreferrer\">Osteoporose, a doen\u00e7a silenciosa<\/a><\/p>\n<p><a href=\"\/saude\/wp-content\/uploads\/sites\/34\/images\/imagens_migradas\/2019\/06\/da-9.png\" target=\"_blank\" rel=\"noopener noreferrer\">Clique aqui<\/a> para ver a imagem<\/li>\n<\/p>\n<li><strong>Di\u00e1rio de Aparecida<\/strong> &#8211; <a href=\"https:\/\/view.publitas.com\/jornal-online\/jornal-diario-de-aparecida-2198\/page\/4-5\" target=\"_blank\" rel=\"noopener noreferrer\">Semana de conscientiza\u00e7\u00e3o da anemia falciforme destaca a import\u00e2ncia do teste do pezinho<\/a><\/p>\n<p><a href=\"\/saude\/wp-content\/uploads\/sites\/34\/images\/imagens_migradas\/2019\/06\/da2-2.png\" target=\"_blank\" rel=\"noopener noreferrer\">Clique aqui <\/a>para ver a imagem<\/li>\n<\/p>\n<li><strong>A Reda\u00e7\u00e3o<\/strong> &#8211; <a href=\"https:\/\/www.aredacao.com.br\/noticias\/120612\/ses-capacita-profissionais-para-adotarem-metodo-canguru-com-recem-nascidos\" target=\"_blank\" rel=\"noopener noreferrer\">SES capacita profissionais para adotarem m\u00e9todo Canguru com rec\u00e9m-nascidos<\/a>&nbsp;<\/li>\n<li><strong>A Reda\u00e7\u00e3o<\/strong> &#8211; <a href=\"https:\/\/www.aredacao.com.br\/noticias\/120605\/prefeitura-de-trindade-entrega-r-217-mil-em-equipamentos-na-area-da-saude\" target=\"_blank\" rel=\"noopener noreferrer\">Prefeitura de Trindade entrega R$ 217 mil em equipamentos na \u00e1rea da sa\u00fade<\/a><\/li>\n<\/ul>\n<p>[\/default_list]<\/p>\n","protected":false},"excerpt":{"rendered":"<p>[default_list] O Popular \u2013 Carta dos Leitores \u2013 Depress\u00e3o Clique aqui para ver a imagem O Popular &#8211; Justi\u00e7a assegura doa\u00e7\u00e3o de \u00f3rg\u00e3os de jovem Clique aqui para ver a imagem Di\u00e1rio da Manh\u00e3 &#8211; Linha Cruzada Clique aqui para ver a imagem O Hoje &#8211; \u2018Sem Cencura\u2019 fala sobre S\u00edndrome de Bournout Clique aqui [&hellip;]<\/p>\n","protected":false},"author":1,"featured_media":0,"comment_status":"closed","ping_status":"open","sticky":false,"template":"","format":"standard","meta":{"footnotes":"","_links_to":"","_links_to_target":""},"categories":[20],"tags":[],"class_list":["post-6157","post","type-post","status-publish","format-standard","hentry","category-page"],"rttpg_featured_image_url":null,"rttpg_author":{"display_name":"wagner.viana","author_link":"https:\/\/goias.gov.br\/escoladesaude\/author\/wagner-viana\/"},"rttpg_comment":0,"rttpg_category":"<a href=\"https:\/\/goias.gov.br\/escoladesaude\/categoria\/page\/\" rel=\"category tag\">Outras p\u00e1ginas<\/a>","rttpg_excerpt":"[default_list] O Popular \u2013 Carta dos Leitores \u2013 Depress\u00e3o Clique aqui para ver a imagem O Popular &#8211; Justi\u00e7a assegura doa\u00e7\u00e3o de \u00f3rg\u00e3os de jovem Clique aqui para ver a imagem Di\u00e1rio da Manh\u00e3 &#8211; Linha Cruzada Clique aqui para ver a imagem O Hoje &#8211; \u2018Sem Cencura\u2019 fala sobre S\u00edndrome de Bournout Clique aqui&hellip;","_links":{"self":[{"href":"https:\/\/goias.gov.br\/escoladesaude\/wp-json\/wp\/v2\/posts\/6157","targetHints":{"allow":["GET"]}}],"collection":[{"href":"https:\/\/goias.gov.br\/escoladesaude\/wp-json\/wp\/v2\/posts"}],"about":[{"href":"https:\/\/goias.gov.br\/escoladesaude\/wp-json\/wp\/v2\/types\/post"}],"author":[{"embeddable":true,"href":"https:\/\/goias.gov.br\/escoladesaude\/wp-json\/wp\/v2\/users\/1"}],"replies":[{"embeddable":true,"href":"https:\/\/goias.gov.br\/escoladesaude\/wp-json\/wp\/v2\/comments?post=6157"}],"version-history":[{"count":0,"href":"https:\/\/goias.gov.br\/escoladesaude\/wp-json\/wp\/v2\/posts\/6157\/revisions"}],"wp:attachment":[{"href":"https:\/\/goias.gov.br\/escoladesaude\/wp-json\/wp\/v2\/media?parent=6157"}],"wp:term":[{"taxonomy":"category","embeddable":true,"href":"https:\/\/goias.gov.br\/escoladesaude\/wp-json\/wp\/v2\/categories?post=6157"},{"taxonomy":"post_tag","embeddable":true,"href":"https:\/\/goias.gov.br\/escoladesaude\/wp-json\/wp\/v2\/tags?post=6157"}],"curies":[{"name":"wp","href":"https:\/\/api.w.org\/{rel}","templated":true}]}}