
{"id":6155,"date":"2019-06-25T04:51:15","date_gmt":"2019-06-25T07:51:15","guid":{"rendered":"https:\/\/siteshom.goias.gov.br\/saude\/clipping-25062019\/"},"modified":"2019-06-25T04:51:15","modified_gmt":"2019-06-25T07:51:15","slug":"clipping-25062019","status":"publish","type":"post","link":"https:\/\/goias.gov.br\/escoladesaude\/clipping-25062019\/","title":{"rendered":"Clipping 25\/06\/2019"},"content":{"rendered":"<p>[default_list]<\/p>\n<ul>\n<li><strong><strong><strong><strong><strong><strong>O Popular <\/strong><\/strong><\/strong><\/strong><\/strong><\/strong>&#8211;<a href=\"https:\/\/www.opopular.com.br\/noticias\/cidades\/um-em-cada-cinco-motoristas-admite-usar-celular-enquanto-dirige-1.1827821\" target=\"_blank\" rel=\"noopener noreferrer\">\u00a0Um em cada cinco motoristas admite usar celular enquanto dirige<\/p>\n<p><\/a><a href=\"\/saude\/wp-content\/uploads\/sites\/34\/images\/imagens_migradas\/2019\/06\/pop-4.png\" target=\"_blank\" rel=\"noopener noreferrer\">Clique aqui <\/a>para ver a imagem<\/li>\n<\/p>\n<li><strong>O Popular<\/strong> &#8211;\u00a0<a href=\"https:\/\/www.opopular.com.br\/noticias\/cidades\/munic%C3%ADpios-de-goi%C3%A1s-recebem-nova-remessa-de-profissionais-do-mais-m%C3%A9dicos-1.1827139\" target=\"_blank\" rel=\"noopener noreferrer\">Munic\u00edpios de Goi\u00e1s recebem nova remessa de profissionais do Mais M\u00e9dicos\u00a0<\/a><\/li>\n<li><strong>Di\u00e1rio da Manh\u00e3<\/strong> &#8211;\u00a0<a href=\"https:\/\/impresso.dm.com.br\/edicao\/20190625\/pagina\/2\" target=\"_blank\" rel=\"noopener noreferrer\">Um em cada cinco brasileiros afirma dirigir usando celular<\/p>\n<p><\/a><a href=\"\/saude\/wp-content\/uploads\/sites\/34\/images\/imagens_migradas\/2019\/06\/dm-10.png\" target=\"_blank\" rel=\"noopener noreferrer\">Clique aqui para ver a imagem<\/a><\/li>\n<\/p>\n<li><strong>Di\u00e1rio da Manh\u00e3<\/strong> &#8211; <a href=\"https:\/\/impresso.dm.com.br\/edicao\/20190625\/pagina\/3\" target=\"_blank\" rel=\"noopener noreferrer\">Combate ao v\u00edrus da gripe envolve esfor\u00e7o internacional<\/p>\n<p><\/a><a href=\"\/saude\/wp-content\/uploads\/sites\/34\/images\/imagens_migradas\/2019\/06\/dm1-6.png\" target=\"_blank\" rel=\"noopener noreferrer\">Clique aqui<\/a> para ver a imagem<\/li>\n<\/p>\n<li><strong>Di\u00e1rio de Aparecida<\/strong> &#8211; <a href=\"https:\/\/view.publitas.com\/jornal-online\/jornal-diario-de-aparecida-2202\/page\/4-5\" target=\"_blank\" rel=\"noopener noreferrer\">Um a cada cinco brasileiros usa o celular enquanto dirige<\/p>\n<p><\/a><a href=\"\/saude\/wp-content\/uploads\/sites\/34\/images\/imagens_migradas\/2019\/06\/da-11.png\" target=\"_blank\" rel=\"noopener noreferrer\">Clique aqui<\/a> para ver a imagem<\/li>\n<\/p>\n<li><strong>Di\u00e1rio de Aparecida<\/strong> &#8211; <a href=\"https:\/\/view.publitas.com\/jornal-online\/jornal-diario-de-aparecida-2202\/page\/16\" target=\"_blank\" rel=\"noopener noreferrer\">Rede de Sa\u00fade do munic\u00edpio tem vagas dispon\u00edveis para o atendimento pedi\u00e1tric<\/a>o<\/p>\n<p><a href=\"\/saude\/wp-content\/uploads\/sites\/34\/images\/imagens_migradas\/2019\/06\/da1-7.png\" target=\"_blank\" rel=\"noopener noreferrer\">Clique aqui<\/a> para ver a imagem<\/li>\n<\/p>\n<li><strong>O Hoje<\/strong> &#8211; <a href=\"https:\/\/flip.ohoje.com\/public\/impresso\/4609\/4609.pdf\" target=\"_blank\" rel=\"noopener noreferrer\">Negros da periferia s\u00e3o as maiores v\u00edtimas- P\u00e1gina 9<\/p>\n<p><\/a><a href=\"\/saude\/wp-content\/uploads\/sites\/34\/images\/imagens_migradas\/2019\/06\/hoje-5.png\" target=\"_blank\" rel=\"noopener noreferrer\">Clique aqui<\/a> para ver a imagem<\/li>\n<\/p>\n<li><strong>O Hoje<\/strong> &#8211; <a href=\"https:\/\/flip.ohoje.com\/public\/impresso\/4609\/4609.pdf\" target=\"_blank\" rel=\"noopener noreferrer\">MP promove confer\u00eancia sobre o uso de drogas \u2013 P\u00e1gina 10<\/p>\n<p><\/a><a href=\"\/saude\/wp-content\/uploads\/sites\/34\/images\/imagens_migradas\/2019\/06\/hoje1-5.png\" target=\"_blank\" rel=\"noopener noreferrer\">Clique aqui para ver a imagem<\/a><\/li>\n<\/p>\n<li><strong>O Hoje<\/strong> &#8211; <a href=\"https:\/\/flip.ohoje.com\/public\/impresso\/4609\/4609.pdf\" target=\"_blank\" rel=\"noopener noreferrer\">Mais m\u00e9dicos come\u00e7am a trabalhar \u2013 P\u00e1gina 11<\/p>\n<p><\/a><a href=\"\/saude\/wp-content\/uploads\/sites\/34\/images\/imagens_migradas\/2019\/06\/da2-3.png\" target=\"_blank\" rel=\"noopener noreferrer\">Clique aqui para ver a imagem<\/a><\/li>\n<\/p>\n<li><strong>Alego<\/strong> &#8211; <a href=\"https:\/\/portal.al.go.leg.br\/noticias\/ver\/id\/169339\/tipo\/geral\" target=\"_blank\" rel=\"noopener noreferrer\">Amauri Ribeiro quer proibir corte de energia para pacientes enfermos em casa<\/a><\/li>\n<li><strong>G1 Goi\u00e1s<\/strong> &#8211;\u00a0<a href=\"https:\/\/g1.globo.com\/go\/goias\/noticia\/2019\/06\/24\/familias-aguardam-vaga-em-uti-para-bebes-que-precisam-de-cirurgia-em-goiania.ghtml\" target=\"_blank\" rel=\"noopener noreferrer\">Fam\u00edlias aguardam vaga em UTI para beb\u00eas que precisam de cirurgia, em Goi\u00e2nia<\/a><\/li>\n<li><strong>Jornal Op\u00e7\u00e3o<\/strong> &#8211;\u00a0<a href=\"https:\/\/www.jornalopcao.com.br\/ultimas-noticias\/mais-medicos-118-profissionais-comecam-a-atuar-em-municipios-goianos-em-junho-192299\/\" target=\"_blank\" rel=\"noopener noreferrer\">Mais M\u00e9dicos: 118 profissionais come\u00e7am a atuar em munic\u00edpios goianos em junho<\/a><\/li>\n<li><strong>A Reda\u00e7\u00e3o<\/strong> &#8211;\u00a0<a href=\"https:\/\/www.aredacao.com.br\/noticias\/120838\/aparecida-implanta-comite-para-desenvolver-acoes-de-prevencao-de-acidentes\" target=\"_blank\" rel=\"noopener noreferrer\">Aparecida implanta comit\u00ea para desenvolver a\u00e7\u00f5es de preven\u00e7\u00e3o de acidentes\u00a0<\/a><\/li>\n<li><strong>A Reda\u00e7\u00e3o<\/strong> &#8211;\u00a0<a href=\"https:\/\/www.aredacao.com.br\/vida-e-saude\/120812\/planos-de-saude-registram-crescimento-de-clientes-com-59-anos-ou-mais\" target=\"_blank\" rel=\"noopener noreferrer\">Planos de sa\u00fade registram crescimento de clientes com 59 anos ou mais\u00a0<\/a><\/li>\n<li><strong>Di\u00e1rio do Estado<\/strong> &#8211; <a href=\"https:\/\/diariodoestadogo.com.br\/mais-medicos-e-reforcado-em-mais-de-mil-municipios-57839\/\" target=\"_blank\" rel=\"noopener noreferrer\">Mais M\u00e9dicos \u00e9 refor\u00e7ado em mais de mil munic\u00edpios<\/a><\/li>\n<li><strong>Mais Goi\u00e1s<\/strong> &#8211; <a href=\"https:\/\/www.emaisgoias.com.br\/um-em-cada-cinco-brasileiros-usa-o-celular-enquanto-dirige\/\" target=\"_blank\" rel=\"noopener noreferrer\">Um em cada cinco brasileiros usa o celular enquanto dirige<\/a><\/li>\n<\/ul>\n<p>[\/default_list]<\/p>\n","protected":false},"excerpt":{"rendered":"<p>[default_list] O Popular &#8211;\u00a0Um em cada cinco motoristas admite usar celular enquanto dirige Clique aqui para ver a imagem O Popular &#8211;\u00a0Munic\u00edpios de Goi\u00e1s recebem nova remessa de profissionais do Mais M\u00e9dicos\u00a0 Di\u00e1rio da Manh\u00e3 &#8211;\u00a0Um em cada cinco brasileiros afirma dirigir usando celular Clique aqui para ver a imagem Di\u00e1rio da Manh\u00e3 &#8211; Combate [&hellip;]<\/p>\n","protected":false},"author":1,"featured_media":0,"comment_status":"closed","ping_status":"open","sticky":false,"template":"","format":"standard","meta":{"footnotes":"","_links_to":"","_links_to_target":""},"categories":[20],"tags":[],"class_list":["post-6155","post","type-post","status-publish","format-standard","hentry","category-page"],"rttpg_featured_image_url":null,"rttpg_author":{"display_name":"wagner.viana","author_link":"https:\/\/goias.gov.br\/escoladesaude\/author\/wagner-viana\/"},"rttpg_comment":0,"rttpg_category":"<a href=\"https:\/\/goias.gov.br\/escoladesaude\/categoria\/page\/\" rel=\"category tag\">Outras p\u00e1ginas<\/a>","rttpg_excerpt":"[default_list] O Popular &#8211;\u00a0Um em cada cinco motoristas admite usar celular enquanto dirige Clique aqui para ver a imagem O Popular &#8211;\u00a0Munic\u00edpios de Goi\u00e1s recebem nova remessa de profissionais do Mais M\u00e9dicos\u00a0 Di\u00e1rio da Manh\u00e3 &#8211;\u00a0Um em cada cinco brasileiros afirma dirigir usando celular Clique aqui para ver a imagem Di\u00e1rio da Manh\u00e3 &#8211; Combate&hellip;","_links":{"self":[{"href":"https:\/\/goias.gov.br\/escoladesaude\/wp-json\/wp\/v2\/posts\/6155","targetHints":{"allow":["GET"]}}],"collection":[{"href":"https:\/\/goias.gov.br\/escoladesaude\/wp-json\/wp\/v2\/posts"}],"about":[{"href":"https:\/\/goias.gov.br\/escoladesaude\/wp-json\/wp\/v2\/types\/post"}],"author":[{"embeddable":true,"href":"https:\/\/goias.gov.br\/escoladesaude\/wp-json\/wp\/v2\/users\/1"}],"replies":[{"embeddable":true,"href":"https:\/\/goias.gov.br\/escoladesaude\/wp-json\/wp\/v2\/comments?post=6155"}],"version-history":[{"count":0,"href":"https:\/\/goias.gov.br\/escoladesaude\/wp-json\/wp\/v2\/posts\/6155\/revisions"}],"wp:attachment":[{"href":"https:\/\/goias.gov.br\/escoladesaude\/wp-json\/wp\/v2\/media?parent=6155"}],"wp:term":[{"taxonomy":"category","embeddable":true,"href":"https:\/\/goias.gov.br\/escoladesaude\/wp-json\/wp\/v2\/categories?post=6155"},{"taxonomy":"post_tag","embeddable":true,"href":"https:\/\/goias.gov.br\/escoladesaude\/wp-json\/wp\/v2\/tags?post=6155"}],"curies":[{"name":"wp","href":"https:\/\/api.w.org\/{rel}","templated":true}]}}