
{"id":34556,"date":"2019-05-25T07:27:09","date_gmt":"2019-05-25T10:27:09","guid":{"rendered":"https:\/\/siteshom.goias.gov.br\/saude\/perguntas-e-respostas-frequentes-covid\/"},"modified":"2019-05-25T07:27:09","modified_gmt":"2019-05-25T10:27:09","slug":"perguntas-e-respostas-frequentes-covid","status":"publish","type":"post","link":"https:\/\/goias.gov.br\/escoladesaude\/perguntas-e-respostas-frequentes-covid\/","title":{"rendered":"Perguntas e Respostas Frequentes &#8211; Covid"},"content":{"rendered":"\n<p><strong>Como e onde surgiu a COVID-19 no mundo?<br>Resposta<\/strong>: A COVID-19, causada pelo coronav\u00edrus SARS-CoV-2, foi identificada pela primeira vez em dezembro de 2019 na cidade de Wuhan, na prov\u00edncia de Hubei, na China. De acordo com o Instituto Butantan, no final de mar\u00e7o de 2021, a Organiza\u00e7\u00e3o Mundial da Sa\u00fade divulgou um relat\u00f3rio de 120 p\u00e1ginas, desenvolvido por cientistas da China e de outras partes do mundo, refor\u00e7ando a origem natural da epidemia. A tese mais aceita diz que o v\u00edrus passou do morcego para um mam\u00edfero intermedi\u00e1rio, e dele para o ser humano. A transmiss\u00e3o de um morcego diretamente para um humano tamb\u00e9m foi apontada como uma hip\u00f3tese poss\u00edvel e prov\u00e1vel.\u00a0<\/p>\n\n\n\n<p><strong>Quando foi identificado o primeiro caso da COVID-19 no Brasil?<br>Resposta<\/strong>: O primeiro caso confirmado da COVID-19 no Brasil foi registrado em 26 de fevereiro de 2020. O paciente era um homem que havia viajado recentemente para a It\u00e1lia, um dos primeiros pa\u00edses europeus a enfrentar uma grande epidemia do novo coronav\u00edrus naquela \u00e9poca. Desde ent\u00e3o, a COVID-19 se espalhou por todo o pa\u00eds, levando o governo a tomar medidas para conter a dissemina\u00e7\u00e3o do v\u00edrus e implementar estrat\u00e9gias de sa\u00fade p\u00fablica, incluindo testagem, rastreamento de contatos e vacina\u00e7\u00e3o em massa.<\/p>\n\n\n\n<p><strong>Qual \u00e9 a situa\u00e7\u00e3o atual da COVID-19 no Brasil?<br>Resposta<\/strong>: A situa\u00e7\u00e3o da COVID-19 no Brasil varia ao longo do tempo. \u00c9 importante consultar fontes de sa\u00fade p\u00fablica atualizadas, como o <strong><a href=\"https:\/\/goias.gov.br\/saude\/coronavirus\" target=\"_blank\" rel=\"noopener\">painel da COVID-19<\/a><\/strong>&nbsp;em Goi\u00e1s, o Minist\u00e9rio da Sa\u00fade ou a Organiza\u00e7\u00e3o Mundial da Sa\u00fade (OMS), para obter informa\u00e7\u00f5es precisas sobre casos, \u00f3bitos e medidas de controle em tempo real.<\/p>\n\n\n\n<p><strong>Quais s\u00e3o as medidas de preven\u00e7\u00e3o recomendadas para evitar a propaga\u00e7\u00e3o da COVID-19?<br>Resposta<\/strong>: As medidas de preven\u00e7\u00e3o recomendadas incluem o uso de m\u00e1scaras faciais, a pr\u00e1tica de distanciamento social, a lavagem frequente das m\u00e3os com \u00e1gua e sab\u00e3o, a utiliza\u00e7\u00e3o de \u00e1lcool em gel 70%, e a vacina\u00e7\u00e3o. Tamb\u00e9m \u00e9 importante evitar aglomera\u00e7\u00f5es e seguir as diretrizes das autoridades de sa\u00fade locais.<\/p>\n\n\n\n<p><strong>Quais vacinas contra a COVID-19 est\u00e3o dispon\u00edveis no Brasil?<br>Resposta<\/strong>: No Brasil, diversas vacinas contra a COVID-19 est\u00e3o sendo administradas, incluindo a CoronaVac, desenvolvida pela Sinovac em parceria com o Instituto Butantan, a vacina de Oxford-AstraZeneca, a Pfizer-BioNTech e a Janssen, entre outras. A disponibilidade de vacinas pode variar por regi\u00e3o e grupo priorit\u00e1rio.&nbsp;<\/p>\n\n\n\n<p><strong>Como est\u00e1 progredindo o processo de vacina\u00e7\u00e3o no Brasil?<br>Resposta<\/strong>: O processo de vacina\u00e7\u00e3o no Brasil est\u00e1 em andamento, com diferentes estados e munic\u00edpios seguindo seus pr\u00f3prios cronogramas e prioridades. Em Goi\u00e1s,&nbsp;<\/p>\n\n\n\n<p><strong>O que fazer em caso de sintomas da COVID-19?<br>Resposta<\/strong>: Se voc\u00ea apresentar sintomas como febre, tosse, falta de ar, perda de olfato ou paladar, ou outros sintomas associados \u00e0 COVID-19, \u00e9 importante procurar orienta\u00e7\u00e3o m\u00e9dica imediatamente. \u00c9 aconselh\u00e1vel fazer o teste para COVID-19 e seguir as instru\u00e7\u00f5es das autoridades de sa\u00fade local para isolamento e tratamento adequados, se necess\u00e1rio.<\/p>\n\n\n\n<p><strong><a href=\"https:\/\/goias.gov.br\/saude\/coronavirus\" target=\"_blank\" rel=\"noopener\">Informa\u00e7\u00f5es sobre a Covid-19 em Goi\u00e1s<\/a><\/strong><b><\/b><\/p>\n\n\n\n<p><strong><a href=\"https:\/\/indicadores.saude.go.gov.br\/pentaho\/api\/repos\/:coronavirus:paineis:painel.wcdf\/generatedContent\" target=\"_blank\" rel=\"noopener\">Vacina\u00e7\u00e3o contra o coronav\u00edrus<\/a><\/strong><\/p>\n","protected":false},"excerpt":{"rendered":"<p>Como e onde surgiu a COVID-19 no mundo?Resposta: A COVID-19, causada pelo coronav\u00edrus SARS-CoV-2, foi identificada pela primeira vez em dezembro de 2019 na cidade de Wuhan, na prov\u00edncia de Hubei, na China. De acordo com o Instituto Butantan, no final de mar\u00e7o de 2021, a Organiza\u00e7\u00e3o Mundial da Sa\u00fade divulgou um relat\u00f3rio de 120 [&hellip;]<\/p>\n","protected":false},"author":1,"featured_media":0,"comment_status":"closed","ping_status":"open","sticky":false,"template":"","format":"standard","meta":{"footnotes":"","_links_to":"","_links_to_target":""},"categories":[20],"tags":[],"class_list":["post-34556","post","type-post","status-publish","format-standard","hentry","category-page"],"rttpg_featured_image_url":null,"rttpg_author":{"display_name":"wagner.viana","author_link":"https:\/\/goias.gov.br\/escoladesaude\/author\/wagner-viana\/"},"rttpg_comment":0,"rttpg_category":"<a href=\"https:\/\/goias.gov.br\/escoladesaude\/categoria\/page\/\" rel=\"category tag\">Outras p\u00e1ginas<\/a>","rttpg_excerpt":"Como e onde surgiu a COVID-19 no mundo?Resposta: A COVID-19, causada pelo coronav\u00edrus SARS-CoV-2, foi identificada pela primeira vez em dezembro de 2019 na cidade de Wuhan, na prov\u00edncia de Hubei, na China. De acordo com o Instituto Butantan, no final de mar\u00e7o de 2021, a Organiza\u00e7\u00e3o Mundial da Sa\u00fade divulgou um relat\u00f3rio de 120&hellip;","_links":{"self":[{"href":"https:\/\/goias.gov.br\/escoladesaude\/wp-json\/wp\/v2\/posts\/34556","targetHints":{"allow":["GET"]}}],"collection":[{"href":"https:\/\/goias.gov.br\/escoladesaude\/wp-json\/wp\/v2\/posts"}],"about":[{"href":"https:\/\/goias.gov.br\/escoladesaude\/wp-json\/wp\/v2\/types\/post"}],"author":[{"embeddable":true,"href":"https:\/\/goias.gov.br\/escoladesaude\/wp-json\/wp\/v2\/users\/1"}],"replies":[{"embeddable":true,"href":"https:\/\/goias.gov.br\/escoladesaude\/wp-json\/wp\/v2\/comments?post=34556"}],"version-history":[{"count":0,"href":"https:\/\/goias.gov.br\/escoladesaude\/wp-json\/wp\/v2\/posts\/34556\/revisions"}],"wp:attachment":[{"href":"https:\/\/goias.gov.br\/escoladesaude\/wp-json\/wp\/v2\/media?parent=34556"}],"wp:term":[{"taxonomy":"category","embeddable":true,"href":"https:\/\/goias.gov.br\/escoladesaude\/wp-json\/wp\/v2\/categories?post=34556"},{"taxonomy":"post_tag","embeddable":true,"href":"https:\/\/goias.gov.br\/escoladesaude\/wp-json\/wp\/v2\/tags?post=34556"}],"curies":[{"name":"wp","href":"https:\/\/api.w.org\/{rel}","templated":true}]}}