
{"id":25768,"date":"2019-04-10T10:32:49","date_gmt":"2019-04-10T13:32:49","guid":{"rendered":"https:\/\/siteshom.goias.gov.br\/saude\/observatorio-ipeps\/"},"modified":"2019-04-10T10:32:49","modified_gmt":"2019-04-10T13:32:49","slug":"observatorio-ipeps","status":"publish","type":"post","link":"https:\/\/goias.gov.br\/escoladesaude\/observatorio-ipeps\/","title":{"rendered":"Observat\u00f3rio IpEPS"},"content":{"rendered":"<p style=\"text-align: justify\">O Observat\u00f3rio IpEPS \u2013 Inovar para Educa\u00e7\u00e3o Permanente em Sa\u00fade &#8211; foi idealizado pela Superintend\u00eancia da Escola de Sa\u00fade do Estado de Goi\u00e1s por meio da Coordena\u00e7\u00e3o de Apoio T\u00e9cnico Regional. A constru\u00e7\u00e3o do Observat\u00f3rio IpEPS surge como instrumento de dissemina\u00e7\u00e3o de informa\u00e7\u00f5es, espa\u00e7os de intera\u00e7\u00e3o, conhecimento da realidade estadual, congrega\u00e7\u00e3o de atores que se dedicam a este tema, gest\u00e3o compartilhada da informa\u00e7\u00e3o, an\u00e1lise, e promo\u00e7\u00e3o de experi\u00eancias. Esta conjuga\u00e7\u00e3o e sistematiza\u00e7\u00e3o de informa\u00e7\u00f5es, ampliam o leque de informa\u00e7\u00f5es e transp\u00f5em barreiras espaciais por estarem em ambiente virtual.<\/p>\n<p>Seu nome foi inspirado em uma \u00e1rvore t\u00edpica do cerrado goiano: o ip\u00ea, e na convic\u00e7\u00e3o da SESG de que \u00e9 preciso inovar para capacitar. A beleza e exuber\u00e2ncia de suas flores, a ramifica\u00e7\u00e3o de seus galhos e a nobreza da madeira simbolizam a import\u00e2ncia da educa\u00e7\u00e3o permanente em sa\u00fade como instrumento transformador da realidade da sa\u00fade p\u00fablica. Os profissionais envolvidos na EPS enxergam a beleza da transforma\u00e7\u00e3o da realidade da sa\u00fade p\u00fablica goiana; trabalham pela ramifica\u00e7\u00e3o do conhecimento por meio dos coordenadores de educa\u00e7\u00e3o permanente em sa\u00fade e seus diversos atores, espalhados por todas as regi\u00f5es de sa\u00fade do Estado de Goi\u00e1s; e legitimam a nobreza da educa\u00e7\u00e3o em si como ferramenta de melhoria do sistema p\u00fablico de sa\u00fade.<\/p>\n<p>Neste sentido, o Observat\u00f3rio IpEPS surge como um espa\u00e7o de compartilhamento de experi\u00eancias de Educa\u00e7\u00e3o Permanente em Sa\u00fade em Goi\u00e1s.\u00a0\u00a0A ideia \u00e9 reunir nesta p\u00e1gina os relatos de pr\u00e1ticas em todo territ\u00f3rio do Estado de Goi\u00e1s de forma cont\u00ednua e peri\u00f3dica, a fim e trocar conhecimentos de forma r\u00e1pida, eficiente e din\u00e2mica.<\/p>\n<p>Tem como principais objetivos:<\/p>\n<ul>\n<li style=\"text-align: justify\">Constituir um espa\u00e7o de armazenamento, divulga\u00e7\u00e3o e acompanhamento das a\u00e7\u00f5es de EPS no Estado de Goi\u00e1s;<\/li>\n<li style=\"text-align: justify\">Dar visibilidade \u00e0s pr\u00e1ticas de EPS em sa\u00fade e compartilhar experi\u00eancias desenvolvidas no Estado de Goi\u00e1s;&#8221;<\/li>\n<li style=\"text-align: justify\">Disponibilizar informa\u00e7\u00f5es para an\u00e1lise, planejamento e avalia\u00e7\u00e3o das a\u00e7\u00f5es de EPS;<\/li>\n<li style=\"text-align: justify\">Implantar o Observat\u00f3rio de EPS na SESG e por meio dele desenvolver a Pol\u00edtica Nacional de Educa\u00e7\u00e3o Permanente em Sa\u00fade nas dezoito Regi\u00f5es de Sa\u00fade do Estado de Goi\u00e1s.<\/li>\n<\/ul>\n<p style=\"text-align: justify\">Para acessar todo conte\u00fado, clique nos links abaixo:<\/p>\n<p>\u00a0 \u00a0 \u2022 \u00a0SESG<br \/>\n\u2022 Regi\u00e3o de Sa\u00fade Central<br \/>\n\u2022 Regi\u00e3o de Sa\u00fade Centro Sul<br \/>\n\u2022 Regi\u00e3o de Sa\u00fade Entorno Norte<br \/>\n\u2022 Regi\u00e3o de Sa\u00fade Entorno Sul<br \/>\n\u2022 Regi\u00e3o de Sa\u00fade Estrada de Ferro<br \/>\n\u2022 Regi\u00e3o de Sa\u00fade Nordeste I<br \/>\n\u2022 Regi\u00e3o de Sa\u00fade Nordeste II<br \/>\n\u2022 Regi\u00e3o de Sa\u00fade Norte<br \/>\n\u2022 Regi\u00e3o de Sa\u00fade Oeste I<br \/>\n\u2022 Regi\u00e3o de Sa\u00fade Oeste II<br \/>\n\u2022 Regi\u00e3o de Sa\u00fade Pireneus<br \/>\n\u2022 Regi\u00e3o de Sa\u00fade Rio Vermelho<br \/>\n\u2022 Regi\u00e3o de Sa\u00fade S\u00e3o Patr\u00edcio I<br \/>\n\u2022 Regi\u00e3o de Sa\u00fade S\u00e3o Patr\u00edcio II<br \/>\n\u2022 Regi\u00e3o de Sa\u00fade Serra da Mesa<br \/>\n\u2022 Regi\u00e3o de Sa\u00fade Sudoeste I<br \/>\n\u2022 Regi\u00e3o de Sa\u00fade Sudoeste II<br \/>\n\u2022 Regi\u00e3o de Sa\u00fade Sul<\/p>\n<p style=\"text-align: justify\">\n","protected":false},"excerpt":{"rendered":"<p>O Observat\u00f3rio IpEPS \u2013 Inovar para Educa\u00e7\u00e3o Permanente em Sa\u00fade &#8211; foi idealizado pela Superintend\u00eancia da Escola de Sa\u00fade do Estado de Goi\u00e1s por meio da Coordena\u00e7\u00e3o de Apoio T\u00e9cnico Regional. A constru\u00e7\u00e3o do Observat\u00f3rio IpEPS surge como instrumento de dissemina\u00e7\u00e3o de informa\u00e7\u00f5es, espa\u00e7os de intera\u00e7\u00e3o, conhecimento da realidade estadual, congrega\u00e7\u00e3o de atores que se [&hellip;]<\/p>\n","protected":false},"author":1,"featured_media":0,"comment_status":"closed","ping_status":"open","sticky":false,"template":"","format":"standard","meta":{"footnotes":"","_links_to":"","_links_to_target":""},"categories":[10],"tags":[],"class_list":["post-25768","post","type-post","status-publish","format-standard","hentry","category-escola-de-saude"],"rttpg_featured_image_url":null,"rttpg_author":{"display_name":"wagner.viana","author_link":"https:\/\/goias.gov.br\/escoladesaude\/author\/wagner-viana\/"},"rttpg_comment":0,"rttpg_category":"<a href=\"https:\/\/goias.gov.br\/escoladesaude\/categoria\/escola-de-saude\/\" rel=\"category tag\">Escola de Sa\u00fade<\/a>","rttpg_excerpt":"O Observat\u00f3rio IpEPS \u2013 Inovar para Educa\u00e7\u00e3o Permanente em Sa\u00fade &#8211; foi idealizado pela Superintend\u00eancia da Escola de Sa\u00fade do Estado de Goi\u00e1s por meio da Coordena\u00e7\u00e3o de Apoio T\u00e9cnico Regional. A constru\u00e7\u00e3o do Observat\u00f3rio IpEPS surge como instrumento de dissemina\u00e7\u00e3o de informa\u00e7\u00f5es, espa\u00e7os de intera\u00e7\u00e3o, conhecimento da realidade estadual, congrega\u00e7\u00e3o de atores que se&hellip;","_links":{"self":[{"href":"https:\/\/goias.gov.br\/escoladesaude\/wp-json\/wp\/v2\/posts\/25768","targetHints":{"allow":["GET"]}}],"collection":[{"href":"https:\/\/goias.gov.br\/escoladesaude\/wp-json\/wp\/v2\/posts"}],"about":[{"href":"https:\/\/goias.gov.br\/escoladesaude\/wp-json\/wp\/v2\/types\/post"}],"author":[{"embeddable":true,"href":"https:\/\/goias.gov.br\/escoladesaude\/wp-json\/wp\/v2\/users\/1"}],"replies":[{"embeddable":true,"href":"https:\/\/goias.gov.br\/escoladesaude\/wp-json\/wp\/v2\/comments?post=25768"}],"version-history":[{"count":0,"href":"https:\/\/goias.gov.br\/escoladesaude\/wp-json\/wp\/v2\/posts\/25768\/revisions"}],"wp:attachment":[{"href":"https:\/\/goias.gov.br\/escoladesaude\/wp-json\/wp\/v2\/media?parent=25768"}],"wp:term":[{"taxonomy":"category","embeddable":true,"href":"https:\/\/goias.gov.br\/escoladesaude\/wp-json\/wp\/v2\/categories?post=25768"},{"taxonomy":"post_tag","embeddable":true,"href":"https:\/\/goias.gov.br\/escoladesaude\/wp-json\/wp\/v2\/tags?post=25768"}],"curies":[{"name":"wp","href":"https:\/\/api.w.org\/{rel}","templated":true}]}}