
{"id":203717,"date":"2026-04-17T11:06:05","date_gmt":"2026-04-17T14:06:05","guid":{"rendered":"https:\/\/goias.gov.br\/escoladesaude\/?p=203717"},"modified":"2026-04-22T08:50:14","modified_gmt":"2026-04-22T11:50:14","slug":"curso_sobre_autismo","status":"publish","type":"post","link":"https:\/\/goias.gov.br\/escoladesaude\/curso_sobre_autismo\/","title":{"rendered":"Escola de Sa\u00fade de Goi\u00e1s abre sele\u00e7\u00e3o para docentes conteudistas de curso sobre autismo"},"content":{"rendered":"\n<p><br><em>Edital prev\u00ea contrata\u00e7\u00e3o de profissionais para desenvolvimento de curso EaD voltado ao acolhimento e inclus\u00e3o de pessoas com TEA<\/em><\/p>\n\n\n\n<p>Estima-se que Goi\u00e1s tenha aproximadamente 75.040 pessoas diagnosticadas com Transtorno do Espectro Autista (TEA), o equivalente a 1,1% da popula\u00e7\u00e3o estadual, segundo dados do Censo 2022 do Instituto Brasileiro de Geografia e Estat\u00edstica (IBGE). No Brasil, esse n\u00famero chega a cerca de 2,4 milh\u00f5es de pessoas.<\/p>\n\n\n\n<p>O crescimento da demanda por atendimento tamb\u00e9m se reflete no Sistema \u00danico de Sa\u00fade (SUS). Dados do Minist\u00e9rio da Sa\u00fade apontam aumento de 84% nos atendimentos a pessoas com TEA, que passaram de 12 milh\u00f5es em 2022 para mais de 22 milh\u00f5es em 2025.<\/p>\n\n\n\n<p>Diante desse cen\u00e1rio, a Secretaria de Estado da Sa\u00fade de Goi\u00e1s (SES-GO), por meio da Escola de Sa\u00fade de Goi\u00e1s, abriu processo seletivo p\u00fablico para profissionais que ir\u00e3o desenvolver um curso estrat\u00e9gico voltado \u00e0 qualifica\u00e7\u00e3o dos trabalhadores do SUS no atendimento a pessoas com autismo.<\/p>\n\n\n\n<p>O edital prev\u00ea a contrata\u00e7\u00e3o de tr\u00eas docentes conteudistas para a constru\u00e7\u00e3o do Curso Introdut\u00f3rio sobre Transtorno do Espectro Autista (TEA): Promovendo Acolhimento, Respeito e Inclus\u00e3o. Os profissionais selecionados ser\u00e3o respons\u00e1veis pela produ\u00e7\u00e3o de conte\u00fados educacionais, incluindo textos, roteiros e videoaulas, al\u00e9m de participa\u00e7\u00e3o na estrutura\u00e7\u00e3o pedag\u00f3gica do curso.<\/p>\n\n\n\n<p>Podem participar da sele\u00e7\u00e3o profissionais com especializa\u00e7\u00e3o lato sensu, que sejam servidores p\u00fablicos e possuam experi\u00eancia ou forma\u00e7\u00e3o na elabora\u00e7\u00e3o de conte\u00fados para cursos na modalidade EaD.<\/p>\n\n\n\n<p>A forma\u00e7\u00e3o ser\u00e1 ofertada na modalidade de Educa\u00e7\u00e3o a Dist\u00e2ncia (EaD), com carga hor\u00e1ria de 60 horas, e ficar\u00e1 dispon\u00edvel de forma cont\u00ednua para profissionais da sa\u00fade em todo o estado a partir de outubro de 2026.<\/p>\n\n\n\n<p>O curso aborda desde conceitos fundamentais do TEA at\u00e9 identifica\u00e7\u00e3o precoce, atua\u00e7\u00e3o de equipes multidisciplinares, terapias baseadas em evid\u00eancias e garantia de direitos, alinhando-se \u00e0s necessidades da rede p\u00fablica de sa\u00fade.<\/p>\n\n\n\n<p>Segundo a superintendente da Escola de Sa\u00fade de Goi\u00e1s, Edinalva Rodrigues, a iniciativa responde a uma mudan\u00e7a concreta no perfil da demanda da rede p\u00fablica. \u201cOs dados mostram que n\u00e3o se trata mais de um tema pontual, mas de uma demanda crescente e estruturante para o SUS. Qualificar os profissionais para reconhecer sinais precoces, acolher adequadamente e articular o cuidado \u00e9 fundamental para garantir um atendimento mais resolutivo e humano \u00e0s pessoas com autismo e suas fam\u00edlias.\u201d<\/p>\n\n\n\n<p>As inscri\u00e7\u00f5es s\u00e3o gratuitas e devem ser realizadas exclusivamente pela internet, entre os dias 16 e 30 de abril. O processo seletivo inclui an\u00e1lise de pr\u00e9-requisitos e avalia\u00e7\u00e3o curricular. O resultado final est\u00e1 previsto para o dia 12 de maio. Para acessar o edital clique aqui. (<a href=\"https:\/\/goias.gov.br\/escoladesaude\/edital_010_2026\/\">https:\/\/goias.gov.br\/escoladesaude\/edital_010_2026\/<\/a> )<\/p>\n\n\n\n<p><strong>Servi\u00e7o<\/strong><br><strong>Sele\u00e7\u00e3o:<\/strong> Docentes conteudistas \u2013 Curso sobre TEA<br><strong>Vagas:<\/strong> 3<br><strong>Inscri\u00e7\u00f5es:<\/strong> 16 a 30 de abril de 2026<br><strong>Modalidade:<\/strong> EaD<br><strong>Carga hor\u00e1ria:<\/strong> 60 horas<br><strong>Resultado final:<\/strong> 12 de maio<\/p>\n\n\n\n<p><em>Gabriela Dutra, da Superintend\u00eancia da Escola de Sa\u00fade de Goi\u00e1s<\/em><\/p>\n","protected":false},"excerpt":{"rendered":"<p>Edital prev\u00ea contrata\u00e7\u00e3o de profissionais para desenvolvimento de curso EaD voltado ao acolhimento e inclus\u00e3o de pessoas com TEA Estima-se que Goi\u00e1s tenha aproximadamente 75.040 pessoas diagnosticadas com Transtorno do Espectro Autista (TEA), o equivalente a 1,1% da popula\u00e7\u00e3o estadual, segundo dados do Censo 2022 do Instituto Brasileiro de Geografia e Estat\u00edstica (IBGE). No Brasil, [&hellip;]<\/p>\n","protected":false},"author":584,"featured_media":203718,"comment_status":"closed","ping_status":"open","sticky":false,"template":"","format":"standard","meta":{"footnotes":"","_links_to":"","_links_to_target":""},"categories":[3],"tags":[],"class_list":["post-203717","post","type-post","status-publish","format-standard","has-post-thumbnail","hentry","category-noticias"],"rttpg_featured_image_url":{"full":["https:\/\/goias.gov.br\/escoladesaude\/wp-content\/uploads\/sites\/59\/2026\/04\/Curso-TEA-1.jpg",1080,1350,false],"landscape":["https:\/\/goias.gov.br\/escoladesaude\/wp-content\/uploads\/sites\/59\/2026\/04\/Curso-TEA-1.jpg",1080,1350,false],"portraits":["https:\/\/goias.gov.br\/escoladesaude\/wp-content\/uploads\/sites\/59\/2026\/04\/Curso-TEA-1.jpg",1080,1350,false],"thumbnail":["https:\/\/goias.gov.br\/escoladesaude\/wp-content\/uploads\/sites\/59\/2026\/04\/Curso-TEA-1-150x150.jpg",150,150,true],"medium":["https:\/\/goias.gov.br\/escoladesaude\/wp-content\/uploads\/sites\/59\/2026\/04\/Curso-TEA-1-240x300.jpg",240,300,true],"large":["https:\/\/goias.gov.br\/escoladesaude\/wp-content\/uploads\/sites\/59\/2026\/04\/Curso-TEA-1-819x1024.jpg",819,1024,true],"1536x1536":["https:\/\/goias.gov.br\/escoladesaude\/wp-content\/uploads\/sites\/59\/2026\/04\/Curso-TEA-1.jpg",1080,1350,false],"2048x2048":["https:\/\/goias.gov.br\/escoladesaude\/wp-content\/uploads\/sites\/59\/2026\/04\/Curso-TEA-1.jpg",1080,1350,false]},"rttpg_author":{"display_name":"angelicaabadia","author_link":"https:\/\/goias.gov.br\/escoladesaude\/author\/angelicaabadia\/"},"rttpg_comment":0,"rttpg_category":"<a href=\"https:\/\/goias.gov.br\/escoladesaude\/categoria\/noticias\/\" rel=\"category tag\">Not\u00edcias<\/a>","rttpg_excerpt":"Edital prev\u00ea contrata\u00e7\u00e3o de profissionais para desenvolvimento de curso EaD voltado ao acolhimento e inclus\u00e3o de pessoas com TEA Estima-se que Goi\u00e1s tenha aproximadamente 75.040 pessoas diagnosticadas com Transtorno do Espectro Autista (TEA), o equivalente a 1,1% da popula\u00e7\u00e3o estadual, segundo dados do Censo 2022 do Instituto Brasileiro de Geografia e Estat\u00edstica (IBGE). No Brasil,&hellip;","_links":{"self":[{"href":"https:\/\/goias.gov.br\/escoladesaude\/wp-json\/wp\/v2\/posts\/203717","targetHints":{"allow":["GET"]}}],"collection":[{"href":"https:\/\/goias.gov.br\/escoladesaude\/wp-json\/wp\/v2\/posts"}],"about":[{"href":"https:\/\/goias.gov.br\/escoladesaude\/wp-json\/wp\/v2\/types\/post"}],"author":[{"embeddable":true,"href":"https:\/\/goias.gov.br\/escoladesaude\/wp-json\/wp\/v2\/users\/584"}],"replies":[{"embeddable":true,"href":"https:\/\/goias.gov.br\/escoladesaude\/wp-json\/wp\/v2\/comments?post=203717"}],"version-history":[{"count":1,"href":"https:\/\/goias.gov.br\/escoladesaude\/wp-json\/wp\/v2\/posts\/203717\/revisions"}],"predecessor-version":[{"id":203719,"href":"https:\/\/goias.gov.br\/escoladesaude\/wp-json\/wp\/v2\/posts\/203717\/revisions\/203719"}],"wp:featuredmedia":[{"embeddable":true,"href":"https:\/\/goias.gov.br\/escoladesaude\/wp-json\/wp\/v2\/media\/203718"}],"wp:attachment":[{"href":"https:\/\/goias.gov.br\/escoladesaude\/wp-json\/wp\/v2\/media?parent=203717"}],"wp:term":[{"taxonomy":"category","embeddable":true,"href":"https:\/\/goias.gov.br\/escoladesaude\/wp-json\/wp\/v2\/categories?post=203717"},{"taxonomy":"post_tag","embeddable":true,"href":"https:\/\/goias.gov.br\/escoladesaude\/wp-json\/wp\/v2\/tags?post=203717"}],"curies":[{"name":"wp","href":"https:\/\/api.w.org\/{rel}","templated":true}]}}