
{"id":203110,"date":"2026-02-09T08:17:30","date_gmt":"2026-02-09T11:17:30","guid":{"rendered":"https:\/\/goias.gov.br\/escoladesaude\/?p=203110"},"modified":"2026-02-09T08:17:32","modified_gmt":"2026-02-09T11:17:32","slug":"inicio-das-aulas-marca-calendario-letivo-de-2026-da-pos-graduacao-em-gestao-da-qualidade-e-seguranca-do-paciente","status":"publish","type":"post","link":"https:\/\/goias.gov.br\/escoladesaude\/inicio-das-aulas-marca-calendario-letivo-de-2026-da-pos-graduacao-em-gestao-da-qualidade-e-seguranca-do-paciente\/","title":{"rendered":"In\u00edcio das aulas marca calend\u00e1rio letivo de 2026 da p\u00f3s-gradua\u00e7\u00e3o em Gest\u00e3o da Qualidade e Seguran\u00e7a do Paciente\u00a0"},"content":{"rendered":"\n<p><em><strong>Curso da Secretaria de Estado da Sa\u00fade (SES-GO) retoma atividades nesta semana e segue com programa\u00e7\u00e3o formativa at\u00e9 setembro de 2026\u00a0<\/strong><\/em><\/p>\n\n\n\n<p>A Secretaria de Estado da Sa\u00fade de Goi\u00e1s (SES-GO) inicia, nesta sexta-feira e s\u00e1bado (6 e 7\/02), o calend\u00e1rio letivo de 2026 do Curso de Especializa\u00e7\u00e3o em Gest\u00e3o da Qualidade e Seguran\u00e7a do Paciente. As atividades presenciais re\u00fanem alunos, docentes e coordena\u00e7\u00e3o, refor\u00e7ando a qualifica\u00e7\u00e3o de profissionais que atuam na rede p\u00fablica de sa\u00fade.&nbsp;<\/p>\n\n\n\n<p>A programa\u00e7\u00e3o ocorre das 8h \u00e0s 18h e integra o m\u00f3dulo Projeto de Interven\u00e7\u00e3o II, voltado \u00e0 implementa\u00e7\u00e3o dos projetos desenvolvidos pelos alunos, com foco no alinhamento metodol\u00f3gico e na aplica\u00e7\u00e3o pr\u00e1tica dos conte\u00fados trabalhados ao longo do curso.&nbsp;<\/p>\n\n\n\n<p>A especializa\u00e7\u00e3o \u00e9 promovida pela SES-GO, por meio da Superintend\u00eancia da Escola de Sa\u00fade de Goi\u00e1s (Sesg), e tem como objetivo fortalecer a cultura da qualidade e da seguran\u00e7a do paciente no Sistema \u00danico de Sa\u00fade (SUS).&nbsp;<\/p>\n\n\n\n<p>Ao longo de 2026, a forma\u00e7\u00e3o seguir\u00e1 com m\u00f3dulos sobre preven\u00e7\u00e3o de infec\u00e7\u00f5es relacionadas \u00e0 assist\u00eancia \u00e0 sa\u00fade, seguran\u00e7a em procedimentos cir\u00fargicos, gest\u00e3o da qualidade e de riscos, qualidade e seguran\u00e7a em urg\u00eancias e terapia intensiva, aten\u00e7\u00e3o materna e neonatal, uso seguro de tecnologias em sa\u00fade, seguran\u00e7a do trabalhador e indicadores de qualidade e acredita\u00e7\u00e3o em sa\u00fade.&nbsp;<\/p>\n\n\n\n<p>A conclus\u00e3o do curso est\u00e1 prevista para setembro de 2026, com apresenta\u00e7\u00e3o dos Projetos de Interven\u00e7\u00e3o e dos Trabalhos de Conclus\u00e3o de Curso.<\/p>\n\n\n\n<p>Isabel Dias \/ Sesg&nbsp;<\/p>\n","protected":false},"excerpt":{"rendered":"<p>Curso da Secretaria de Estado da Sa\u00fade (SES-GO) retoma atividades nesta semana e segue com programa\u00e7\u00e3o formativa at\u00e9 setembro de 2026\u00a0 A Secretaria de Estado da Sa\u00fade de Goi\u00e1s (SES-GO) inicia, nesta sexta-feira e s\u00e1bado (6 e 7\/02), o calend\u00e1rio letivo de 2026 do Curso de Especializa\u00e7\u00e3o em Gest\u00e3o da Qualidade e Seguran\u00e7a do Paciente. [&hellip;]<\/p>\n","protected":false},"author":584,"featured_media":203111,"comment_status":"closed","ping_status":"open","sticky":false,"template":"","format":"standard","meta":{"footnotes":"","_links_to":"","_links_to_target":""},"categories":[3],"tags":[],"class_list":["post-203110","post","type-post","status-publish","format-standard","has-post-thumbnail","hentry","category-noticias"],"rttpg_featured_image_url":{"full":["https:\/\/goias.gov.br\/escoladesaude\/wp-content\/uploads\/sites\/59\/2026\/02\/Sesg-Pos-1024x768-1.jpeg",1024,768,false],"landscape":["https:\/\/goias.gov.br\/escoladesaude\/wp-content\/uploads\/sites\/59\/2026\/02\/Sesg-Pos-1024x768-1.jpeg",1024,768,false],"portraits":["https:\/\/goias.gov.br\/escoladesaude\/wp-content\/uploads\/sites\/59\/2026\/02\/Sesg-Pos-1024x768-1.jpeg",1024,768,false],"thumbnail":["https:\/\/goias.gov.br\/escoladesaude\/wp-content\/uploads\/sites\/59\/2026\/02\/Sesg-Pos-1024x768-1-150x150.jpeg",150,150,true],"medium":["https:\/\/goias.gov.br\/escoladesaude\/wp-content\/uploads\/sites\/59\/2026\/02\/Sesg-Pos-1024x768-1-300x225.jpeg",300,225,true],"large":["https:\/\/goias.gov.br\/escoladesaude\/wp-content\/uploads\/sites\/59\/2026\/02\/Sesg-Pos-1024x768-1.jpeg",1024,768,false],"1536x1536":["https:\/\/goias.gov.br\/escoladesaude\/wp-content\/uploads\/sites\/59\/2026\/02\/Sesg-Pos-1024x768-1.jpeg",1024,768,false],"2048x2048":["https:\/\/goias.gov.br\/escoladesaude\/wp-content\/uploads\/sites\/59\/2026\/02\/Sesg-Pos-1024x768-1.jpeg",1024,768,false]},"rttpg_author":{"display_name":"angelicaabadia","author_link":"https:\/\/goias.gov.br\/escoladesaude\/author\/angelicaabadia\/"},"rttpg_comment":0,"rttpg_category":"<a href=\"https:\/\/goias.gov.br\/escoladesaude\/categoria\/noticias\/\" rel=\"category tag\">Not\u00edcias<\/a>","rttpg_excerpt":"Curso da Secretaria de Estado da Sa\u00fade (SES-GO) retoma atividades nesta semana e segue com programa\u00e7\u00e3o formativa at\u00e9 setembro de 2026\u00a0 A Secretaria de Estado da Sa\u00fade de Goi\u00e1s (SES-GO) inicia, nesta sexta-feira e s\u00e1bado (6 e 7\/02), o calend\u00e1rio letivo de 2026 do Curso de Especializa\u00e7\u00e3o em Gest\u00e3o da Qualidade e Seguran\u00e7a do Paciente.&hellip;","_links":{"self":[{"href":"https:\/\/goias.gov.br\/escoladesaude\/wp-json\/wp\/v2\/posts\/203110","targetHints":{"allow":["GET"]}}],"collection":[{"href":"https:\/\/goias.gov.br\/escoladesaude\/wp-json\/wp\/v2\/posts"}],"about":[{"href":"https:\/\/goias.gov.br\/escoladesaude\/wp-json\/wp\/v2\/types\/post"}],"author":[{"embeddable":true,"href":"https:\/\/goias.gov.br\/escoladesaude\/wp-json\/wp\/v2\/users\/584"}],"replies":[{"embeddable":true,"href":"https:\/\/goias.gov.br\/escoladesaude\/wp-json\/wp\/v2\/comments?post=203110"}],"version-history":[{"count":1,"href":"https:\/\/goias.gov.br\/escoladesaude\/wp-json\/wp\/v2\/posts\/203110\/revisions"}],"predecessor-version":[{"id":203112,"href":"https:\/\/goias.gov.br\/escoladesaude\/wp-json\/wp\/v2\/posts\/203110\/revisions\/203112"}],"wp:featuredmedia":[{"embeddable":true,"href":"https:\/\/goias.gov.br\/escoladesaude\/wp-json\/wp\/v2\/media\/203111"}],"wp:attachment":[{"href":"https:\/\/goias.gov.br\/escoladesaude\/wp-json\/wp\/v2\/media?parent=203110"}],"wp:term":[{"taxonomy":"category","embeddable":true,"href":"https:\/\/goias.gov.br\/escoladesaude\/wp-json\/wp\/v2\/categories?post=203110"},{"taxonomy":"post_tag","embeddable":true,"href":"https:\/\/goias.gov.br\/escoladesaude\/wp-json\/wp\/v2\/tags?post=203110"}],"curies":[{"name":"wp","href":"https:\/\/api.w.org\/{rel}","templated":true}]}}