
{"id":202562,"date":"2025-10-31T10:19:20","date_gmt":"2025-10-31T13:19:20","guid":{"rendered":"https:\/\/goias.gov.br\/escoladesaude\/?p=202562"},"modified":"2025-10-31T10:19:22","modified_gmt":"2025-10-31T13:19:22","slug":"a-relevancia-dos-servidores-publicos-na-sociedade-brasileira-e-tema-de-palestra-na-sesg","status":"publish","type":"post","link":"https:\/\/goias.gov.br\/escoladesaude\/a-relevancia-dos-servidores-publicos-na-sociedade-brasileira-e-tema-de-palestra-na-sesg\/","title":{"rendered":"A relev\u00e2ncia dos servidores p\u00fablicos na sociedade brasileira \u00e9 tema de palestra na SESG"},"content":{"rendered":"\n<p><strong>Comemora\u00e7\u00e3o do Dia do Servidor P\u00fablico reuniu servidores e autoridades da Sa\u00fade de Goi\u00e1s<\/strong><\/p>\n\n\n\n<p>Na manh\u00e3 desta quinta-feira (30), a Superintend\u00eancia da Escola de Sa\u00fade de Goi\u00e1s (SESG) promoveu, em seu audit\u00f3rio, uma solenidade em comemora\u00e7\u00e3o ao Dia do Servidor P\u00fablico. O evento reuniu servidores da \u00e1rea da sa\u00fade, al\u00e9m da superintendente da SESG, Edinalva Rodrigues, da subsecret\u00e1ria de Inova\u00e7\u00e3o, Planejamento e Infraestrutura da Secretaria de Estado da Sa\u00fade de Goi\u00e1s (SES-GO), Ana Carolina Abrah\u00e3o, e do secret\u00e1rio de Estado da Sa\u00fade, Ras\u00edvel Santos.<\/p>\n\n\n\n<p>Durante a abertura, Edinalva Rodrigues destacou o papel transformador da educa\u00e7\u00e3o na gest\u00e3o p\u00fablica. \u201cComo superintendente desta Escola, e acima de tudo como servidora p\u00fablica, sinto orgulho e responsabilidade em representar uma equipe que acredita na educa\u00e7\u00e3o como instrumento de melhoria cont\u00ednua e de fortalecimento das pr\u00e1ticas em sa\u00fade\u201d, afirmou.<\/p>\n\n\n\n<p>O secret\u00e1rio Ras\u00edvel Santos ressaltou a import\u00e2ncia dos servidores para o funcionamento do Estado. \u201cS\u00e3o os servidores p\u00fablicos a for\u00e7a motriz do Estado. \u00c9 por meio deles que as pol\u00edticas de sa\u00fade chegam a cada canto de Goi\u00e1s. Gra\u00e7as ao compromisso e \u00e0 dedica\u00e7\u00e3o de cada servidor, conseguimos entregar os resultados que a popula\u00e7\u00e3o precisa\u201d, destacou.<\/p>\n\n\n\n<p>A programa\u00e7\u00e3o contou ainda com a palestra intitulada \u201cPapel e Relev\u00e2ncia dos Servidores P\u00fablicos na Sociedade Brasileira\u201d, ministrada pela servidora p\u00fablica federal Gabriela Lotta. Na ocasi\u00e3o, ela abordou o papel dos servidores na constru\u00e7\u00e3o do Estado brasileiro, na oferta de servi\u00e7os p\u00fablicos e os desafios que se imp\u00f5em ao futuro do servi\u00e7o p\u00fablico no pa\u00eds.<\/p>\n\n\n\n<p><em>Isabel Dias<\/em> &#8211; SESG<\/p>\n","protected":false},"excerpt":{"rendered":"<p>Comemora\u00e7\u00e3o do Dia do Servidor P\u00fablico reuniu servidores e autoridades da Sa\u00fade de Goi\u00e1s Na manh\u00e3 desta quinta-feira (30), a Superintend\u00eancia da Escola de Sa\u00fade de Goi\u00e1s (SESG) promoveu, em seu audit\u00f3rio, uma solenidade em comemora\u00e7\u00e3o ao Dia do Servidor P\u00fablico. O evento reuniu servidores da \u00e1rea da sa\u00fade, al\u00e9m da superintendente da SESG, Edinalva [&hellip;]<\/p>\n","protected":false},"author":584,"featured_media":202563,"comment_status":"closed","ping_status":"open","sticky":false,"template":"","format":"standard","meta":{"footnotes":"","_links_to":"","_links_to_target":""},"categories":[3],"tags":[],"class_list":["post-202562","post","type-post","status-publish","format-standard","has-post-thumbnail","hentry","category-noticias"],"rttpg_featured_image_url":{"full":["https:\/\/goias.gov.br\/escoladesaude\/wp-content\/uploads\/sites\/59\/2025\/10\/TELAO-SESG.jpg",1920,1080,false],"landscape":["https:\/\/goias.gov.br\/escoladesaude\/wp-content\/uploads\/sites\/59\/2025\/10\/TELAO-SESG.jpg",1920,1080,false],"portraits":["https:\/\/goias.gov.br\/escoladesaude\/wp-content\/uploads\/sites\/59\/2025\/10\/TELAO-SESG.jpg",1920,1080,false],"thumbnail":["https:\/\/goias.gov.br\/escoladesaude\/wp-content\/uploads\/sites\/59\/2025\/10\/TELAO-SESG-150x150.jpg",150,150,true],"medium":["https:\/\/goias.gov.br\/escoladesaude\/wp-content\/uploads\/sites\/59\/2025\/10\/TELAO-SESG-300x169.jpg",300,169,true],"large":["https:\/\/goias.gov.br\/escoladesaude\/wp-content\/uploads\/sites\/59\/2025\/10\/TELAO-SESG-1024x576.jpg",1024,576,true],"1536x1536":["https:\/\/goias.gov.br\/escoladesaude\/wp-content\/uploads\/sites\/59\/2025\/10\/TELAO-SESG-1536x864.jpg",1536,864,true],"2048x2048":["https:\/\/goias.gov.br\/escoladesaude\/wp-content\/uploads\/sites\/59\/2025\/10\/TELAO-SESG.jpg",1920,1080,false]},"rttpg_author":{"display_name":"angelicaabadia","author_link":"https:\/\/goias.gov.br\/escoladesaude\/author\/angelicaabadia\/"},"rttpg_comment":0,"rttpg_category":"<a href=\"https:\/\/goias.gov.br\/escoladesaude\/categoria\/noticias\/\" rel=\"category tag\">Not\u00edcias<\/a>","rttpg_excerpt":"Comemora\u00e7\u00e3o do Dia do Servidor P\u00fablico reuniu servidores e autoridades da Sa\u00fade de Goi\u00e1s Na manh\u00e3 desta quinta-feira (30), a Superintend\u00eancia da Escola de Sa\u00fade de Goi\u00e1s (SESG) promoveu, em seu audit\u00f3rio, uma solenidade em comemora\u00e7\u00e3o ao Dia do Servidor P\u00fablico. O evento reuniu servidores da \u00e1rea da sa\u00fade, al\u00e9m da superintendente da SESG, Edinalva&hellip;","_links":{"self":[{"href":"https:\/\/goias.gov.br\/escoladesaude\/wp-json\/wp\/v2\/posts\/202562","targetHints":{"allow":["GET"]}}],"collection":[{"href":"https:\/\/goias.gov.br\/escoladesaude\/wp-json\/wp\/v2\/posts"}],"about":[{"href":"https:\/\/goias.gov.br\/escoladesaude\/wp-json\/wp\/v2\/types\/post"}],"author":[{"embeddable":true,"href":"https:\/\/goias.gov.br\/escoladesaude\/wp-json\/wp\/v2\/users\/584"}],"replies":[{"embeddable":true,"href":"https:\/\/goias.gov.br\/escoladesaude\/wp-json\/wp\/v2\/comments?post=202562"}],"version-history":[{"count":1,"href":"https:\/\/goias.gov.br\/escoladesaude\/wp-json\/wp\/v2\/posts\/202562\/revisions"}],"predecessor-version":[{"id":202564,"href":"https:\/\/goias.gov.br\/escoladesaude\/wp-json\/wp\/v2\/posts\/202562\/revisions\/202564"}],"wp:featuredmedia":[{"embeddable":true,"href":"https:\/\/goias.gov.br\/escoladesaude\/wp-json\/wp\/v2\/media\/202563"}],"wp:attachment":[{"href":"https:\/\/goias.gov.br\/escoladesaude\/wp-json\/wp\/v2\/media?parent=202562"}],"wp:term":[{"taxonomy":"category","embeddable":true,"href":"https:\/\/goias.gov.br\/escoladesaude\/wp-json\/wp\/v2\/categories?post=202562"},{"taxonomy":"post_tag","embeddable":true,"href":"https:\/\/goias.gov.br\/escoladesaude\/wp-json\/wp\/v2\/tags?post=202562"}],"curies":[{"name":"wp","href":"https:\/\/api.w.org\/{rel}","templated":true}]}}