
{"id":202345,"date":"2025-10-21T10:48:02","date_gmt":"2025-10-21T13:48:02","guid":{"rendered":"https:\/\/goias.gov.br\/escoladesaude\/?p=202345"},"modified":"2025-12-02T08:16:08","modified_gmt":"2025-12-02T11:16:08","slug":"edital-035-2025","status":"publish","type":"post","link":"https:\/\/goias.gov.br\/escoladesaude\/edital-035-2025\/","title":{"rendered":"Edital n.\u00ba 035\/2025 &#8211; Chamada P\u00fablica para distribui\u00e7\u00e3o de vagas de est\u00e1gio curricular obrigat\u00f3rio nos campos de pr\u00e1tica da SES-GO para o ano de 2026"},"content":{"rendered":"\n<p><a href=\"https:\/\/goias.gov.br\/escoladesaude\/wp-content\/uploads\/sites\/59\/2025\/10\/edital_035_2025.pdf\" target=\"_blank\" rel=\"noreferrer noopener\">Edital n.\u00ba 035\/2025<\/a> &#8211; 21\/10\/2025<br><a href=\"https:\/\/goias.gov.br\/escoladesaude\/wp-content\/uploads\/sites\/59\/2025\/10\/anexoI_035_2025.pdf\" data-type=\"link\" data-id=\"https:\/\/goias.gov.br\/escoladesaude\/wp-content\/uploads\/sites\/59\/2025\/10\/anexoI_035_2025.pdf\" target=\"_blank\" rel=\"noreferrer noopener\">Anexo I<\/a> &#8211; Crit\u00e9rios para distribui\u00e7\u00e3o de vagas de est\u00e1gio curricular obrigat\u00f3rio &#8211; 21\/10\/2025<br><a href=\"https:\/\/goias.gov.br\/escoladesaude\/wp-content\/uploads\/sites\/59\/2025\/10\/anexoII_035_2025.pdf\" target=\"_blank\" rel=\"noreferrer noopener\">Anexo II<\/a> &#8211; Quantidade de vagas mensais de est\u00e1gio por curso &#8211; 21\/10\/2025<br><a href=\"https:\/\/goias.gov.br\/escoladesaude\/wp-content\/uploads\/sites\/59\/2025\/10\/anexoIII_035_2025.pdf\" target=\"_blank\" rel=\"noreferrer noopener\">Anexo III<\/a> &#8211; Consolidado de vagas &#8211; 21\/10\/2025<br><a href=\"https:\/\/goias.gov.br\/escoladesaude\/wp-content\/uploads\/sites\/59\/2025\/10\/resultado_preliminar_035_2025.pdf\" target=\"_blank\" rel=\"noreferrer noopener\">Resultado de Ranqueamento<\/a> &#8211; 31\/10\/2025<br><a href=\"https:\/\/goias.gov.br\/escoladesaude\/wp-content\/uploads\/sites\/59\/2025\/11\/adiamento_resultado_035_2025.pdf\" target=\"_blank\" rel=\"noreferrer noopener\">Adiantamento da Publica\u00e7\u00e3o do Resultado Final<\/a> &#8211; 07\/11\/2025<br><a href=\"https:\/\/goias.gov.br\/escoladesaude\/wp-content\/uploads\/sites\/59\/2025\/11\/resultado_final_ranqueamento_tecnicos_edital_035_2025.pdf\" target=\"_blank\" rel=\"noreferrer noopener\">Resultado Final de Ranqueamento &#8211; T\u00e9cnicos<\/a> &#8211; 17\/11\/2025<br><a href=\"https:\/\/goias.gov.br\/escoladesaude\/wp-content\/uploads\/sites\/59\/2025\/11\/resultado_final_ranqueamento_graduacao_edital_035_2025.pdf\" target=\"_blank\" rel=\"noreferrer noopener\">Resultado Final de Ranqueamento &#8211; Gradua\u00e7\u00e3o<\/a> &#8211; 17\/11\/2025<br><a href=\"https:\/\/goias.gov.br\/escoladesaude\/wp-content\/uploads\/sites\/59\/2025\/11\/resultado_final_ranqueamento_medicina_edital_035_2025.pdf\" target=\"_blank\" rel=\"noreferrer noopener\">Resultado Final de Ranqueamento &#8211; Medicina<\/a> &#8211; 17\/11\/2025<br><a href=\"https:\/\/goias.gov.br\/escoladesaude\/wp-content\/uploads\/sites\/59\/2025\/11\/resultado_final_complementar_ranqueamento_medicina_edital_035_2025.pdf\" target=\"_blank\" rel=\"noreferrer noopener\">Resultado Final Complementar de Ranqueamento &#8211; Medicina<\/a> &#8211; 19\/11\/2025<br><a href=\"https:\/\/goias.gov.br\/escoladesaude\/wp-content\/uploads\/sites\/59\/2025\/11\/Resultado-Preliminar-da-Distribuicao-dre-Vagas-de-Estagio-Cursos-Tecnicos.pdf\" target=\"_blank\" rel=\"noreferrer noopener\">Resultado Preliminar da Distribui\u00e7\u00e3o de Vagas de Est\u00e1gio &#8211; T\u00e9cnicos<\/a> &#8211; 26\/11\/2025<br><a href=\"https:\/\/goias.gov.br\/escoladesaude\/wp-content\/uploads\/sites\/59\/2025\/11\/Resultado-Preliminar-da-Distribuicao-de-Vagas-de-Estagio-Medicina.pdf\" target=\"_blank\" rel=\"noreferrer noopener\">Resultado Preliminar da Distribui\u00e7\u00e3o de Vagas de Est\u00e1gio &#8211; Medicina<\/a> &#8211; 26\/11\/2025<br><a href=\"https:\/\/goias.gov.br\/escoladesaude\/wp-content\/uploads\/sites\/59\/2025\/11\/Resultado-Preliminar-da-Distribuicao-de-Vagas-de-Estagio-Graduacao.pdf\" target=\"_blank\" rel=\"noreferrer noopener\">Resultado Preliminar da Distribui\u00e7\u00e3o de Vagas de Est\u00e1gio &#8211; Gradua\u00e7\u00e3o<\/a> &#8211; 26\/11\/2025<br><a href=\"https:\/\/goias.gov.br\/escoladesaude\/wp-content\/uploads\/sites\/59\/2025\/12\/resultado_final_distribuicao_vagas_tecnicos.pdf\" target=\"_blank\" rel=\"noreferrer noopener\">Resultado Final da Distribui\u00e7\u00e3o de Vagas de Est\u00e1gio \u2013 T\u00e9cnicos<\/a> &#8211; 02\/12\/2025<br><a href=\"https:\/\/goias.gov.br\/escoladesaude\/wp-content\/uploads\/sites\/59\/2025\/12\/resultado_final_distribuicao_vagas_medicina.pdf\" target=\"_blank\" rel=\"noreferrer noopener\">Resultado Final da Distribui\u00e7\u00e3o de Vagas de Est\u00e1gio \u2013 Medicina<\/a> &#8211; 02\/12\/2025<br><a href=\"https:\/\/goias.gov.br\/escoladesaude\/wp-content\/uploads\/sites\/59\/2025\/12\/resultado_final_distribuicao_vagas_graduacao.pdf\" target=\"_blank\" rel=\"noreferrer noopener\">Resultado Final da Distribui\u00e7\u00e3o de Vagas de Est\u00e1gio \u2013 Gradua\u00e7\u00e3o<\/a> &#8211; 02\/12\/2025<\/p>\n","protected":false},"excerpt":{"rendered":"<p>Edital n.\u00ba 035\/2025 &#8211; 21\/10\/2025Anexo I &#8211; Crit\u00e9rios para distribui\u00e7\u00e3o de vagas de est\u00e1gio curricular obrigat\u00f3rio &#8211; 21\/10\/2025Anexo II &#8211; Quantidade de vagas mensais de est\u00e1gio por curso &#8211; 21\/10\/2025Anexo III &#8211; Consolidado de vagas &#8211; 21\/10\/2025Resultado de Ranqueamento &#8211; 31\/10\/2025Adiantamento da Publica\u00e7\u00e3o do Resultado Final &#8211; 07\/11\/2025Resultado Final de Ranqueamento &#8211; T\u00e9cnicos &#8211; 17\/11\/2025Resultado [&hellip;]<\/p>\n","protected":false},"author":643,"featured_media":0,"comment_status":"closed","ping_status":"open","sticky":false,"template":"","format":"standard","meta":{"footnotes":"","_links_to":"","_links_to_target":""},"categories":[146],"tags":[],"class_list":["post-202345","post","type-post","status-publish","format-standard","hentry","category-editais-2025"],"rttpg_featured_image_url":null,"rttpg_author":{"display_name":"osmararaujo","author_link":"https:\/\/goias.gov.br\/escoladesaude\/author\/osmararaujo\/"},"rttpg_comment":0,"rttpg_category":"<a href=\"https:\/\/goias.gov.br\/escoladesaude\/categoria\/editais-2025\/\" rel=\"category tag\">Editais 2025<\/a>","rttpg_excerpt":"Edital n.\u00ba 035\/2025 &#8211; 21\/10\/2025Anexo I &#8211; Crit\u00e9rios para distribui\u00e7\u00e3o de vagas de est\u00e1gio curricular obrigat\u00f3rio &#8211; 21\/10\/2025Anexo II &#8211; Quantidade de vagas mensais de est\u00e1gio por curso &#8211; 21\/10\/2025Anexo III &#8211; Consolidado de vagas &#8211; 21\/10\/2025Resultado de Ranqueamento &#8211; 31\/10\/2025Adiantamento da Publica\u00e7\u00e3o do Resultado Final &#8211; 07\/11\/2025Resultado Final de Ranqueamento &#8211; T\u00e9cnicos &#8211; 17\/11\/2025Resultado&hellip;","_links":{"self":[{"href":"https:\/\/goias.gov.br\/escoladesaude\/wp-json\/wp\/v2\/posts\/202345","targetHints":{"allow":["GET"]}}],"collection":[{"href":"https:\/\/goias.gov.br\/escoladesaude\/wp-json\/wp\/v2\/posts"}],"about":[{"href":"https:\/\/goias.gov.br\/escoladesaude\/wp-json\/wp\/v2\/types\/post"}],"author":[{"embeddable":true,"href":"https:\/\/goias.gov.br\/escoladesaude\/wp-json\/wp\/v2\/users\/643"}],"replies":[{"embeddable":true,"href":"https:\/\/goias.gov.br\/escoladesaude\/wp-json\/wp\/v2\/comments?post=202345"}],"version-history":[{"count":2,"href":"https:\/\/goias.gov.br\/escoladesaude\/wp-json\/wp\/v2\/posts\/202345\/revisions"}],"predecessor-version":[{"id":202822,"href":"https:\/\/goias.gov.br\/escoladesaude\/wp-json\/wp\/v2\/posts\/202345\/revisions\/202822"}],"wp:attachment":[{"href":"https:\/\/goias.gov.br\/escoladesaude\/wp-json\/wp\/v2\/media?parent=202345"}],"wp:term":[{"taxonomy":"category","embeddable":true,"href":"https:\/\/goias.gov.br\/escoladesaude\/wp-json\/wp\/v2\/categories?post=202345"},{"taxonomy":"post_tag","embeddable":true,"href":"https:\/\/goias.gov.br\/escoladesaude\/wp-json\/wp\/v2\/tags?post=202345"}],"curies":[{"name":"wp","href":"https:\/\/api.w.org\/{rel}","templated":true}]}}